{"id":14858,"date":"2025-09-12T13:05:41","date_gmt":"2025-09-12T11:05:41","guid":{"rendered":"https:\/\/www.journee-mondiale.com\/es\/el-color-vino-que-esta-rejuveneciendo-mis-ojos-marrones-este-otono-y-por-que-todas-lo-probaran-en-2025\/"},"modified":"2025-09-12T13:05:41","modified_gmt":"2025-09-12T11:05:41","slug":"el-color-vino-que-esta-rejuveneciendo-mis-ojos-marrones-este-otono-y-por-que-todas-lo-probaran-en-2025","status":"publish","type":"post","link":"https:\/\/www.journee-mondiale.com\/es\/el-color-vino-que-esta-rejuveneciendo-mis-ojos-marrones-este-otono-y-por-que-todas-lo-probaran-en-2025\/","title":{"rendered":"El color vino que est\u00e1 rejuveneciendo mis ojos marrones este oto\u00f1o (y por qu\u00e9 todas lo probar\u00e1n en 2025)"},"content":{"rendered":"<p>Septiembre trae consigo esa renovaci\u00f3n que todos buscamos en nuestro estilo. Este oto\u00f1o 2025, una tendencia ha cautivado tanto a maquilladores profesionales como a amantes del maquillaje cotidiano: <strong>la sombra color vino<\/strong> que no solo realza los ojos marrones, sino que adem\u00e1s tiene un sorprendente efecto rejuvenecedor. Este tono, que forma parte del \u00abmocha mousse\u00bb declarado por Pantone como color del a\u00f1o, se ha convertido en el secreto mejor guardado para quitar a\u00f1os de encima con un simple toque en la mirada.<\/p>\n<h2>El poder rejuvenecedor del tono vino en tu mirada<\/h2>\n<p>Cuando pensamos en rejuvenecer, raramente consideramos que un color de sombra pueda marcar tal diferencia. Sin embargo, <strong>los tonos vinosos<\/strong> aportan esa calidez y profundidad que inmediatamente ilumina el rostro y disimula signos de fatiga. \u00abEl color vino es uno de los mejores para aportar frescura a los ojos marrones, rejuveneciendo el rostro de forma sutil pero efectiva\u00bb, explica Daniel Garc\u00eda, maquillador profesional en REVIDERM Espa\u00f1a.<\/p>\n<h2>Por qu\u00e9 funciona tan bien con ojos marrones<\/h2>\n<p>Los ojos marrones y las sombras color vino son como dos bailarines perfectamente sincronizados. Este efecto no es casualidad: <strong>la teor\u00eda del color<\/strong> nos ense\u00f1a que los tonos complementarios se potencian entre s\u00ed. \u00abLos tonos vino, burdeos y cobrizos resaltan maravillosamente los ojos marrones, haciendo que brillen y parezcan m\u00e1s grandes\u00bb, confirma la Dra. Luc\u00eda Fern\u00e1ndez, especialista en est\u00e9tica facial del Centro M\u00e9dico Preciados de Madrid.<\/p>\n<blockquote><p>\u00abLa clave est\u00e1 en aplicar los tonos de vino con naturalidad, mezcl\u00e1ndolos con rosa para un efecto menos sofisticado y m\u00e1s favorecedor\u00bb<\/p><\/blockquote>\n<h2>C\u00f3mo aplicarlo para un efecto natural que quite a\u00f1os<\/h2>\n<p>Lo que convierte a esta tendencia en verdaderamente accesible es que no requiere habilidades profesionales. <strong>La t\u00e9cnica de difuminado<\/strong> es esencial para conseguir ese efecto natural. Comienza aplicando:<\/p>\n<ul>\n<li>Una base de tono claro en todo el p\u00e1rpado<\/li>\n<li>El tono vino en el p\u00e1rpado m\u00f3vil, difuminando hacia arriba<\/li>\n<li>Un toque de iluminador en el lagrimal<\/li>\n<\/ul>\n<p>Para un <strong>look oto\u00f1al perfecto<\/strong>, complementa con un delineado fino en negro o marr\u00f3n y finaliza con m\u00e1scara de pesta\u00f1as negra. Este conjunto crea un efecto lifting inmediato, como me coment\u00f3 una clienta de 45 a\u00f1os: \u00abEs como si hubiera descansado 8 horas m\u00e1s, mi mirada parece m\u00e1s despierta y joven\u00bb.<\/p>\n<h2>Productos asequibles para conseguir el look<\/h2>\n<p>No hace falta invertir una fortuna para subirse a esta tendencia. Las <strong>sombras en crema<\/strong> disponibles en Mercadona se han vuelto virales precisamente por su f\u00e1cil aplicaci\u00f3n y efecto iluminador. La Max Factor \u00abMasterpiece Nude Palette\u00bb tambi\u00e9n incluye tonos tierra y vino perfectos para este look. Combina este maquillaje con <a href=\"https:\/\/www.journee-mondiale.com\/es\/el-corte-pixie-con-rapado-discreto-que-reduce-el-calor-un-60-y-rejuvenece-8-anos-en-5-minutos\/\" target=\"_blank\">un corte pixie rejuvenecedor<\/a> para un cambio total este oto\u00f1o.<\/p>\n<h2>Del d\u00eda a la noche: versiones para cada momento<\/h2>\n<p>La versatilidad es otra raz\u00f3n del \u00e9xito de esta tendencia. Para el d\u00eda, opta por <strong>acabados satinados<\/strong> y aplicaciones ligeras. Para la noche, puedes intensificar con <a href=\"https:\/\/www.journee-mondiale.com\/es\/el-doble-delineado-que-esta-transformando-mi-mirada-este-otono-y-por-que-todas-lo-probaran-en-2025\/\" target=\"_blank\">un doble delineado<\/a> y sombras metalizadas que a\u00f1aden dimensi\u00f3n.<\/p>\n<h2>Complementos perfectos para potenciar el look<\/h2>\n<p>Si quieres maximizar el efecto rejuvenecedor, complementa tus ojos con <a href=\"https:\/\/www.journee-mondiale.com\/es\/probe-el-strobing-este-otono-y-mi-rostro-luce-5-anos-mas-joven-la-tecnica-de-iluminacion-que-esta-sustituyendo-al-contouring-en-2025\/\" target=\"_blank\">t\u00e9cnicas de strobing<\/a> que iluminar\u00e1n estrat\u00e9gicamente puntos clave del rostro. Para un <strong>look oto\u00f1al completo<\/strong>, a\u00f1ade <a href=\"https:\/\/www.journee-mondiale.com\/es\/el-unico-accesorio-que-transformo-mi-look-otonal-sin-comprar-ropa-nueva-mi-descubrimiento-de-2025\/\" target=\"_blank\">un accesorio que transforme tu estilo<\/a> o atr\u00e9vete con <a href=\"https:\/\/www.journee-mondiale.com\/es\/los-zapatos-metalizados-que-me-convencieron-a-los-40-mi-descubrimiento-otonal-tras-7-anos-evitando-los-brillos\/\" target=\"_blank\">zapatos metalizados<\/a> que armonicen con tu maquillaje.<\/p>\n<h2>\u00bfLista para transformar tu mirada este oto\u00f1o?<\/h2>\n<p>La sombra color vino no es solo una tendencia pasajera, sino una herramienta de belleza que realmente funciona para realzar y rejuvenecer la mirada. Como dice el maquillador profesional Alberto Moreno: \u00abEl vino en los ojos es como un buen vino en la mesa: mejora con cada hora que pasa\u00bb. Atr\u00e9vete a probar esta tendencia que est\u00e1 conquistando el oto\u00f1o 2025 y descubre c\u00f3mo un simple tono puede transformar completamente tu imagen.<\/p>\n","protected":false},"excerpt":{"rendered":"<p>Septiembre trae consigo esa renovaci\u00f3n que todos buscamos en nuestro estilo. Este oto\u00f1o 2025, una tendencia ha cautivado tanto a maquilladores profesionales como a amantes del maquillaje cotidiano: la sombra color vino que no solo realza los ojos marrones, sino que adem\u00e1s tiene un sorprendente efecto rejuvenecedor. Este tono, que forma parte del \u00abmocha mousse\u00bb &#8230; <a title=\"El color vino que est\u00e1 rejuveneciendo mis ojos marrones este oto\u00f1o (y por qu\u00e9 todas lo probar\u00e1n en 2025)\" class=\"read-more\" href=\"https:\/\/www.journee-mondiale.com\/es\/el-color-vino-que-esta-rejuveneciendo-mis-ojos-marrones-este-otono-y-por-que-todas-lo-probaran-en-2025\/\" aria-label=\"Leer m\u00e1s sobre El color vino que est\u00e1 rejuveneciendo mis ojos marrones este oto\u00f1o (y por qu\u00e9 todas lo probar\u00e1n en 2025)\">Lire plus<\/a><\/p>\n","protected":false},"author":1,"featured_media":14857,"comment_status":"","ping_status":"","sticky":false,"template":"","format":"standard","meta":{"footnotes":""},"categories":[48],"tags":[],"class_list":["post-14858","post","type-post","status-publish","format-standard","has-post-thumbnail","hentry","category-estilo-de-vida"],"acf":[],"_yoast_wpseo_primary_category":null,"_yoast_wpseo_title":null,"_yoast_wpseo_metadesc":null,"_links":{"self":[{"href":"https:\/\/www.journee-mondiale.com\/es\/wp-json\/wp\/v2\/posts\/14858","targetHints":{"allow":["GET"]}}],"collection":[{"href":"https:\/\/www.journee-mondiale.com\/es\/wp-json\/wp\/v2\/posts"}],"about":[{"href":"https:\/\/www.journee-mondiale.com\/es\/wp-json\/wp\/v2\/types\/post"}],"author":[{"embeddable":true,"href":"https:\/\/www.journee-mondiale.com\/es\/wp-json\/wp\/v2\/users\/1"}],"replies":[{"embeddable":true,"href":"https:\/\/www.journee-mondiale.com\/es\/wp-json\/wp\/v2\/comments?post=14858"}],"version-history":[{"count":0,"href":"https:\/\/www.journee-mondiale.com\/es\/wp-json\/wp\/v2\/posts\/14858\/revisions"}],"wp:featuredmedia":[{"embeddable":true,"href":"https:\/\/www.journee-mondiale.com\/es\/wp-json\/wp\/v2\/media\/14857"}],"wp:attachment":[{"href":"https:\/\/www.journee-mondiale.com\/es\/wp-json\/wp\/v2\/media?parent=14858"}],"wp:term":[{"taxonomy":"category","embeddable":true,"href":"https:\/\/www.journee-mondiale.com\/es\/wp-json\/wp\/v2\/categories?post=14858"},{"taxonomy":"post_tag","embeddable":true,"href":"https:\/\/www.journee-mondiale.com\/es\/wp-json\/wp\/v2\/tags?post=14858"}],"curies":[{"name":"wp","href":"https:\/\/api.w.org\/{rel}","templated":true}]}}