{"id":14856,"date":"2025-09-12T11:05:46","date_gmt":"2025-09-12T09:05:46","guid":{"rendered":"https:\/\/www.journee-mondiale.com\/es\/peras-doradas-el-truco-que-transforma-tu-ensalada-de-rucula-y-queso-azul-en-3-minutos\/"},"modified":"2025-09-12T11:05:46","modified_gmt":"2025-09-12T09:05:46","slug":"peras-doradas-el-truco-que-transforma-tu-ensalada-de-rucula-y-queso-azul-en-3-minutos","status":"publish","type":"post","link":"https:\/\/www.journee-mondiale.com\/es\/peras-doradas-el-truco-que-transforma-tu-ensalada-de-rucula-y-queso-azul-en-3-minutos\/","title":{"rendered":"Peras doradas: el truco que transforma tu ensalada de r\u00facula y queso azul en 3 minutos"},"content":{"rendered":"<p>A\u00fan recuerdo la primera vez que prob\u00e9 esta ensalada en un peque\u00f1o restaurante familiar en el norte de Espa\u00f1a. La propietaria, una se\u00f1ora de casi 80 a\u00f1os, se acerc\u00f3 a nuestra mesa para explicarnos que la receta llevaba generaciones en su familia. \u00abEl secreto\u00bb, me susurr\u00f3, \u00abest\u00e1 en dorar ligeramente las peras en mantequilla antes de incorporarlas\u00bb. Ese sencillo paso transform\u00f3 completamente mi perspectiva sobre esta ensalada cl\u00e1sica que hoy comparto con vosotros. \ud83c\udf50<\/p>\n<h2>La magia de la ensalada de r\u00facula, pera y queso azul \ud83c\udf3f<\/h2>\n<p>Esta combinaci\u00f3n representa la perfecci\u00f3n del equilibrio culinario: la r\u00facula aporta un amargor elegante, las peras dulzura jugosa, y el queso azul una intensidad cremosa que unifica todos los sabores. Aunque parece una creaci\u00f3n contempor\u00e1nea, sus ra\u00edces se remontan a la cocina campesina mediterr\u00e1nea, donde las abuelas aprovechaban la cosecha oto\u00f1al de peras maduras para crear contrastes con quesos curados de la regi\u00f3n.<\/p>\n<p>Si buscas otra receta espa\u00f1ola tradicional despu\u00e9s de disfrutar esta ensalada, no hay mejor continuaci\u00f3n que <a href=\"https:\/\/www.journee-mondiale.com\/es\/tarta-de-la-abuela-el-postre-espanol-que-conquista-en-30-minutos-sin-horno\/\">la Tarta de la Abuela<\/a>, un postre espa\u00f1ol que se prepara en apenas 30 minutos sin necesidad de horno.<\/p>\n<h2>Ingredientes esenciales (para 4 comensales) \ud83d\udccb<\/h2>\n<ul>\n<li>200 gramos de r\u00facula fresca y tierna<\/li>\n<li>2 peras conferencia maduras pero firmes<\/li>\n<li>80-100 gramos de queso azul (Cabrales, Roquefort o Gorgonzola)<\/li>\n<li>50 gramos de nueces peladas<\/li>\n<li>1 cucharada de mantequilla sin sal<\/li>\n<li>3 cucharadas de aceite de oliva virgen extra<\/li>\n<li>1 cucharada de vinagre bals\u00e1mico envejecido<\/li>\n<li>1 cucharadita de miel pura<\/li>\n<li>Sal marina y pimienta negra reci\u00e9n molida<\/li>\n<\/ul>\n<h2>El arte de la preparaci\u00f3n \ud83d\udc68\u200d\ud83c\udf73<\/h2>\n<ol>\n<li>Lava meticulosamente la r\u00facula bajo agua fr\u00eda y s\u00e9cala con cuidado usando papel absorbente o una centrifugadora de ensaladas. Las hojas h\u00famedas se marchitan r\u00e1pidamente, as\u00ed que este paso es crucial.<\/li>\n<li>Pela las peras manteniendo un poco su forma natural. Retira el coraz\u00f3n y c\u00f3rtalas en l\u00e1minas finas de aproximadamente 3-4 mm. No las cortes con demasiada anticipaci\u00f3n para evitar oxidaci\u00f3n.<\/li>\n<li>En una sart\u00e9n peque\u00f1a, derrite la mantequilla a fuego medio-bajo. Cuando empiece a burbujear ligeramente (pero sin dorarse), a\u00f1ade las l\u00e1minas de pera y coc\u00ednalas durante 2-3 minutos por cada lado hasta que adquieran un tono dorado ligero. Retira y reserva.<\/li>\n<li>Para la vinagreta, coloca en un cuenco peque\u00f1o el vinagre bals\u00e1mico, la miel, una pizca de sal y pimienta. Mezcla bien con un tenedor o peque\u00f1o batidor de mano. Incorpora el aceite de oliva en un hilo fino mientras bates en\u00e9rgicamente hasta conseguir una emulsi\u00f3n.<\/li>\n<li>En una ensaladera amplia, disp\u00f3n la r\u00facula como base. Distribuye art\u00edsticamente las peras tibias y desmenuza el queso azul con los dedos en trozos irregulares por toda la superficie.<\/li>\n<li>Esparce las nueces, preferiblemente ligeramente tostadas para intensificar su sabor y aroma.<\/li>\n<li>Justo antes de servir, roc\u00eda la vinagreta por toda la ensalada y mezcla con delicadeza para no aplastar los ingredientes.<\/li>\n<\/ol>\n<blockquote>\n<p><strong>Nota del Chef:<\/strong> El calor residual de las peras reci\u00e9n doradas crea un efecto m\u00e1gico al entrar en contacto con el queso azul, provocando que comience a derretirse ligeramente, creando una textura cremosa que se distribuye sutilmente por toda la ensalada. Es uno de esos peque\u00f1os detalles t\u00e9cnicos que marcan la diferencia entre una ensalada correcta y una extraordinaria.<\/p>\n<\/blockquote>\n<h2>Secretos de chef para elevar esta ensalada \ud83e\udd2b<\/h2>\n<p>A diferencia de la precisi\u00f3n necesaria para preparar <a href=\"https:\/\/www.journee-mondiale.com\/es\/huevos-rellenos-espanoles-9-pasos-para-lograr-cremosidad-irresistible-en-30-minutos\/\">huevos rellenos espa\u00f1oles<\/a>, esta ensalada permite cierta flexibilidad. Si no encuentras r\u00facula, puedes sustituirla por can\u00f3nigos o espinaca baby, aunque perder\u00e1s ese caracter\u00edstico picor que equilibra tan bien la dulzura de la pera.<\/p>\n<p>Para las nueces, dedica un minuto extra a tostarlas ligeramente en una sart\u00e9n seca. Esto libera sus aceites esenciales y les confiere un aroma que elevar\u00e1 toda la ensalada. Vig\u00edlalas constantemente, ya que pueden quemarse en cuesti\u00f3n de segundos.<\/p>\n<p>El queso debe estar a temperatura ambiente al menos 30 minutos antes de incorporarlo. Si est\u00e1 demasiado fr\u00edo, su sabor quedar\u00e1 \u00abcerrado\u00bb y no se integrar\u00e1 adecuadamente con el resto de ingredientes.<\/p>\n<h2>Maridajes y presentaci\u00f3n \ud83c\udf77<\/h2>\n<p>Esta ensalada funciona maravillosamente como entrante elegante o como acompa\u00f1amiento para platos principales m\u00e1s contundentes. Si buscas una combinaci\u00f3n perfecta, pru\u00e9bala junto a una <a href=\"https:\/\/www.journee-mondiale.com\/es\/pasta-aglio-e-olio-el-plato-italiano-que-conquista-paladares-con-solo-2-ingredientes-en-10-minutos\/\">pasta Aglio e Olio<\/a>, cuya sencillez y equilibrio complementan perfectamente esta ensalada.<\/p>\n<p>Para el maridaje, un vino blanco seco como un Albari\u00f1o gallego o un Verdejo de Rueda acompa\u00f1a perfectamente. Si prefieres tintos, opta por uno joven y afrutado que no compita con la intensidad del queso azul.<\/p>\n<p>Presenta la ensalada en platos individuales fr\u00edos, disponiendo las peras en abanico y reservando algunas nueces enteras para decorar por encima. Una \u00faltima vuelta de molinillo de pimienta fresca justo antes de servir despertar\u00e1 todos los aromas.<\/p>\n<h2>Inspiraciones y variaciones culturales \ud83c\udf0d<\/h2>\n<p>En mi viaje por Corea del Sur, descubr\u00ed que les encanta incorporar frutas en platos salados, similar a lo que hacemos en esta ensalada. All\u00ed preparan el famoso <a href=\"https:\/\/www.journee-mondiale.com\/es\/kimchi-bokkeumbap-el-arroz-frito-coreano-que-transforma-sobras-en-un-festin-picante-en-20-minutos\/\">Kimchi Bokkeumbap<\/a>, un arroz frito donde el contraste de sabores tambi\u00e9n juega un papel protagonista.<\/p>\n<p>Para un toque franc\u00e9s, prueba a sustituir la miel en la vinagreta por un poco de <a href=\"https:\/\/www.journee-mondiale.com\/es\/crepes-francesas-con-agua-de-azahar-el-toque-aromatico-que-las-eleva-a-otro-nivel\/\">agua de azahar<\/a>, ese ingrediente arom\u00e1tico que eleva las crepes francesas a otro nivel. La sutil fragancia floral crea un maridaje fascinante con las peras.<\/p>\n<p>Durante mis a\u00f1os en restaurantes de alta cocina, vi c\u00f3mo esta humilde ensalada campesina evolucionaba hasta aparecer en las cartas m\u00e1s exclusivas. Sin embargo, su alma sigue siendo la misma: un equilibrio perfecto entre dulce, amargo, picante y salado \u2013 la cuadratura del c\u00edrculo gastron\u00f3mico que las abuelas dominaban por puro instinto.<\/p>\n<p>Recuerda que la cocina es, ante todo, generosidad y conexi\u00f3n. Esta receta ha viajado por generaciones, adapt\u00e1ndose pero manteniendo su esencia. Ahora te toca a ti hacerla tuya y, quiz\u00e1s alg\u00fan d\u00eda, susurrarle a alguien el secreto de las peras doradas en mantequilla. \ud83c\udf7d\ufe0f\u2728<\/p>\n","protected":false},"excerpt":{"rendered":"<p>A\u00fan recuerdo la primera vez que prob\u00e9 esta ensalada en un peque\u00f1o restaurante familiar en el norte de Espa\u00f1a. La propietaria, una se\u00f1ora de casi 80 a\u00f1os, se acerc\u00f3 a nuestra mesa para explicarnos que la receta llevaba generaciones en su familia. \u00abEl secreto\u00bb, me susurr\u00f3, \u00abest\u00e1 en dorar ligeramente las peras en mantequilla antes &#8230; <a title=\"Peras doradas: el truco que transforma tu ensalada de r\u00facula y queso azul en 3 minutos\" class=\"read-more\" href=\"https:\/\/www.journee-mondiale.com\/es\/peras-doradas-el-truco-que-transforma-tu-ensalada-de-rucula-y-queso-azul-en-3-minutos\/\" aria-label=\"Leer m\u00e1s sobre Peras doradas: el truco que transforma tu ensalada de r\u00facula y queso azul en 3 minutos\">Lire plus<\/a><\/p>\n","protected":false},"author":1,"featured_media":14855,"comment_status":"","ping_status":"","sticky":false,"template":"","format":"standard","meta":{"footnotes":""},"categories":[50],"tags":[],"class_list":["post-14856","post","type-post","status-publish","format-standard","has-post-thumbnail","hentry","category-cocina"],"acf":[],"_yoast_wpseo_primary_category":null,"_yoast_wpseo_title":null,"_yoast_wpseo_metadesc":null,"_links":{"self":[{"href":"https:\/\/www.journee-mondiale.com\/es\/wp-json\/wp\/v2\/posts\/14856","targetHints":{"allow":["GET"]}}],"collection":[{"href":"https:\/\/www.journee-mondiale.com\/es\/wp-json\/wp\/v2\/posts"}],"about":[{"href":"https:\/\/www.journee-mondiale.com\/es\/wp-json\/wp\/v2\/types\/post"}],"author":[{"embeddable":true,"href":"https:\/\/www.journee-mondiale.com\/es\/wp-json\/wp\/v2\/users\/1"}],"replies":[{"embeddable":true,"href":"https:\/\/www.journee-mondiale.com\/es\/wp-json\/wp\/v2\/comments?post=14856"}],"version-history":[{"count":0,"href":"https:\/\/www.journee-mondiale.com\/es\/wp-json\/wp\/v2\/posts\/14856\/revisions"}],"wp:featuredmedia":[{"embeddable":true,"href":"https:\/\/www.journee-mondiale.com\/es\/wp-json\/wp\/v2\/media\/14855"}],"wp:attachment":[{"href":"https:\/\/www.journee-mondiale.com\/es\/wp-json\/wp\/v2\/media?parent=14856"}],"wp:term":[{"taxonomy":"category","embeddable":true,"href":"https:\/\/www.journee-mondiale.com\/es\/wp-json\/wp\/v2\/categories?post=14856"},{"taxonomy":"post_tag","embeddable":true,"href":"https:\/\/www.journee-mondiale.com\/es\/wp-json\/wp\/v2\/tags?post=14856"}],"curies":[{"name":"wp","href":"https:\/\/api.w.org\/{rel}","templated":true}]}}