{"id":14854,"date":"2025-09-12T09:05:06","date_gmt":"2025-09-12T07:05:06","guid":{"rendered":"https:\/\/www.journee-mondiale.com\/es\/tarta-de-la-abuela-el-postre-espanol-que-conquista-en-30-minutos-sin-horno\/"},"modified":"2025-09-12T09:05:06","modified_gmt":"2025-09-12T07:05:06","slug":"tarta-de-la-abuela-el-postre-espanol-que-conquista-en-30-minutos-sin-horno","status":"publish","type":"post","link":"https:\/\/www.journee-mondiale.com\/es\/tarta-de-la-abuela-el-postre-espanol-que-conquista-en-30-minutos-sin-horno\/","title":{"rendered":"Tarta de la Abuela: el postre espa\u00f1ol que conquista en 30 minutos sin horno"},"content":{"rendered":"<p>Recuerdo claramente la primera vez que mi abuela prepar\u00f3 su Tarta de la Abuela para m\u00ed. El aroma dulce de la vainilla mezclado con chocolate llenaba toda la cocina mientras ella, con manos expertas, sumerg\u00eda brevemente cada galleta en leche fr\u00eda. \u00abEl secreto est\u00e1 en no empaparlas demasiado,\u00bb me susurraba como compartiendo un tesoro familiar. Lo fascinante de este postre es que, a pesar de su nombre espa\u00f1ol, cada regi\u00f3n tiene su versi\u00f3n &#8211; desde Galicia hasta Andaluc\u00eda &#8211; pero todas comparten ese encanto de ser un postre sin horno que re\u00fane a las familias alrededor de la mesa. \ud83e\udd44\u2728<\/p>\n<h2>La historia detr\u00e1s de la Tarta de la Abuela \ud83d\udcd6<\/h2>\n<p>La Tarta de la Abuela naci\u00f3 en las cocinas espa\u00f1olas de la posguerra, cuando los ingredientes escaseaban pero la creatividad culinaria florec\u00eda. Este postre representa el ingenio de aquellas abuelas que, con recursos limitados, creaban maravillas culinarias que perdurar\u00edan generaciones. A diferencia del <a href=\"https:\/\/www.journee-mondiale.com\/es\/tiramisu-rapido-la-tecnica-italiana-que-omite-un-ingrediente-clave-y-conserva-todo-el-sabor\/\">Tiramis\u00fa r\u00e1pido italiano<\/a>, que tambi\u00e9n utiliza galletas remojadas pero incorpora caf\u00e9 y mascarpone, la Tarta de la Abuela se centra en los sabores puros de vainilla y chocolate, creando una sinfon\u00eda de texturas que van de lo crujiente a lo cremoso. \ud83c\udf70\ud83d\udc75<\/p>\n<h2>Ingredientes esenciales \ud83e\uddfe<\/h2>\n<p>Para 6-8 personas necesitar\u00e1s:<\/p>\n<ul>\n<li>1 litro de leche entera<\/li>\n<li>250g de chocolate negro para postres (m\u00ednimo 52% cacao)<\/li>\n<li>75g de maicena con sabor vainilla<\/li>\n<li>45g de maicena adicional<\/li>\n<li>4 cucharadas de az\u00facar<\/li>\n<li>350g de galletas Mar\u00eda tradicionales<\/li>\n<li>Canela en polvo (opcional)<\/li>\n<li>1 vaso y medio de leche fr\u00eda para empapar galletas<\/li>\n<\/ul>\n<blockquote><p>\ud83d\udccc <strong>Nota del Chef:<\/strong> La calidad del chocolate marcar\u00e1 la diferencia en tu tarta. Opto siempre por chocolate con al menos 52% de cacao, que aporta profundidad sin resultar amargo. Si prefieres un sabor m\u00e1s intenso, puedes usar chocolate al 70%, ajustando el az\u00facar al gusto. Esta misma filosof\u00eda de calidad de ingredientes aplico cuando preparo mis <a href=\"https:\/\/www.journee-mondiale.com\/es\/crepes-francesas-con-agua-de-azahar-el-toque-aromatico-que-las-eleva-a-otro-nivel\/\">cr\u00eapes francesas con agua de azahar<\/a> &#8211; los peque\u00f1os detalles marcan grandes diferencias. \ud83c\udf6b<\/p><\/blockquote>\n<h2>Instrucciones paso a paso \ud83d\udcdd<\/h2>\n<p><strong>Para la crema de chocolate:<\/strong><br \/>\n1. Separa 500ml de leche y reserva una taza peque\u00f1a fr\u00eda.<br \/>\n2. Calienta el resto en una cacerola a fuego medio.<br \/>\n3. Disuelve 45g de maicena en la taza de leche fr\u00eda, asegur\u00e1ndote de que no queden grumos.<br \/>\n4. A\u00f1ade el chocolate troceado a la leche caliente y remueve hasta derretir completamente.<br \/>\n5. Incorpora la mezcla de maicena y leche, removiendo constantemente con varillas.<br \/>\n6. Cocina durante 5-7 minutos hasta que espese, manteniendo movimiento continuo para evitar grumos.<br \/>\n7. Retira del fuego y reserva, tapando con film transparente a contacto para evitar que forme piel.<\/p>\n<p><strong>Para la crema de vainilla:<\/strong><br \/>\n1. Con los 500ml restantes, separa una taza peque\u00f1a fr\u00eda.<br \/>\n2. Calienta el resto con el az\u00facar hasta que comience a humear (85\u00b0C).<br \/>\n3. Disuelve los 75g de maicena de vainilla en la taza de leche fr\u00eda.<br \/>\n4. Incorpora la mezcla a la leche caliente, removiendo en\u00e9rgicamente.<br \/>\n5. Cocina a fuego medio-bajo durante 4-5 minutos hasta conseguir consistencia espesa.<br \/>\n6. Deja enfriar ambas cremas hasta temperatura ambiente antes de montar la tarta.<\/p>\n<h2>T\u00e9cnicas secretas del chef \ud83e\udd2b<\/h2>\n<p>El montaje perfecto requiere paciencia y precisi\u00f3n. En un molde rectangular:<br \/>\n1. Sumerge cada galleta en leche fr\u00eda durante 2-3 segundos exactos &#8211; suficiente para humedecerla pero sin que pierda estructura.<br \/>\n2. Forma una base completa de galletas ligeramente solapadas.<br \/>\n3. Extiende una capa uniforme de crema de vainilla (aproximadamente 1cm).<br \/>\n4. Coloca otra capa de galletas humedecidas.<br \/>\n5. Aplica una capa generosa de crema de chocolate.<br \/>\n6. Repite el proceso finalizando con chocolate en la superficie.<br \/>\n7. Refrigera m\u00ednimo 4 horas, idealmente toda la noche.<\/p>\n<p>Esta t\u00e9cnica de capas controladas es similar a la que uso para mi <a href=\"https:\/\/www.journee-mondiale.com\/es\/bizcocho-de-naranja-la-tecnica-espanola-que-logra-un-sabor-citrico-explosivo-en-40-minutos\/\">bizcocho de naranja<\/a>, donde la paciencia marca la diferencia entre un resultado excepcional y uno simplemente bueno. \ud83e\udde0\u2728<\/p>\n<h2>Consejos de presentaci\u00f3n y servicio \ud83c\udf7d\ufe0f<\/h2>\n<p>Para una presentaci\u00f3n digna de restaurante, desmolda la tarta sobre una fuente rectangular elegante. Corta porciones limpias utilizando un cuchillo de hoja larga humedecido en agua caliente entre cortes. Para elevar el plato:<\/p>\n<ul>\n<li>Espolvorea ligeramente canela o cacao en polvo sobre la superficie<\/li>\n<li>A\u00f1ade unas hojas frescas de menta<\/li>\n<li>Acompa\u00f1a con una quenelle de nata montada ligeramente azucarada<\/li>\n<\/ul>\n<p>Marida este postre con un caf\u00e9 cortado o, para ocasiones especiales, un Pedro Xim\u00e9nez bien fr\u00edo que complementar\u00e1 maravillosamente los sabores del chocolate. La simplicidad de este postre recuerda a la filosof\u00eda detr\u00e1s de la <a href=\"https:\/\/www.journee-mondiale.com\/es\/pasta-aglio-e-olio-el-plato-italiano-que-conquista-paladares-con-solo-2-ingredientes-en-10-minutos\/\">pasta aglio e olio<\/a>, donde pocos ingredientes, tratados con respeto, crean maravillas gastron\u00f3micas. \ud83c\udf77\u2728<\/p>\n<p>Si no encuentras maicena con sabor a vainilla, puedes sustituirla por maicena regular a\u00f1adiendo una cucharadita de extracto puro de vainilla o la semilla de una vaina de vainilla natural. Para una versi\u00f3n m\u00e1s tradicional gallega, sustituye la maicena por 4 yemas de huevo, creando una aut\u00e9ntica crema pastelera como base.<\/p>\n<p>Lo maravilloso de este postre es que no requiere t\u00e9cnicas complicadas ni equipamiento especializado &#8211; a diferencia de los <a href=\"https:\/\/www.journee-mondiale.com\/es\/huevos-rellenos-espanoles-9-pasos-para-lograr-cremosidad-irresistible-en-30-minutos\/\">huevos rellenos espa\u00f1oles<\/a> que exigen cierta destreza. La Tarta de la Abuela demuestra que la verdadera cocina no se trata de complejidad sino de coraz\u00f3n. Cuando comparto esta receta en mis clases, siempre veo c\u00f3mo se iluminan los rostros al probar ese primer bocado que transporta directamente a la infancia. Porque al final, lo que hace especial a un plato no es su dificultad, sino su capacidad para conectarnos con nuestros recuerdos m\u00e1s dulces. \ud83d\udc96<\/p>\n","protected":false},"excerpt":{"rendered":"<p>Recuerdo claramente la primera vez que mi abuela prepar\u00f3 su Tarta de la Abuela para m\u00ed. El aroma dulce de la vainilla mezclado con chocolate llenaba toda la cocina mientras ella, con manos expertas, sumerg\u00eda brevemente cada galleta en leche fr\u00eda. \u00abEl secreto est\u00e1 en no empaparlas demasiado,\u00bb me susurraba como compartiendo un tesoro familiar. &#8230; <a title=\"Tarta de la Abuela: el postre espa\u00f1ol que conquista en 30 minutos sin horno\" class=\"read-more\" href=\"https:\/\/www.journee-mondiale.com\/es\/tarta-de-la-abuela-el-postre-espanol-que-conquista-en-30-minutos-sin-horno\/\" aria-label=\"Leer m\u00e1s sobre Tarta de la Abuela: el postre espa\u00f1ol que conquista en 30 minutos sin horno\">Lire plus<\/a><\/p>\n","protected":false},"author":1,"featured_media":14853,"comment_status":"","ping_status":"","sticky":false,"template":"","format":"standard","meta":{"footnotes":""},"categories":[50],"tags":[],"class_list":["post-14854","post","type-post","status-publish","format-standard","has-post-thumbnail","hentry","category-cocina"],"acf":[],"_yoast_wpseo_primary_category":null,"_yoast_wpseo_title":null,"_yoast_wpseo_metadesc":null,"_links":{"self":[{"href":"https:\/\/www.journee-mondiale.com\/es\/wp-json\/wp\/v2\/posts\/14854","targetHints":{"allow":["GET"]}}],"collection":[{"href":"https:\/\/www.journee-mondiale.com\/es\/wp-json\/wp\/v2\/posts"}],"about":[{"href":"https:\/\/www.journee-mondiale.com\/es\/wp-json\/wp\/v2\/types\/post"}],"author":[{"embeddable":true,"href":"https:\/\/www.journee-mondiale.com\/es\/wp-json\/wp\/v2\/users\/1"}],"replies":[{"embeddable":true,"href":"https:\/\/www.journee-mondiale.com\/es\/wp-json\/wp\/v2\/comments?post=14854"}],"version-history":[{"count":0,"href":"https:\/\/www.journee-mondiale.com\/es\/wp-json\/wp\/v2\/posts\/14854\/revisions"}],"wp:featuredmedia":[{"embeddable":true,"href":"https:\/\/www.journee-mondiale.com\/es\/wp-json\/wp\/v2\/media\/14853"}],"wp:attachment":[{"href":"https:\/\/www.journee-mondiale.com\/es\/wp-json\/wp\/v2\/media?parent=14854"}],"wp:term":[{"taxonomy":"category","embeddable":true,"href":"https:\/\/www.journee-mondiale.com\/es\/wp-json\/wp\/v2\/categories?post=14854"},{"taxonomy":"post_tag","embeddable":true,"href":"https:\/\/www.journee-mondiale.com\/es\/wp-json\/wp\/v2\/tags?post=14854"}],"curies":[{"name":"wp","href":"https:\/\/api.w.org\/{rel}","templated":true}]}}