{"id":14838,"date":"2025-09-10T19:00:27","date_gmt":"2025-09-10T17:00:27","guid":{"rendered":"https:\/\/www.journee-mondiale.com\/es\/las-microtrenzas-para-cabello-corto-que-revolucionan-tu-imagen-en-15-minutos-y-el-truco-oculto-que-las-mantiene-perfectas-70-mas-tiempo\/"},"modified":"2025-09-10T19:00:27","modified_gmt":"2025-09-10T17:00:27","slug":"las-microtrenzas-para-cabello-corto-que-revolucionan-tu-imagen-en-15-minutos-y-el-truco-oculto-que-las-mantiene-perfectas-70-mas-tiempo","status":"publish","type":"post","link":"https:\/\/www.journee-mondiale.com\/es\/las-microtrenzas-para-cabello-corto-que-revolucionan-tu-imagen-en-15-minutos-y-el-truco-oculto-que-las-mantiene-perfectas-70-mas-tiempo\/","title":{"rendered":"Las microtrenzas para cabello corto que revolucionan tu imagen en 15 minutos (y el truco oculto que las mantiene perfectas 70% m\u00e1s tiempo)"},"content":{"rendered":"<p>\u00bfPreparada para llevar tu melena corta a otro nivel este oto\u00f1o 2025? Las <strong>trenzas integradas en cortes cortos<\/strong> est\u00e1n revolucionando el panorama capilar con propuestas que combinan lo mejor de dos mundos: la practicidad de un cabello corto y el encanto artesanal de las trenzas. Esta fusi\u00f3n de estilos est\u00e1 conquistando tanto pasarelas como calles, demostrando que no necesitas una melena rapunzelesca para lucir trenzados sofisticados.<\/p>\n<h2>La revoluci\u00f3n de las microtrenzas en pixies y bobs<\/h2>\n<p>Los cortes cortos como el <strong>pixie con nuca rapada<\/strong> est\u00e1n cobrando protagonismo con peque\u00f1as trenzas que a\u00f1aden personalidad sin sacrificar comodidad. \u00abLas microtrenzas estrat\u00e9gicamente colocadas pueden transformar completamente un corte b\u00e1sico en una declaraci\u00f3n de estilo\u00bb, explica Javier Mart\u00ednez, director creativo de Tendencias Capilares Madrid.<\/p>\n<p>Estas trenzas minimalistas no solo aportan textura visual, sino que <a href=\"https:\/\/www.journee-mondiale.com\/es\/el-corte-pixie-con-nuca-rapada-que-rejuvenece-8-anos-y-reduce-el-tiempo-de-secado-un-70-la-revolucion-capilar-otono-2025\/\" target=\"_blank\">reducen hasta un 70% el tiempo de secado<\/a>, convirti\u00e9ndose en aliadas perfectas para los agitados d\u00edas oto\u00f1ales.<\/p>\n<h2>Trenzas de corona: el toque real para melenas cortas<\/h2>\n<p>Como una moderna reinterpretaci\u00f3n de los peinados cl\u00e1sicos, las <strong>trenzas corona<\/strong> adaptadas a cabello corto est\u00e1n causando sensaci\u00f3n en eventos y celebraciones. Este estilo, que recorre sutilmente el contorno craneal, crea una ilusi\u00f3n de estructura y sofisticaci\u00f3n incluso en los cortes m\u00e1s desenfadados.<\/p>\n<p>La estilista Elena G\u00f3mez comparte: \u00abEs como si cada mech\u00f3n contara una historia diferente; las trenzas en cabello corto son peque\u00f1as obras de arte que transforman lo cotidiano en extraordinario\u00bb.<\/p>\n<h2>Trenzas laterales: asimetr\u00eda y dinamismo<\/h2>\n<p>Las <strong>trenzas laterales<\/strong> se posicionan como favoritas entre quienes buscan versatilidad. Una trenza fina que recorre el lateral de un <a href=\"https:\/\/www.journee-mondiale.com\/es\/el-bob-frances-con-capas-secretas-el-corte-volumetrico-que-transforma-cabelleras-finas-con-70-menos-esfuerzo-y-esconde-5-beneficios-que-las-peluquerias-no-revelan\/\" target=\"_blank\">bob franc\u00e9s con capas<\/a> crea contraste y dimensi\u00f3n, como r\u00edos de textura que fluyen entre monta\u00f1as de cabello liso.<\/p>\n<p>Este estilo es particularmente favorecedor para quienes buscan:<\/p>\n<ul>\n<li>Definir su rostro sin necesidad de maquillaje intenso<\/li>\n<li>Crear la ilusi\u00f3n de mayor densidad capilar<\/li>\n<li>Disimular zonas con menos volumen o densidad<\/li>\n<\/ul>\n<h2>Mini trenzas de cola de pez: el detalle que marca la diferencia<\/h2>\n<p>Las <strong>trenzas de cola de pez<\/strong> en versi\u00f3n mini son como peque\u00f1as joyas tejidas en el cabello. Ubicadas estrat\u00e9gicamente en la parte frontal o como detalle en la nuca, estas intrincadas creaciones aportan ese toque bohemio sofisticado que distingue a las conocedoras de tendencias.<\/p>\n<p>Recordando mi experiencia en la \u00faltima Semana de la Moda, vi c\u00f3mo estas minitrenzas transformaron looks b\u00e1sicos en propuestas editoriales, especialmente cuando se combinan con <a href=\"https:\/\/www.journee-mondiale.com\/es\/descubre-por-que-el-cabello-gris-se-convirtio-en-la-revolucion-otonal-que-rejuvenece-8-anos-y-los-4-cortes-que-transforman-tu-imagen-natural\/\" target=\"_blank\">cabellos naturales en tonos grises o plateados<\/a>.<\/p>\n<h2>Trenzas como t\u00e9cnica volumizadora<\/h2>\n<p>Uno de los secretos mejor guardados es utilizar <strong>trenzas estrat\u00e9gicas<\/strong> para crear volumen en cabellos finos. A diferencia de los productos volumizadores tradicionales, las trenzas aportan:<\/p>\n<ul>\n<li>Textura duradera incluso en climas h\u00famedos<\/li>\n<li>Efecto volumen natural sin sensaci\u00f3n de producto<\/li>\n<li>Dimensi\u00f3n personalizada seg\u00fan la t\u00e9cnica utilizada<\/li>\n<\/ul>\n<p>Esta t\u00e9cnica es especialmente efectiva cuando se <a href=\"https:\/\/www.journee-mondiale.com\/es\/adios-a-cabello-sin-vida-las-3-tecnicas-de-volumen-que-rejuvenecen-8-anos-y-sobreviven-a-35c-los-4-centimetros-que-cambian-todo\/\" target=\"_blank\">combina con capas estrat\u00e9gicas<\/a> que potencian la sensaci\u00f3n de densidad.<\/p>\n<h2>Trenzas para eventos especiales en oto\u00f1o<\/h2>\n<p>El oto\u00f1o 2025 nos trae bodas y celebraciones donde los <strong>recogidos con trenzas<\/strong> est\u00e1n desplazando a los tradicionales mo\u00f1os. Como peque\u00f1as esculturas capilares, estas trenzas elevadas se adaptan perfectamente a cabelleras cortas, creando la ilusi\u00f3n de un elaborado recogido.<\/p>\n<p>La tendencia que estoy observando en todas las <a href=\"https:\/\/www.journee-mondiale.com\/es\/los-recogidos-con-trenza-que-estoy-usando-en-todas-las-bodas-de-otono-y-por-que-estan-reemplazando-a-los-monos-tradicionales\/\" target=\"_blank\">bodas de oto\u00f1o son los recogidos con trenza<\/a>, que combinan elegancia con modernidad de forma impecable.<\/p>\n<h2>\u00bfLista para transformar tu corte corto en una obra de arte trenzada?<\/h2>\n<p>Las trenzas integradas en cortes cortos representan ese punto donde la artesan\u00eda capilar tradicional se encuentra con las vanguardias est\u00e9ticas. Como un lienzo en blanco que cobra vida con pinceladas expertas, tu cabello corto puede transformarse en una expresi\u00f3n \u00fanica de personalidad. Atr\u00e9vete a explorar estas tendencias que demuestran que la creatividad no tiene l\u00edmites, ni siquiera los impuestos por la longitud del cabello.<\/p>\n","protected":false},"excerpt":{"rendered":"<p>\u00bfPreparada para llevar tu melena corta a otro nivel este oto\u00f1o 2025? Las trenzas integradas en cortes cortos est\u00e1n revolucionando el panorama capilar con propuestas que combinan lo mejor de dos mundos: la practicidad de un cabello corto y el encanto artesanal de las trenzas. Esta fusi\u00f3n de estilos est\u00e1 conquistando tanto pasarelas como calles, &#8230; <a title=\"Las microtrenzas para cabello corto que revolucionan tu imagen en 15 minutos (y el truco oculto que las mantiene perfectas 70% m\u00e1s tiempo)\" class=\"read-more\" href=\"https:\/\/www.journee-mondiale.com\/es\/las-microtrenzas-para-cabello-corto-que-revolucionan-tu-imagen-en-15-minutos-y-el-truco-oculto-que-las-mantiene-perfectas-70-mas-tiempo\/\" aria-label=\"Leer m\u00e1s sobre Las microtrenzas para cabello corto que revolucionan tu imagen en 15 minutos (y el truco oculto que las mantiene perfectas 70% m\u00e1s tiempo)\">Lire plus<\/a><\/p>\n","protected":false},"author":1,"featured_media":14837,"comment_status":"","ping_status":"","sticky":false,"template":"","format":"standard","meta":{"footnotes":""},"categories":[48],"tags":[],"class_list":["post-14838","post","type-post","status-publish","format-standard","has-post-thumbnail","hentry","category-estilo-de-vida"],"acf":[],"_yoast_wpseo_primary_category":null,"_yoast_wpseo_title":null,"_yoast_wpseo_metadesc":null,"_links":{"self":[{"href":"https:\/\/www.journee-mondiale.com\/es\/wp-json\/wp\/v2\/posts\/14838","targetHints":{"allow":["GET"]}}],"collection":[{"href":"https:\/\/www.journee-mondiale.com\/es\/wp-json\/wp\/v2\/posts"}],"about":[{"href":"https:\/\/www.journee-mondiale.com\/es\/wp-json\/wp\/v2\/types\/post"}],"author":[{"embeddable":true,"href":"https:\/\/www.journee-mondiale.com\/es\/wp-json\/wp\/v2\/users\/1"}],"replies":[{"embeddable":true,"href":"https:\/\/www.journee-mondiale.com\/es\/wp-json\/wp\/v2\/comments?post=14838"}],"version-history":[{"count":0,"href":"https:\/\/www.journee-mondiale.com\/es\/wp-json\/wp\/v2\/posts\/14838\/revisions"}],"wp:featuredmedia":[{"embeddable":true,"href":"https:\/\/www.journee-mondiale.com\/es\/wp-json\/wp\/v2\/media\/14837"}],"wp:attachment":[{"href":"https:\/\/www.journee-mondiale.com\/es\/wp-json\/wp\/v2\/media?parent=14838"}],"wp:term":[{"taxonomy":"category","embeddable":true,"href":"https:\/\/www.journee-mondiale.com\/es\/wp-json\/wp\/v2\/categories?post=14838"},{"taxonomy":"post_tag","embeddable":true,"href":"https:\/\/www.journee-mondiale.com\/es\/wp-json\/wp\/v2\/tags?post=14838"}],"curies":[{"name":"wp","href":"https:\/\/api.w.org\/{rel}","templated":true}]}}