{"id":14826,"date":"2025-09-09T19:00:20","date_gmt":"2025-09-09T17:00:20","guid":{"rendered":"https:\/\/www.journee-mondiale.com\/es\/el-corte-pixie-con-rapado-lateral-la-transformacion-que-rejuvenece-8-anos-y-reduce-el-tiempo-de-secado-un-70-la-fusion-perfecta-entre-elegancia-y-rebeldia\/"},"modified":"2025-09-09T19:00:20","modified_gmt":"2025-09-09T17:00:20","slug":"el-corte-pixie-con-rapado-lateral-la-transformacion-que-rejuvenece-8-anos-y-reduce-el-tiempo-de-secado-un-70-la-fusion-perfecta-entre-elegancia-y-rebeldia","status":"publish","type":"post","link":"https:\/\/www.journee-mondiale.com\/es\/el-corte-pixie-con-rapado-lateral-la-transformacion-que-rejuvenece-8-anos-y-reduce-el-tiempo-de-secado-un-70-la-fusion-perfecta-entre-elegancia-y-rebeldia\/","title":{"rendered":"El corte pixie con rapado lateral: la transformaci\u00f3n que rejuvenece 8 a\u00f1os y reduce el tiempo de secado un 70% (la fusi\u00f3n perfecta entre elegancia y rebeld\u00eda)"},"content":{"rendered":"<p>\u00bfQui\u00e9n dijo que <strong>elegancia y rebeld\u00eda<\/strong> no pueden ir de la mano? Este oto\u00f1o 2025, el corte pixie con rapado lateral se consolida como la opci\u00f3n perfecta para mujeres que buscan transformar su imagen sin renunciar a la sofisticaci\u00f3n. Esta fusi\u00f3n magistral entre lo cl\u00e1sico y lo transgresor est\u00e1 revolucionando las tendencias capilares, ofreciendo un estilo que habla por s\u00ed mismo.<\/p>\n<h2>La dualidad perfecta: cuando lo convencional abraza lo atrevido<\/h2>\n<p>El <a href=\"https:\/\/www.journee-mondiale.com\/es\/el-corte-pixie-con-nuca-rapada-que-rejuvenece-8-anos-y-reduce-el-tiempo-de-secado-un-70-la-revolucion-capilar-otono-2025\/\" target=\"_blank\">pixie con rapado lateral<\/a> representa esa <strong>dualidad fascinante<\/strong> que todas buscamos en nuestra imagen. Como explica Luc\u00eda Fern\u00e1ndez, directora de estilismo en Hair Revolution Madrid: \u00abEste corte es como un buen vino &#8211; sofisticado pero con car\u00e1cter; combina la elegancia atemporal del pixie tradicional con ese toque irreverente que aporta el rapado\u00bb.<\/p>\n<h2>\u00bfPor qu\u00e9 est\u00e1 conquistando el oto\u00f1o 2025?<\/h2>\n<p>Este estilo no es solo una declaraci\u00f3n est\u00e9tica, sino un <strong>cambio de paradigma<\/strong> en c\u00f3mo entendemos la belleza femenina contempor\u00e1nea. La versatilidad es su mayor virtud:<\/p>\n<ul>\n<li>Permite jugar con diferentes texturas y vol\u00famenes en la parte superior<\/li>\n<li>El rapado lateral facilita un secado r\u00e1pido y un mantenimiento m\u00ednimo<\/li>\n<li>Se adapta perfectamente a la din\u00e1mica acelerada de la vida urbana<\/li>\n<\/ul>\n<h2>El secreto de su adaptabilidad a diferentes rostros<\/h2>\n<p>\u00abUn pixie con rapado lateral es como un traje a medida para tu rostro\u00bb, comenta Miguel Ortiz, estilista de celebridades. \u00abLa <strong>proporci\u00f3n asim\u00e9trica<\/strong> equilibra facciones, suavizando rostros cuadrados y aportando estructura a los m\u00e1s redondos\u00bb. Esta capacidad camale\u00f3nica explica por qu\u00e9 funciona maravillosamente en tantas mujeres diferentes.<\/p>\n<h2>Metamorfosis crom\u00e1tica: colores que potencian su car\u00e1cter<\/h2>\n<p>Para quienes buscan maximizar el impacto de este corte, la elecci\u00f3n del color resulta fundamental. Los <a href=\"https:\/\/www.journee-mondiale.com\/es\/el-color-de-pelo-que-armoniza-con-tu-subtono-de-piel-mi-descubrimiento-para-el-otono-2025-y-por-que-cambiara-tu-imagen\/\" target=\"_blank\">tonos que armonizan con tu piel<\/a> pueden transformar completamente la percepci\u00f3n del estilo. Los <strong>contrastes din\u00e1micos<\/strong> como platinos g\u00e9lidos con ra\u00edces oscuras est\u00e1n arrasando esta temporada.<\/p>\n<h2>Del sal\u00f3n a la calle: manteniendo la perfecci\u00f3n rebelde<\/h2>\n<p>El pixie con rapado no es solo un corte, es un <strong>estilo de vida<\/strong>. Como las alas de un ave, requiere libertad pero tambi\u00e9n cuidados espec\u00edficos:<\/p>\n<ul>\n<li>Visitas al estilista cada 3-4 semanas para mantener el rapado definido<\/li>\n<li>Productos texturizadores ligeros para dar movimiento sin apelmazar<\/li>\n<li>Protecci\u00f3n t\u00e9rmica si utilizas herramientas de calor para estilizar<\/li>\n<\/ul>\n<h2>La revoluci\u00f3n silenciosa: del pixie cl\u00e1sico al rapado lateral<\/h2>\n<p>Para quienes ya disfrutan de un pixie tradicional, el paso al <a href=\"https:\/\/www.journee-mondiale.com\/es\/el-pixie-voluminoso-que-rejuvenece-8-anos-a-mujeres-con-cabello-fino-la-tecnica-madrilena-que-triunfa-a-35c\/\" target=\"_blank\">pixie con m\u00e1s volumen y personalidad<\/a> supone una <strong>evoluci\u00f3n natural<\/strong>. Es como pasar de un susurro a una declaraci\u00f3n, manteniendo la misma elegancia pero con un tono m\u00e1s decidido.<\/p>\n<h2>Reinvent\u00e1ndose: variaciones para cada personalidad<\/h2>\n<p>Desde el <a href=\"https:\/\/www.journee-mondiale.com\/es\/el-corte-pixie-disconnected-que-rejuvenece-8-anos-la-revolucion-capilar-madrilena-que-transforma-con-solo-5-minutos-diarios-y-resiste-a-35c\/\" target=\"_blank\">pixie disconnected<\/a> hasta las versiones con <strong>flequillos asim\u00e9tricos<\/strong>, cada interpretaci\u00f3n del rapado lateral refleja un aspecto diferente de quien lo lleva. Algunas mujeres optan incluso por combinar esta tendencia con <a href=\"https:\/\/www.journee-mondiale.com\/es\/descubre-por-que-el-cabello-gris-se-convirtio-en-la-revolucion-otonal-que-rejuvenece-8-anos-y-los-4-cortes-que-transforman-tu-imagen-natural\/\" target=\"_blank\">cabellos grises naturales<\/a>, creando un contraste poderoso entre tradici\u00f3n e innovaci\u00f3n.<\/p>\n<h2>\u00bfTe atreves a reescribir las reglas de tu imagen?<\/h2>\n<p>El pixie con rapado lateral es como un lienzo en blanco donde puedes plasmar tu esencia. Combina la practicidad que necesitamos en nuestro d\u00eda a d\u00eda con ese toque de originalidad que todas buscamos. Y t\u00fa, \u00bfest\u00e1s lista para experimentar c\u00f3mo la rebeld\u00eda y la elegancia pueden convivir armoniosamente en tu cabello? La revoluci\u00f3n capilar del oto\u00f1o 2025 te est\u00e1 esperando, con la promesa de transformar no solo tu imagen, sino tambi\u00e9n la forma en que te percibes a ti misma.<\/p>\n","protected":false},"excerpt":{"rendered":"<p>\u00bfQui\u00e9n dijo que elegancia y rebeld\u00eda no pueden ir de la mano? Este oto\u00f1o 2025, el corte pixie con rapado lateral se consolida como la opci\u00f3n perfecta para mujeres que buscan transformar su imagen sin renunciar a la sofisticaci\u00f3n. Esta fusi\u00f3n magistral entre lo cl\u00e1sico y lo transgresor est\u00e1 revolucionando las tendencias capilares, ofreciendo un &#8230; <a title=\"El corte pixie con rapado lateral: la transformaci\u00f3n que rejuvenece 8 a\u00f1os y reduce el tiempo de secado un 70% (la fusi\u00f3n perfecta entre elegancia y rebeld\u00eda)\" class=\"read-more\" href=\"https:\/\/www.journee-mondiale.com\/es\/el-corte-pixie-con-rapado-lateral-la-transformacion-que-rejuvenece-8-anos-y-reduce-el-tiempo-de-secado-un-70-la-fusion-perfecta-entre-elegancia-y-rebeldia\/\" aria-label=\"Leer m\u00e1s sobre El corte pixie con rapado lateral: la transformaci\u00f3n que rejuvenece 8 a\u00f1os y reduce el tiempo de secado un 70% (la fusi\u00f3n perfecta entre elegancia y rebeld\u00eda)\">Lire plus<\/a><\/p>\n","protected":false},"author":1,"featured_media":14825,"comment_status":"","ping_status":"","sticky":false,"template":"","format":"standard","meta":{"footnotes":""},"categories":[48],"tags":[],"class_list":["post-14826","post","type-post","status-publish","format-standard","has-post-thumbnail","hentry","category-estilo-de-vida"],"acf":[],"_yoast_wpseo_primary_category":null,"_yoast_wpseo_title":null,"_yoast_wpseo_metadesc":null,"_links":{"self":[{"href":"https:\/\/www.journee-mondiale.com\/es\/wp-json\/wp\/v2\/posts\/14826","targetHints":{"allow":["GET"]}}],"collection":[{"href":"https:\/\/www.journee-mondiale.com\/es\/wp-json\/wp\/v2\/posts"}],"about":[{"href":"https:\/\/www.journee-mondiale.com\/es\/wp-json\/wp\/v2\/types\/post"}],"author":[{"embeddable":true,"href":"https:\/\/www.journee-mondiale.com\/es\/wp-json\/wp\/v2\/users\/1"}],"replies":[{"embeddable":true,"href":"https:\/\/www.journee-mondiale.com\/es\/wp-json\/wp\/v2\/comments?post=14826"}],"version-history":[{"count":0,"href":"https:\/\/www.journee-mondiale.com\/es\/wp-json\/wp\/v2\/posts\/14826\/revisions"}],"wp:featuredmedia":[{"embeddable":true,"href":"https:\/\/www.journee-mondiale.com\/es\/wp-json\/wp\/v2\/media\/14825"}],"wp:attachment":[{"href":"https:\/\/www.journee-mondiale.com\/es\/wp-json\/wp\/v2\/media?parent=14826"}],"wp:term":[{"taxonomy":"category","embeddable":true,"href":"https:\/\/www.journee-mondiale.com\/es\/wp-json\/wp\/v2\/categories?post=14826"},{"taxonomy":"post_tag","embeddable":true,"href":"https:\/\/www.journee-mondiale.com\/es\/wp-json\/wp\/v2\/tags?post=14826"}],"curies":[{"name":"wp","href":"https:\/\/api.w.org\/{rel}","templated":true}]}}