{"id":14804,"date":"2025-09-07T19:00:05","date_gmt":"2025-09-07T17:00:05","guid":{"rendered":"https:\/\/www.journee-mondiale.com\/es\/descubre-por-que-el-cabello-gris-se-convirtio-en-la-revolucion-otonal-que-rejuvenece-8-anos-y-los-4-cortes-que-transforman-tu-imagen-natural\/"},"modified":"2025-09-07T19:00:05","modified_gmt":"2025-09-07T17:00:05","slug":"descubre-por-que-el-cabello-gris-se-convirtio-en-la-revolucion-otonal-que-rejuvenece-8-anos-y-los-4-cortes-que-transforman-tu-imagen-natural","status":"publish","type":"post","link":"https:\/\/www.journee-mondiale.com\/es\/descubre-por-que-el-cabello-gris-se-convirtio-en-la-revolucion-otonal-que-rejuvenece-8-anos-y-los-4-cortes-que-transforman-tu-imagen-natural\/","title":{"rendered":"Descubre por qu\u00e9 el cabello gris se convirti\u00f3 en la revoluci\u00f3n oto\u00f1al que rejuvenece 8 a\u00f1os (y los 4 cortes que transforman tu imagen natural)"},"content":{"rendered":"<p>El <strong>cabello gris natural<\/strong> se ha convertido en la tendencia m\u00e1s reveladora del oto\u00f1o 2025. Lejos quedaron los d\u00edas en que las canas se escond\u00edan bajo tintes oscuros. Hoy, este color simboliza autenticidad y sofisticaci\u00f3n en un mundo que celebra cada vez m\u00e1s la belleza natural. \u00bfTe has planteado lucir ese plateado que tanto car\u00e1cter aporta? Descubramos c\u00f3mo el corte adecuado puede transformar tu melena gris en una declaraci\u00f3n de estilo impecable.<\/p>\n<h2>El renacimiento plateado: por qu\u00e9 el gris es el nuevo rubio<\/h2>\n<p>El cabello gris ha experimentado una aut\u00e9ntica revoluci\u00f3n est\u00e9tica. \u00abLo que antes se consideraba un signo de envejecimiento ahora representa <strong>empoderamiento y autenticidad<\/strong>\u00ab, explica Carlos Vidal, director creativo de Sal\u00f3n Elite Madrid. Esta tendencia va m\u00e1s all\u00e1 de simplemente dejar crecer las canas: se trata de realzarlas con el corte perfecto que maximice su luminosidad natural.<\/p>\n<p>Como me confes\u00f3 una clienta recientemente: \u00abDesde que dej\u00e9 de te\u00f1irme y adopt\u00e9 un corte que realza mi gris natural, recibo m\u00e1s cumplidos que en toda mi vida\u00bb. Y no es casualidad, el plateado natural aporta una luminosidad al rostro que ning\u00fan tinte artificial consigue replicar.<\/p>\n<h2>Los cortes que elevan el gris a obra de arte<\/h2>\n<p>Para sacar el m\u00e1ximo partido a tu <strong>melena plateada<\/strong>, estos cortes marcan tendencia este oto\u00f1o:<\/p>\n<ul>\n<li>Bob texturizado con capas invisibles<\/li>\n<li>Pixie estructurado con flequillo desfilado<\/li>\n<li>Media melena con degradado suave<\/li>\n<li>Shag moderno con volumen en corona<\/li>\n<\/ul>\n<p>El <a href=\"https:\/\/www.journee-mondiale.com\/es\/el-corte-blunt-bob-que-transforma-canas-en-simbolos-de-elegancia-la-tecnica-de-5-minutos-que-rejuvenece-hasta-8-anos\/\" target=\"_blank\">corte blunt bob<\/a> est\u00e1 revolucionando la forma en que vemos el cabello gris, transformando las canas en aut\u00e9nticos s\u00edmbolos de elegancia moderna.<\/p>\n<h2>La magia est\u00e1 en la textura: capas estrat\u00e9gicas<\/h2>\n<p>El secreto de un cabello gris espectacular es como dise\u00f1ar un jard\u00edn zen: requiere <strong>estructura, movimiento y equilibrio<\/strong>. Marina S\u00e1nchez, colorista especializada en cabello plateado, recomienda: \u00abLas capas sutiles son fundamentales para dar vida al cabello gris, que tiende a ser m\u00e1s rebelde y menos uniforme que el cabello pigmentado\u00bb.<\/p>\n<p>Para aquellas que buscan volumen, las <a href=\"https:\/\/www.journee-mondiale.com\/es\/adios-a-cabello-sin-vida-las-3-tecnicas-de-volumen-que-rejuvenecen-8-anos-y-sobreviven-a-35c-los-4-centimetros-que-cambian-todo\/\" target=\"_blank\">t\u00e9cnicas de volumen<\/a> que rejuvenecen y resisten incluso las altas temperaturas del verano pueden ser la soluci\u00f3n ideal.<\/p>\n<h2>El efecto ombr\u00e9 gris: dimensi\u00f3n multitonal<\/h2>\n<p>La tendencia m\u00e1s sofisticada del 2025 es el <strong>ombr\u00e9 gris natural<\/strong>, que combina diferentes tonalidades plateadas para crear profundidad visual. Esta t\u00e9cnica funciona como un lienzo impresionista: de cerca parece un conjunto de pinceladas, pero al alejarse revela una obra armoniosa.<\/p>\n<blockquote><p>El cabello gris multidimensional es como el cielo durante el crep\u00fasculo: lleno de matices y profundidad que cambian seg\u00fan la luz.<\/p><\/blockquote>\n<p>Si prefieres una opci\u00f3n m\u00e1s tradicional, la <a href=\"https:\/\/www.journee-mondiale.com\/es\/la-melena-midi-que-rejuvenece-8-anos-y-resiste-a-35c-el-secreto-esta-en-esos-4-centimetros-estrategicos-y-nadie-te-advierte\/\" target=\"_blank\">melena midi<\/a> estrat\u00e9gicamente cortada puede rejuvenecerte visiblemente.<\/p>\n<h2>Cuidados esenciales para mantener el brillo plateado<\/h2>\n<p>El cabello gris requiere atenciones espec\u00edficas para mantener su <strong>luminosidad caracter\u00edstica<\/strong>:<\/p>\n<ul>\n<li>Champ\u00fas violetas para neutralizar tonos amarillentos<\/li>\n<li>Mascarillas hidratantes semanales con queratina<\/li>\n<li>Aceites ligeros para controlar el encrespamiento<\/li>\n<\/ul>\n<p>Descubrir <a href=\"https:\/\/www.journee-mondiale.com\/es\/el-color-de-pelo-que-armoniza-con-tu-subtono-de-piel-mi-descubrimiento-para-el-otono-2025-y-por-que-cambiara-tu-imagen\/\" target=\"_blank\">el color que armoniza con tu subtono de piel<\/a> es fundamental, incluso cuando hablamos de grises naturales.<\/p>\n<h2>El pixie gris: elegancia minimalista<\/h2>\n<p>Una de mis transformaciones favoritas fue la de Elena, ejecutiva de 58 a\u00f1os que cambi\u00f3 su melena te\u00f1ida por un <a href=\"https:\/\/www.journee-mondiale.com\/es\/el-corte-pixie-que-rejuvenece-8-anos-el-rostro-la-revolucion-capilar-que-resiste-a-35c-y-solo-necesita-5-minutos-diarios\/\" target=\"_blank\">corte pixie<\/a> que dejaba ver su precioso gris natural. \u00abEs como si hubiera encontrado mi verdadera esencia\u00bb, me confes\u00f3 tres semanas despu\u00e9s.<\/p>\n<p>Este estilo es como una joya bien tallada: <strong>minimalista pero impactante<\/strong>, requiere poco mantenimiento pero ofrece m\u00e1xima presencia.<\/p>\n<h2>\u00bfLista para abrazar tu plateado natural?<\/h2>\n<p>Adoptar el gris natural no es solo una decisi\u00f3n est\u00e9tica, sino un acto de autenticidad. Con el corte adecuado, tu cabello plateado puede convertirse en tu mejor accesorio, aportando luz a tu rostro y car\u00e1cter a tu imagen. El verdadero secreto est\u00e1 en encontrar el estilo que celebre tu belleza natural y refleje la confianza que solo los a\u00f1os pueden brindarte.<\/p>\n","protected":false},"excerpt":{"rendered":"<p>El cabello gris natural se ha convertido en la tendencia m\u00e1s reveladora del oto\u00f1o 2025. Lejos quedaron los d\u00edas en que las canas se escond\u00edan bajo tintes oscuros. Hoy, este color simboliza autenticidad y sofisticaci\u00f3n en un mundo que celebra cada vez m\u00e1s la belleza natural. \u00bfTe has planteado lucir ese plateado que tanto car\u00e1cter &#8230; <a title=\"Descubre por qu\u00e9 el cabello gris se convirti\u00f3 en la revoluci\u00f3n oto\u00f1al que rejuvenece 8 a\u00f1os (y los 4 cortes que transforman tu imagen natural)\" class=\"read-more\" href=\"https:\/\/www.journee-mondiale.com\/es\/descubre-por-que-el-cabello-gris-se-convirtio-en-la-revolucion-otonal-que-rejuvenece-8-anos-y-los-4-cortes-que-transforman-tu-imagen-natural\/\" aria-label=\"Leer m\u00e1s sobre Descubre por qu\u00e9 el cabello gris se convirti\u00f3 en la revoluci\u00f3n oto\u00f1al que rejuvenece 8 a\u00f1os (y los 4 cortes que transforman tu imagen natural)\">Lire plus<\/a><\/p>\n","protected":false},"author":1,"featured_media":14803,"comment_status":"","ping_status":"","sticky":false,"template":"","format":"standard","meta":{"footnotes":""},"categories":[48],"tags":[],"class_list":["post-14804","post","type-post","status-publish","format-standard","has-post-thumbnail","hentry","category-estilo-de-vida"],"acf":[],"_yoast_wpseo_primary_category":null,"_yoast_wpseo_title":null,"_yoast_wpseo_metadesc":null,"_links":{"self":[{"href":"https:\/\/www.journee-mondiale.com\/es\/wp-json\/wp\/v2\/posts\/14804","targetHints":{"allow":["GET"]}}],"collection":[{"href":"https:\/\/www.journee-mondiale.com\/es\/wp-json\/wp\/v2\/posts"}],"about":[{"href":"https:\/\/www.journee-mondiale.com\/es\/wp-json\/wp\/v2\/types\/post"}],"author":[{"embeddable":true,"href":"https:\/\/www.journee-mondiale.com\/es\/wp-json\/wp\/v2\/users\/1"}],"replies":[{"embeddable":true,"href":"https:\/\/www.journee-mondiale.com\/es\/wp-json\/wp\/v2\/comments?post=14804"}],"version-history":[{"count":0,"href":"https:\/\/www.journee-mondiale.com\/es\/wp-json\/wp\/v2\/posts\/14804\/revisions"}],"wp:featuredmedia":[{"embeddable":true,"href":"https:\/\/www.journee-mondiale.com\/es\/wp-json\/wp\/v2\/media\/14803"}],"wp:attachment":[{"href":"https:\/\/www.journee-mondiale.com\/es\/wp-json\/wp\/v2\/media?parent=14804"}],"wp:term":[{"taxonomy":"category","embeddable":true,"href":"https:\/\/www.journee-mondiale.com\/es\/wp-json\/wp\/v2\/categories?post=14804"},{"taxonomy":"post_tag","embeddable":true,"href":"https:\/\/www.journee-mondiale.com\/es\/wp-json\/wp\/v2\/tags?post=14804"}],"curies":[{"name":"wp","href":"https:\/\/api.w.org\/{rel}","templated":true}]}}