{"id":14776,"date":"2025-09-05T13:05:33","date_gmt":"2025-09-05T11:05:33","guid":{"rendered":"https:\/\/www.journee-mondiale.com\/es\/el-doble-delineado-que-esta-transformando-mi-mirada-este-otono-y-por-que-todas-lo-probaran-en-2025\/"},"modified":"2025-09-05T13:05:33","modified_gmt":"2025-09-05T11:05:33","slug":"el-doble-delineado-que-esta-transformando-mi-mirada-este-otono-y-por-que-todas-lo-probaran-en-2025","status":"publish","type":"post","link":"https:\/\/www.journee-mondiale.com\/es\/el-doble-delineado-que-esta-transformando-mi-mirada-este-otono-y-por-que-todas-lo-probaran-en-2025\/","title":{"rendered":"El doble delineado que est\u00e1 transformando mi mirada este oto\u00f1o (y por qu\u00e9 todas lo probar\u00e1n en 2025)"},"content":{"rendered":"<p>El oto\u00f1o 2025 nos trae una de las t\u00e9cnicas de maquillaje m\u00e1s refrescantes para revitalizar nuestra imagen. El <strong>doble delineado con color y negro<\/strong> est\u00e1 revolucionando la manera en que realzamos nuestra mirada, combinando la elegancia cl\u00e1sica con un toque contempor\u00e1neo perfecto para los d\u00edas m\u00e1s cortos y las luces doradas de septiembre.<\/p>\n<h2>\u00bfQu\u00e9 es exactamente el doble delineado color y negro?<\/h2>\n<p>Esta t\u00e9cnica consiste en aplicar dos l\u00edneas de delineador diferentes pero complementarias: una en <strong>negro tradicional<\/strong> para definir y otra en color para a\u00f1adir dimensi\u00f3n. <em>\u00abEl doble delineado combina definici\u00f3n y frescura, unificando el negro cl\u00e1sico con un color que resalta la personalidad de quien lo lleva\u00bb<\/em>, explica Rahel I. Shabb, maquilladora profesional reconocida en el sector.<\/p>\n<p>Lo fascinante es c\u00f3mo esta <a href=\"https:\/\/www.journee-mondiale.com\/es\/el-doble-delineado-color-y-negro-para-realzar-mirada-tendencia-2025\/\" target=\"_blank\">t\u00e9cnica sencilla puede transformar completamente una mirada<\/a>, como un marco que realza una obra de arte, d\u00e1ndole profundidad y car\u00e1cter.<\/p>\n<h2>Beneficios para diferentes tipos de ojos<\/h2>\n<p>Una de las mayores ventajas de esta t\u00e9cnica es su versatilidad para adaptarse a cualquier forma de ojo. <em>\u00abEl doble delineado es perfecto para ojos peque\u00f1os, ya que aporta dimensi\u00f3n y abre la mirada sin esfuerzo\u00bb<\/em>, se\u00f1ala un popular tutor de TikTok especializado en maquillaje.<\/p>\n<p>Para quienes buscan un <strong>efecto lifting inmediato<\/strong> sin procedimientos invasivos, esta t\u00e9cnica act\u00faa como un \u00abcors\u00e9 visual\u00bb para el p\u00e1rpado, elevando sutilmente la mirada. Descubre m\u00e1s sobre c\u00f3mo <a href=\"https:\/\/www.journee-mondiale.com\/es\/tecnicas-maquillaje-profesional-ojos-pequenos-efecto-lifting\/\" target=\"_blank\">conseguir un efecto lifting con t\u00e9cnicas de maquillaje profesional<\/a>.<\/p>\n<h2>Productos estrella para un delineado perfecto<\/h2>\n<p>La magia del doble delineado depende en gran medida de los productos utilizados. Los especialistas recomiendan:<\/p>\n<ul>\n<li><strong>Delineadores l\u00edquidos negros<\/strong> de secado r\u00e1pido y acabado mate<\/li>\n<li>L\u00e1pices o <strong>delineadores en gel coloridos<\/strong> con alta pigmentaci\u00f3n<\/li>\n<li>Productos <strong>waterproof<\/strong> para mantener la definici\u00f3n durante las lluvias oto\u00f1ales<\/li>\n<\/ul>\n<p>Las <a href=\"https:\/\/www.journee-mondiale.com\/es\/delineadores-liquidos-gel-larga-duracion-resistentes-agua-2025\/\" target=\"_blank\">nuevas f\u00f3rmulas de delineadores l\u00edquidos y en gel resistentes al agua<\/a> han revolucionado la duraci\u00f3n del maquillaje, permitiendo lucir impecable desde la ma\u00f1ana hasta la noche.<\/p>\n<h2>Combinaciones de colores que triunfan este oto\u00f1o<\/h2>\n<p><em>\u00abLa clave es elegir tonos que contrasten, como negro y blanco, para dar doble impacto visual sin perder elegancia\u00bb<\/em>, recomienda NYX Cosmetics. Para el oto\u00f1o 2025, las combinaciones m\u00e1s favorecedoras incluyen:<\/p>\n<ul>\n<li>Negro con <strong>burdeos o terracota<\/strong> (perfectos para los tonos oto\u00f1ales)<\/li>\n<li>Negro con <strong>azul cobalto o verde esmeralda<\/strong> (ideal para ojos marrones)<\/li>\n<li>Negro con <strong>lavanda o malva<\/strong> (maravilloso para ojos verdes o avellana)<\/li>\n<\/ul>\n<p>Explora m\u00e1s <a href=\"https:\/\/www.journee-mondiale.com\/es\/combinaciones-colores-delineados-dobles-negro-tendencias\/\" target=\"_blank\">combinaciones de colores para delineados dobles con negro<\/a> que complementen tu tono de piel y color de ojos.<\/p>\n<h2>Aprende la t\u00e9cnica como profesional<\/h2>\n<p>Samantha Intiriago, maquilladora experta, aconseja: <em>\u00abPara dominar esta t\u00e9cnica, limpiar bien el p\u00e1rpado y trazar l\u00edneas finas es esencial; menos es m\u00e1s para no saturar la mirada\u00bb<\/em>. La precisi\u00f3n es fundamental, como un arquitecto dibujando los planos de un edificio perfecto.<\/p>\n<p>Gracias a la democratizaci\u00f3n del maquillaje, ahora cualquiera puede aprender esta t\u00e9cnica siguiendo <a href=\"https:\/\/www.journee-mondiale.com\/es\/tutoriales-delineado-doble-principiantes-tiktok-maquillaje-2025\/\" target=\"_blank\">tutoriales de delineado doble para principiantes<\/a> en plataformas como TikTok.<\/p>\n<h2>\u00bfListos para transformar tu mirada este oto\u00f1o?<\/h2>\n<p>El doble delineado color y negro nos invita a jugar con nuestra imagen mientras los \u00e1rboles cambian de color. Es una t\u00e9cnica que, como las capas de ropa en oto\u00f1o, a\u00f1ade profundidad y car\u00e1cter a nuestra apariencia. Combina <strong>tradici\u00f3n e innovaci\u00f3n<\/strong> en un solo gesto, permiti\u00e9ndonos expresar nuestra personalidad a trav\u00e9s de la mirada \u2013 la verdadera protagonista cuando llevamos mascarilla o en las videollamadas que seguir\u00e1n formando parte de nuestro d\u00eda a d\u00eda.<\/p>\n","protected":false},"excerpt":{"rendered":"<p>El oto\u00f1o 2025 nos trae una de las t\u00e9cnicas de maquillaje m\u00e1s refrescantes para revitalizar nuestra imagen. El doble delineado con color y negro est\u00e1 revolucionando la manera en que realzamos nuestra mirada, combinando la elegancia cl\u00e1sica con un toque contempor\u00e1neo perfecto para los d\u00edas m\u00e1s cortos y las luces doradas de septiembre. \u00bfQu\u00e9 es &#8230; <a title=\"El doble delineado que est\u00e1 transformando mi mirada este oto\u00f1o (y por qu\u00e9 todas lo probar\u00e1n en 2025)\" class=\"read-more\" href=\"https:\/\/www.journee-mondiale.com\/es\/el-doble-delineado-que-esta-transformando-mi-mirada-este-otono-y-por-que-todas-lo-probaran-en-2025\/\" aria-label=\"Leer m\u00e1s sobre El doble delineado que est\u00e1 transformando mi mirada este oto\u00f1o (y por qu\u00e9 todas lo probar\u00e1n en 2025)\">Lire plus<\/a><\/p>\n","protected":false},"author":1,"featured_media":14775,"comment_status":"","ping_status":"","sticky":false,"template":"","format":"standard","meta":{"footnotes":""},"categories":[48],"tags":[],"class_list":["post-14776","post","type-post","status-publish","format-standard","has-post-thumbnail","hentry","category-estilo-de-vida"],"acf":[],"_yoast_wpseo_primary_category":null,"_yoast_wpseo_title":null,"_yoast_wpseo_metadesc":null,"_links":{"self":[{"href":"https:\/\/www.journee-mondiale.com\/es\/wp-json\/wp\/v2\/posts\/14776","targetHints":{"allow":["GET"]}}],"collection":[{"href":"https:\/\/www.journee-mondiale.com\/es\/wp-json\/wp\/v2\/posts"}],"about":[{"href":"https:\/\/www.journee-mondiale.com\/es\/wp-json\/wp\/v2\/types\/post"}],"author":[{"embeddable":true,"href":"https:\/\/www.journee-mondiale.com\/es\/wp-json\/wp\/v2\/users\/1"}],"replies":[{"embeddable":true,"href":"https:\/\/www.journee-mondiale.com\/es\/wp-json\/wp\/v2\/comments?post=14776"}],"version-history":[{"count":0,"href":"https:\/\/www.journee-mondiale.com\/es\/wp-json\/wp\/v2\/posts\/14776\/revisions"}],"wp:featuredmedia":[{"embeddable":true,"href":"https:\/\/www.journee-mondiale.com\/es\/wp-json\/wp\/v2\/media\/14775"}],"wp:attachment":[{"href":"https:\/\/www.journee-mondiale.com\/es\/wp-json\/wp\/v2\/media?parent=14776"}],"wp:term":[{"taxonomy":"category","embeddable":true,"href":"https:\/\/www.journee-mondiale.com\/es\/wp-json\/wp\/v2\/categories?post=14776"},{"taxonomy":"post_tag","embeddable":true,"href":"https:\/\/www.journee-mondiale.com\/es\/wp-json\/wp\/v2\/tags?post=14776"}],"curies":[{"name":"wp","href":"https:\/\/api.w.org\/{rel}","templated":true}]}}