{"id":14774,"date":"2025-09-05T11:05:18","date_gmt":"2025-09-05T09:05:18","guid":{"rendered":"https:\/\/www.journee-mondiale.com\/es\/almendras-tostadas-crujientes-el-aperitivo-espanol-que-conquista-paladares-en-20-minutos\/"},"modified":"2025-09-05T11:05:18","modified_gmt":"2025-09-05T09:05:18","slug":"almendras-tostadas-crujientes-el-aperitivo-espanol-que-conquista-paladares-en-20-minutos","status":"publish","type":"post","link":"https:\/\/www.journee-mondiale.com\/es\/almendras-tostadas-crujientes-el-aperitivo-espanol-que-conquista-paladares-en-20-minutos\/","title":{"rendered":"Almendras tostadas crujientes: el aperitivo espa\u00f1ol que conquista paladares en 20 minutos"},"content":{"rendered":"<p>De peque\u00f1o, visitaba a mi abuela en Valencia durante los veranos. Recuerdo entrar a su cocina mientras preparaba almendras tostadas, llenando la casa con un aroma c\u00e1lido y terroso que anunciaba la hora del aperitivo. \u00abEl secreto est\u00e1 en el momento preciso\u00bb, me dec\u00eda mientras escuchaba atentamente el suave chasquido que emit\u00edan las almendras, indicando su punto perfecto de tostado. Hoy comparto contigo este tesoro culinario del Mediterr\u00e1neo, un aperitivo tradicional que precede cualquier celebraci\u00f3n espa\u00f1ola digna de tal nombre. \ud83c\udf3f<\/p>\n<h2>La humilde historia de las almendras tostadas \ud83d\udcd6<\/h2>\n<p>Las almendras han sido cultivadas en la cuenca mediterr\u00e1nea durante m\u00e1s de 4.000 a\u00f1os. Este sencillo aperitivo representa la filosof\u00eda culinaria mediterr\u00e1nea en su forma m\u00e1s pura: ingredientes de calidad tratados con respeto. Mientras que en otras tradiciones europeas encontramos t\u00e9cnicas elaboradas como las que se usan en el <a href=\"https:\/\/www.journee-mondiale.com\/es\/clafoutis-de-cerezas-la-tecnica-francesa-que-transforma-un-postre-sencillo-en-una-delicia-cremosa-en-solo-1-hora\/\">clafoutis de cerezas franc\u00e9s<\/a>, la cocina espa\u00f1ola celebra la simplicidad que permite que brille el ingrediente estrella. \ud83c\udf1f<\/p>\n<h2>Ingredientes esenciales \ud83e\uddfe<\/h2>\n<ul>\n<li>300g de almendras crudas sin piel (preferiblemente variedad Marcona)<\/li>\n<li>2-3 cucharadas de sal marina gruesa de buena calidad<\/li>\n<li>Agua fresca para el lavado inicial<\/li>\n<\/ul>\n<blockquote>\n<p><strong>Nota del Chef:<\/strong> Las almendras Marcona son m\u00e1s redondas y tiernas que las variedades comunes, con un sabor m\u00e1s intenso y dulce que contrarresta perfectamente con la sal. Si no las encuentras, las almendras Largueta o cualquier almendra cruda de calidad funcionar\u00e1 bien, aunque el resultado tendr\u00e1 un perfil de sabor ligeramente diferente.<\/p>\n<\/blockquote>\n<h2>Preparaci\u00f3n paso a paso \ud83d\udcdd<\/h2>\n<ol>\n<li><strong>Precalentar el horno a 200\u00b0C<\/strong> (400\u00b0F) con calor arriba y abajo. La temperatura es crucial aqu\u00ed, similar a cuando se busca el crujiente perfecto en las <a href=\"https:\/\/www.journee-mondiale.com\/es\/patatas-fritas-crujientes-la-tecnica-belga-de-doble-coccion-que-revoluciona-tu-airfryer-en-30-minutos\/\">patatas fritas mediante la t\u00e9cnica belga de doble cocci\u00f3n<\/a>. \ud83c\udf21\ufe0f<\/li>\n<li><strong>Lavar ligeramente las almendras.<\/strong> Col\u00f3calas en un colador y p\u00e1salas brevemente bajo agua fr\u00eda. Esto no es para limpiarlas, sino para humedecerlas ligeramente, permitiendo que la sal se adhiera mejor. Este truco proviene de la misma sabidur\u00eda tradicional que transforma el <a href=\"https:\/\/www.journee-mondiale.com\/es\/bacalao-guisado-la-tecnica-espanola-que-transforma-pescado-seco-en-un-manjar-cremoso-en-30-minutos\/\">bacalao seco en un manjar cremoso<\/a> mediante t\u00e9cnicas espa\u00f1olas ancestrales. \ud83d\udca6<\/li>\n<li><strong>Salar generosamente.<\/strong> Transfiere las almendras h\u00famedas a un cuenco amplio, a\u00f1ade la sal marina y mezcla bien con las manos para asegurar una distribuci\u00f3n uniforme. En mi primera cocina profesional en Barcelona, aprend\u00ed que este paso determina el 50% del sabor final. \ud83e\uddc2<\/li>\n<li><strong>Distribuir en bandeja.<\/strong> Extiende las almendras en una sola capa sobre una bandeja de horno. Aseg\u00farate de que no se amontonen, cada almendra necesita espacio para tostar uniformemente, igual que cuando buscamos el equilibrio perfecto en un <a href=\"https:\/\/www.journee-mondiale.com\/es\/pure-de-patatas-celestial-el-truco-del-caldo-que-lo-eleva-a-otro-nivel-en-30-minutos\/\">pur\u00e9 de patatas celestial<\/a>. \ud83e\udd54<\/li>\n<li><strong>Hornear con atenci\u00f3n.<\/strong> Introduce la bandeja en el horno precalentado durante 15-20 minutos, pero \u2014y esto es crucial\u2014 remueve las almendras cada 4-5 minutos. Esta vigilancia constante es el secreto que mi abuela me transmiti\u00f3 y que muchas recetas omiten. \ud83d\udc75<\/li>\n<li><strong>Identificar el punto exacto.<\/strong> Las almendras estar\u00e1n listas cuando adquieran un color dorado uniforme y comiencen a emitir un ligero sonido de chasquido. En ese momento, dales 1-2 minutos m\u00e1s y ret\u00edralas inmediatamente. \ud83d\udc42<\/li>\n<li><strong>Enfriar completamente.<\/strong> Deja que las almendras se enfr\u00eden a temperatura ambiente sobre la misma bandeja. Adquirir\u00e1n su textura definitivamente crujiente durante este proceso. \u2744\ufe0f<\/li>\n<\/ol>\n<h2>T\u00e9cnicas secretas del chef \ud83e\udd2b<\/h2>\n<p>El mayor error que cometen los cocineros caseros es desatender las almendras en el horno. A diferencia de un guiso lento, este proceso requiere vigilancia constante. La diferencia entre unas almendras perfectamente tostadas y unas quemadas puede ser cuesti\u00f3n de apenas 90 segundos. \ud83d\udd52<\/p>\n<p>Otro secreto profesional: escucha atentamente durante los \u00faltimos minutos de horneado. El sutil chasquido que emiten las almendras es el indicador m\u00e1s fiable de que est\u00e1n alcanzando su punto perfecto, similar a c\u00f3mo los maestros aceituneros identifican el momento exacto para finalizar el proceso de fermentaci\u00f3n de las <a href=\"https:\/\/www.journee-mondiale.com\/es\/aceitunas-alinadas-andaluzas-el-aperitivo-que-fermenta-15-dias-para-explotar-de-sabor-mediterraneo\/\">aceitunas ali\u00f1adas andaluzas<\/a>. \ud83e\uded2<\/p>\n<h2>Maridajes y presentaci\u00f3n \ud83c\udf7d\ufe0f<\/h2>\n<p>Sirve estas almendras en peque\u00f1os cuencos de cer\u00e1mica tradicional espa\u00f1ola. Alcanzan su m\u00e1ximo esplendor acompa\u00f1adas de un fino jerez seco o una manzanilla bien fr\u00eda. La combinaci\u00f3n crea una experiencia gustativa que ha deleitado a comensales espa\u00f1oles por generaciones. \ud83c\udf77<\/p>\n<p>Para una presentaci\u00f3n moderna que sigue respetando la tradici\u00f3n, crea una tabla de aperitivos mediterr\u00e1neos combinando las almendras con aceitunas ali\u00f1adas, queso manchego y finas lonchas de jam\u00f3n ib\u00e9rico. La mezcla de texturas y sabores salados transportar\u00e1 a tus invitados directamente a una terraza espa\u00f1ola al atardecer. \ud83c\udf06<\/p>\n<blockquote>\n<p><strong>Truco personal:<\/strong> Cuando las almendras est\u00e1n reci\u00e9n salidas del horno y a\u00fan calientes, a veces me gusta a\u00f1adir una pizca de piment\u00f3n ahumado de la Vera y remover r\u00e1pidamente. Este toque contempor\u00e1neo aporta un sutil sabor ahumado que complementa maravillosamente la natural dulzura de las almendras Marcona. \u00a1Una peque\u00f1a licencia creativa que incluso mi tradicionalista abuela lleg\u00f3 a aprobar!<\/p>\n<\/blockquote>\n<p>Estas almendras tostadas son mucho m\u00e1s que un simple aperitivo; son un puente hacia la rica tradici\u00f3n culinaria mediterr\u00e1nea, una celebraci\u00f3n de la simplicidad y un recordatorio de que, a veces, las recetas m\u00e1s impactantes son aquellas con los ingredientes m\u00e1s b\u00e1sicos. Cuando prepares esta receta, no solo estar\u00e1s cocinando un aperitivo, sino honrando siglos de sabidur\u00eda culinaria transmitida a trav\u00e9s de generaciones de cocineros espa\u00f1oles. \u00a1Buen provecho! \ud83c\uddea\ud83c\uddf8<\/p>\n","protected":false},"excerpt":{"rendered":"<p>De peque\u00f1o, visitaba a mi abuela en Valencia durante los veranos. Recuerdo entrar a su cocina mientras preparaba almendras tostadas, llenando la casa con un aroma c\u00e1lido y terroso que anunciaba la hora del aperitivo. \u00abEl secreto est\u00e1 en el momento preciso\u00bb, me dec\u00eda mientras escuchaba atentamente el suave chasquido que emit\u00edan las almendras, indicando &#8230; <a title=\"Almendras tostadas crujientes: el aperitivo espa\u00f1ol que conquista paladares en 20 minutos\" class=\"read-more\" href=\"https:\/\/www.journee-mondiale.com\/es\/almendras-tostadas-crujientes-el-aperitivo-espanol-que-conquista-paladares-en-20-minutos\/\" aria-label=\"Leer m\u00e1s sobre Almendras tostadas crujientes: el aperitivo espa\u00f1ol que conquista paladares en 20 minutos\">Lire plus<\/a><\/p>\n","protected":false},"author":1,"featured_media":14773,"comment_status":"","ping_status":"","sticky":false,"template":"","format":"standard","meta":{"footnotes":""},"categories":[50],"tags":[],"class_list":["post-14774","post","type-post","status-publish","format-standard","has-post-thumbnail","hentry","category-cocina"],"acf":[],"_yoast_wpseo_primary_category":null,"_yoast_wpseo_title":null,"_yoast_wpseo_metadesc":null,"_links":{"self":[{"href":"https:\/\/www.journee-mondiale.com\/es\/wp-json\/wp\/v2\/posts\/14774","targetHints":{"allow":["GET"]}}],"collection":[{"href":"https:\/\/www.journee-mondiale.com\/es\/wp-json\/wp\/v2\/posts"}],"about":[{"href":"https:\/\/www.journee-mondiale.com\/es\/wp-json\/wp\/v2\/types\/post"}],"author":[{"embeddable":true,"href":"https:\/\/www.journee-mondiale.com\/es\/wp-json\/wp\/v2\/users\/1"}],"replies":[{"embeddable":true,"href":"https:\/\/www.journee-mondiale.com\/es\/wp-json\/wp\/v2\/comments?post=14774"}],"version-history":[{"count":0,"href":"https:\/\/www.journee-mondiale.com\/es\/wp-json\/wp\/v2\/posts\/14774\/revisions"}],"wp:featuredmedia":[{"embeddable":true,"href":"https:\/\/www.journee-mondiale.com\/es\/wp-json\/wp\/v2\/media\/14773"}],"wp:attachment":[{"href":"https:\/\/www.journee-mondiale.com\/es\/wp-json\/wp\/v2\/media?parent=14774"}],"wp:term":[{"taxonomy":"category","embeddable":true,"href":"https:\/\/www.journee-mondiale.com\/es\/wp-json\/wp\/v2\/categories?post=14774"},{"taxonomy":"post_tag","embeddable":true,"href":"https:\/\/www.journee-mondiale.com\/es\/wp-json\/wp\/v2\/tags?post=14774"}],"curies":[{"name":"wp","href":"https:\/\/api.w.org\/{rel}","templated":true}]}}