{"id":14768,"date":"2025-09-04T19:00:41","date_gmt":"2025-09-04T17:00:41","guid":{"rendered":"https:\/\/www.journee-mondiale.com\/es\/el-corte-garcon-elegante-que-rejuvenece-7-anos-en-30-minutos-y-sobrevive-a-35c-sin-perder-su-forma\/"},"modified":"2025-09-04T19:00:41","modified_gmt":"2025-09-04T17:00:41","slug":"el-corte-garcon-elegante-que-rejuvenece-7-anos-en-30-minutos-y-sobrevive-a-35c-sin-perder-su-forma","status":"publish","type":"post","link":"https:\/\/www.journee-mondiale.com\/es\/el-corte-garcon-elegante-que-rejuvenece-7-anos-en-30-minutos-y-sobrevive-a-35c-sin-perder-su-forma\/","title":{"rendered":"El corte gar\u00e7on elegante que rejuvenece 7 a\u00f1os en 30 minutos (y sobrevive a 35\u00b0C sin perder su forma)"},"content":{"rendered":"<p>El oto\u00f1o 2025 nos trae la <strong>renovaci\u00f3n capilar<\/strong> m\u00e1s elegante de la temporada. El corte gar\u00e7on ha evolucionado, dejando atr\u00e1s su imagen masculina para transformarse en un estilo que derrocha sofisticaci\u00f3n y frescura. Descubre por qu\u00e9 este corte est\u00e1 causando sensaci\u00f3n como la opci\u00f3n perfecta para quienes buscan rejuvenecer su imagen con un toque parisino inconfundible.<\/p>\n<h2>El secreto franc\u00e9s que quita hasta 7 a\u00f1os de un solo corte<\/h2>\n<p>Como si de un <strong>traje a medida<\/strong> se tratara, el gar\u00e7on elegante consigue efectos casi m\u00e1gicos en el rostro. \u00abEste corte tiene la capacidad \u00fanica de restar hasta siete a\u00f1os a la apariencia con una sola visita al sal\u00f3n\u00bb, afirma Isabel M\u00e9ndez, directora creativa de Trendset Hair Studio. La clave est\u00e1 en su estructura que libera peso en laterales y nuca mientras mantiene volumen estrat\u00e9gico en la parte superior.<\/p>\n<blockquote><p>\u00abEl gar\u00e7on elegante es el corte m\u00e1s democr\u00e1tico que existe. Se adapta a cualquier tipo de rostro gracias a su versatilidad en la texturizaci\u00f3n, funcionando maravillosamente en cabellos lisos, ondulados e incluso con canas\u00bb, explica Carlos Romero, estilista de celebridades.<\/p><\/blockquote>\n<h2>La evoluci\u00f3n sofisticada del cl\u00e1sico masculino<\/h2>\n<p>Lo que distingue al <strong>gar\u00e7on elegante<\/strong> de sus predecesores es su enfoque refinado. Mientras mantiene la esencia pr\u00e1ctica de un corte corto, incorpora detalles que maximizan la feminidad. Es como una sinfon\u00eda donde cada mech\u00f3n est\u00e1 estrat\u00e9gicamente colocado para crear armon\u00eda con las facciones del rostro. <a href=\"https:\/\/www.journee-mondiale.com\/es\/el-corte-garcon-elegante\/\" target=\"_blank\">Esta evoluci\u00f3n del gar\u00e7on tradicional<\/a> se ha convertido en el distintivo de mujeres que apuestan por la elegancia sin renunciar a la comodidad.<\/p>\n<h2>\u00bfPor qu\u00e9 triunfa en temporadas de calor?<\/h2>\n<p>Si buscas un estilo que <strong>resista altas temperaturas<\/strong>, has encontrado tu aliado perfecto. A diferencia de otros cortes cortos que requieren retoques constantes, el gar\u00e7on elegante mantiene su forma incluso con el sudor y la humedad. Esta resistencia lo ha convertido en el favorito para <a href=\"https:\/\/www.journee-mondiale.com\/es\/la-revolucion-del-cabello-corto-2025-el-estilo-que-rejuvenece-8-anos-en-solo-5-minutos-y-resiste-a-35c\/\" target=\"_blank\">quienes buscan un peinado que soporte hasta 35\u00b0C<\/a> sin perder su estructura.<\/p>\n<h2>La magia de los 30 minutos transformadores<\/h2>\n<p>Lo sorprendente de este estilo es su <strong>rapidez de ejecuci\u00f3n<\/strong>. En apenas media hora, una experta puede esculpir este corte que transforma por completo la imagen. Y lo mejor: su mantenimiento diario requiere solo 7 minutos, perfecto para rutinas modernas donde cada segundo cuenta.<\/p>\n<ul>\n<li>Secado al aire: resultados naturales sin esfuerzo<\/li>\n<li>Con secador: volumen controlado en tiempo r\u00e9cord<\/li>\n<li>Versatilidad: del look casual al elegante con m\u00ednimos productos<\/li>\n<\/ul>\n<h2>Entre el pixie y el bob: el equilibrio perfecto<\/h2>\n<p>El gar\u00e7on elegante podr\u00eda considerarse el punto intermedio ideal entre <a href=\"https:\/\/www.journee-mondiale.com\/es\/el-corte-pixie-que-rejuvenece-8-anos-el-rostro-la-revolucion-capilar-que-resiste-a-35c-y-solo-necesita-5-minutos-diarios\/\" target=\"_blank\">la audacia del pixie<\/a> y <a href=\"https:\/\/www.journee-mondiale.com\/es\/el-bob-frances-con-capas-secretas-el-corte-volumetrico-que-transforma-cabelleras-finas-con-70-menos-esfuerzo-y-esconde-5-beneficios-que-las-peluquerias-no-revelan\/\" target=\"_blank\">la seguridad del bob<\/a>. Como un bailar\u00edn experimentado, juega con el equilibrio entre lo atrevido y lo cl\u00e1sico, ofreciendo la frescura de un corte corto sin resultar demasiado radical.<\/p>\n<h2>Texturas y acabados para cada personalidad<\/h2>\n<p>La <strong>versatilidad<\/strong> es su carta de presentaci\u00f3n. El gar\u00e7on elegante se adapta a m\u00faltiples estilos personales:<\/p>\n<ul>\n<li>Acabado pulido para entornos profesionales<\/li>\n<li>Textura desenfadada para looks casuales<\/li>\n<li>Efecto h\u00famedo para noches especiales<\/li>\n<\/ul>\n<h2>El fen\u00f3meno madrile\u00f1o que conquista Espa\u00f1a<\/h2>\n<p>Madrid ha sido el epicentro de esta <strong>revoluci\u00f3n capilar<\/strong>. \u00abM\u00e1s de 800 mujeres han adoptado este corte en la capital durante el verano, y la tendencia sigue extendi\u00e9ndose por toda Espa\u00f1a\u00bb, revela M\u00e9ndez. Como una ola que avanza imparable, <a href=\"https:\/\/www.journee-mondiale.com\/es\/el-corte-que-rejuvenece-8-anos-y-sobrevive-a-35c-lo-que-cambia-con-solo-4-cm-menos-y-nadie-te-advierte\/\" target=\"_blank\">el efecto rejuvenecedor de este estilo<\/a> est\u00e1 conquistando a mujeres que buscan renovar su imagen sin sacrificar elegancia.<\/p>\n<p>\u00bfLista para unirte a la revoluci\u00f3n del gar\u00e7on elegante? Este oto\u00f1o, atr\u00e9vete a transformar tu imagen con un corte que fusiona tradici\u00f3n francesa y modernidad cosmopolita. M\u00e1s que un cambio de look, es una declaraci\u00f3n de intenciones: sofisticaci\u00f3n, practicidad y ese je ne sais quoi que solo el aut\u00e9ntico estilo franc\u00e9s puede aportar.<\/p>\n","protected":false},"excerpt":{"rendered":"<p>El oto\u00f1o 2025 nos trae la renovaci\u00f3n capilar m\u00e1s elegante de la temporada. El corte gar\u00e7on ha evolucionado, dejando atr\u00e1s su imagen masculina para transformarse en un estilo que derrocha sofisticaci\u00f3n y frescura. Descubre por qu\u00e9 este corte est\u00e1 causando sensaci\u00f3n como la opci\u00f3n perfecta para quienes buscan rejuvenecer su imagen con un toque parisino &#8230; <a title=\"El corte gar\u00e7on elegante que rejuvenece 7 a\u00f1os en 30 minutos (y sobrevive a 35\u00b0C sin perder su forma)\" class=\"read-more\" href=\"https:\/\/www.journee-mondiale.com\/es\/el-corte-garcon-elegante-que-rejuvenece-7-anos-en-30-minutos-y-sobrevive-a-35c-sin-perder-su-forma\/\" aria-label=\"Leer m\u00e1s sobre El corte gar\u00e7on elegante que rejuvenece 7 a\u00f1os en 30 minutos (y sobrevive a 35\u00b0C sin perder su forma)\">Lire plus<\/a><\/p>\n","protected":false},"author":1,"featured_media":14767,"comment_status":"","ping_status":"","sticky":false,"template":"","format":"standard","meta":{"footnotes":""},"categories":[48],"tags":[],"class_list":["post-14768","post","type-post","status-publish","format-standard","has-post-thumbnail","hentry","category-estilo-de-vida"],"acf":[],"_yoast_wpseo_primary_category":null,"_yoast_wpseo_title":null,"_yoast_wpseo_metadesc":null,"_links":{"self":[{"href":"https:\/\/www.journee-mondiale.com\/es\/wp-json\/wp\/v2\/posts\/14768","targetHints":{"allow":["GET"]}}],"collection":[{"href":"https:\/\/www.journee-mondiale.com\/es\/wp-json\/wp\/v2\/posts"}],"about":[{"href":"https:\/\/www.journee-mondiale.com\/es\/wp-json\/wp\/v2\/types\/post"}],"author":[{"embeddable":true,"href":"https:\/\/www.journee-mondiale.com\/es\/wp-json\/wp\/v2\/users\/1"}],"replies":[{"embeddable":true,"href":"https:\/\/www.journee-mondiale.com\/es\/wp-json\/wp\/v2\/comments?post=14768"}],"version-history":[{"count":0,"href":"https:\/\/www.journee-mondiale.com\/es\/wp-json\/wp\/v2\/posts\/14768\/revisions"}],"wp:featuredmedia":[{"embeddable":true,"href":"https:\/\/www.journee-mondiale.com\/es\/wp-json\/wp\/v2\/media\/14767"}],"wp:attachment":[{"href":"https:\/\/www.journee-mondiale.com\/es\/wp-json\/wp\/v2\/media?parent=14768"}],"wp:term":[{"taxonomy":"category","embeddable":true,"href":"https:\/\/www.journee-mondiale.com\/es\/wp-json\/wp\/v2\/categories?post=14768"},{"taxonomy":"post_tag","embeddable":true,"href":"https:\/\/www.journee-mondiale.com\/es\/wp-json\/wp\/v2\/tags?post=14768"}],"curies":[{"name":"wp","href":"https:\/\/api.w.org\/{rel}","templated":true}]}}