{"id":14764,"date":"2025-09-04T13:06:21","date_gmt":"2025-09-04T11:06:21","guid":{"rendered":"https:\/\/www.journee-mondiale.com\/es\/los-recogidos-con-trenza-que-estoy-usando-en-todas-las-bodas-de-otono-y-por-que-estan-reemplazando-a-los-monos-tradicionales\/"},"modified":"2025-09-04T13:06:21","modified_gmt":"2025-09-04T11:06:21","slug":"los-recogidos-con-trenza-que-estoy-usando-en-todas-las-bodas-de-otono-y-por-que-estan-reemplazando-a-los-monos-tradicionales","status":"publish","type":"post","link":"https:\/\/www.journee-mondiale.com\/es\/los-recogidos-con-trenza-que-estoy-usando-en-todas-las-bodas-de-otono-y-por-que-estan-reemplazando-a-los-monos-tradicionales\/","title":{"rendered":"Los recogidos con trenza que estoy usando en todas las bodas de oto\u00f1o (y por qu\u00e9 est\u00e1n reemplazando a los mo\u00f1os tradicionales)"},"content":{"rendered":"<p>En este oto\u00f1o 2025, los <strong>recogidos con trenza<\/strong> se han convertido en los protagonistas indiscutibles para invitadas de boda. Elegantes, vers\u00e1tiles y sorprendentemente sencillos de realizar, estos peinados combinan la sofisticaci\u00f3n necesaria para un evento formal con la comodidad que toda invitada busca para disfrutar de la celebraci\u00f3n sin preocupaciones.<\/p>\n<h2>La tendencia que domina las bodas de oto\u00f1o 2025<\/h2>\n<p>Seg\u00fan la reconocida estilista Mar\u00eda Fern\u00e1ndez, \u00ablos <strong>mo\u00f1os trenzados<\/strong> son la opci\u00f3n top para invitadas que buscan un peinado elegante con un toque bohemio y f\u00e1cil de llevar durante toda la celebraci\u00f3n\u00bb. Esta tendencia no solo realza la belleza natural, sino que ofrece una alternativa duradera frente a <a href=\"https:\/\/www.journee-mondiale.com\/es\/las-ondas-suaves-que-resisten-a-35c-el-peinado-salvavidas-que-domina-agosto-2025-y-el-truco-de-la-plancha-vertical-que-esta-cambiando-todo\/\" target=\"_blank\">las ondas suaves<\/a> que dominaron el verano.<\/p>\n<h2>Recogidos con trenza que favorecen a cualquier rostro<\/h2>\n<p>Lo maravilloso de esta tendencia es su capacidad para adaptarse a diferentes fisonom\u00edas. \u00abLas <strong>trenzas integradas<\/strong> en recogidos bajos aportan volumen y un toque rom\u00e1ntico que nunca pasa de moda, favoreciendo pr\u00e1cticamente a todas las formas de rostro\u00bb, explica Carlos Rodr\u00edguez, especialista en peinados para eventos.<\/p>\n<p>Los estilos m\u00e1s favorecedores incluyen:<\/p>\n<ul>\n<li>Mo\u00f1os bajos con trenza lateral para rostros ovalados y redondos<\/li>\n<li>Coronas trenzadas para rostros alargados<\/li>\n<li>Semi-recogidos con trenzas para rostros cuadrados<\/li>\n<\/ul>\n<h2>Naturalidad sofisticada: la clave del \u00e9xito<\/h2>\n<p>El <strong>acabado natural<\/strong> es fundamental para estos peinados. La directora creativa Ana L\u00f3pez afirma: \u00ab2025 es el a\u00f1o de la naturalidad sofisticada. La clave est\u00e1 en texturizar el cabello antes de trenzar para un resultado fresco que contrasta elegantemente con la formalidad de una boda\u00bb.<\/p>\n<p>Esta tendencia conecta perfectamente con otros estilos capilares de temporada como <a href=\"https:\/\/www.journee-mondiale.com\/es\/el-bob-frances-con-capas-secretas-el-corte-volumetrico-que-transforma-cabelleras-finas-con-70-menos-esfuerzo-y-esconde-5-beneficios-que-las-peluquerias-no-revelan\/\" target=\"_blank\">el bob franc\u00e9s con capas<\/a> o <a href=\"https:\/\/www.journee-mondiale.com\/es\/la-melena-midi-que-rejuvenece-8-anos-y-resiste-a-35c-el-secreto-esta-en-esos-4-centimetros-estrategicos-y-nadie-te-advierte\/\" target=\"_blank\">la melena midi rejuvenecedora<\/a>, adapt\u00e1ndose perfectamente a diferentes largos y texturas.<\/p>\n<h2>C\u00f3mo crear tu recogido con trenza en 4 pasos simples<\/h2>\n<p>Lo m\u00e1s sorprendente de estos peinados es su facilidad de ejecuci\u00f3n. Con <strong>pr\u00e1ctica b\u00e1sica<\/strong>, cualquier invitada puede conseguir resultados profesionales:<\/p>\n<ul>\n<li>Texturizar con spray salino para dar agarre<\/li>\n<li>Crear una o varias trenzas seg\u00fan el estilo elegido<\/li>\n<li>Formar el recogido integrando las trenzas<\/li>\n<li>Fijar con horquillas invisibles y laca ligera<\/li>\n<\/ul>\n<h2>El toque que marca la diferencia: adornos naturales<\/h2>\n<p>La asesora de imagen Elena Mart\u00ednez recomienda: \u00abIncluir <strong>flores naturales o secas<\/strong> en los recogidos con trenzas aporta un plus de originalidad y estilo, perfecto para bodas de oto\u00f1o\u00bb. Estos elementos naturales elevan el peinado sin complicar su realizaci\u00f3n.<\/p>\n<p>Para quienes prefieren looks m\u00e1s discretos, las opciones minimalistas tambi\u00e9n funcionan maravillosamente, como demuestra la popularidad creciente de <a href=\"https:\/\/www.journee-mondiale.com\/es\/el-corte-pixie-que-rejuvenece-8-anos-el-rostro-la-revolucion-capilar-que-resiste-a-35c-y-solo-necesita-5-minutos-diarios\/\" target=\"_blank\">el corte pixie<\/a> entre invitadas con cabello corto.<\/p>\n<h2>Soluciones para todo tipo de cabello<\/h2>\n<p>Las personas con <a href=\"https:\/\/www.journee-mondiale.com\/es\/el-cabello-mixto-la-tendencia-que-transformara-tu-melena-rebelde-a-35c-los-expertos-confirman-que-el-35-de-mujeres-lo-tiene-sin-saberlo\/\" target=\"_blank\">cabello mixto<\/a> tambi\u00e9n pueden lucir estos peinados. \u00abUn recogido bajo con trenza lateral es c\u00f3modo, elegante y muy f\u00e1cil de hacer en casa con <strong>texturizantes espec\u00edficos<\/strong> que controlan las diferentes texturas del cabello\u00bb, aconseja la estilista Luc\u00eda G\u00f3mez.<\/p>\n<h2>\u00bfPor qu\u00e9 estos peinados est\u00e1n conquistando las bodas de oto\u00f1o?<\/h2>\n<p>Adem\u00e1s de su elegancia intemporal, estos recogidos ofrecen <strong>versatilidad clim\u00e1tica<\/strong>, perfectos para las temperaturas variables de oto\u00f1o. Resistentes tanto a la humedad como al viento, garantizan que la invitada mantenga su peinado impecable durante toda la celebraci\u00f3n.<\/p>\n<p>\u00bfTe atrever\u00e1s a lucir el peinado estrella de las bodas este oto\u00f1o? Los recogidos con trenza no solo te convertir\u00e1n en una invitada perfecta, sino que te aportar\u00e1n esa confianza y comodidad que necesitas para disfrutar plenamente de cada momento especial, mientras luces radiante y a la \u00faltima tendencia.<\/p>\n","protected":false},"excerpt":{"rendered":"<p>En este oto\u00f1o 2025, los recogidos con trenza se han convertido en los protagonistas indiscutibles para invitadas de boda. Elegantes, vers\u00e1tiles y sorprendentemente sencillos de realizar, estos peinados combinan la sofisticaci\u00f3n necesaria para un evento formal con la comodidad que toda invitada busca para disfrutar de la celebraci\u00f3n sin preocupaciones. La tendencia que domina las &#8230; <a title=\"Los recogidos con trenza que estoy usando en todas las bodas de oto\u00f1o (y por qu\u00e9 est\u00e1n reemplazando a los mo\u00f1os tradicionales)\" class=\"read-more\" href=\"https:\/\/www.journee-mondiale.com\/es\/los-recogidos-con-trenza-que-estoy-usando-en-todas-las-bodas-de-otono-y-por-que-estan-reemplazando-a-los-monos-tradicionales\/\" aria-label=\"Leer m\u00e1s sobre Los recogidos con trenza que estoy usando en todas las bodas de oto\u00f1o (y por qu\u00e9 est\u00e1n reemplazando a los mo\u00f1os tradicionales)\">Lire plus<\/a><\/p>\n","protected":false},"author":1,"featured_media":14763,"comment_status":"","ping_status":"","sticky":false,"template":"","format":"standard","meta":{"footnotes":""},"categories":[48],"tags":[],"class_list":["post-14764","post","type-post","status-publish","format-standard","has-post-thumbnail","hentry","category-estilo-de-vida"],"acf":[],"_yoast_wpseo_primary_category":null,"_yoast_wpseo_title":null,"_yoast_wpseo_metadesc":null,"_links":{"self":[{"href":"https:\/\/www.journee-mondiale.com\/es\/wp-json\/wp\/v2\/posts\/14764","targetHints":{"allow":["GET"]}}],"collection":[{"href":"https:\/\/www.journee-mondiale.com\/es\/wp-json\/wp\/v2\/posts"}],"about":[{"href":"https:\/\/www.journee-mondiale.com\/es\/wp-json\/wp\/v2\/types\/post"}],"author":[{"embeddable":true,"href":"https:\/\/www.journee-mondiale.com\/es\/wp-json\/wp\/v2\/users\/1"}],"replies":[{"embeddable":true,"href":"https:\/\/www.journee-mondiale.com\/es\/wp-json\/wp\/v2\/comments?post=14764"}],"version-history":[{"count":0,"href":"https:\/\/www.journee-mondiale.com\/es\/wp-json\/wp\/v2\/posts\/14764\/revisions"}],"wp:featuredmedia":[{"embeddable":true,"href":"https:\/\/www.journee-mondiale.com\/es\/wp-json\/wp\/v2\/media\/14763"}],"wp:attachment":[{"href":"https:\/\/www.journee-mondiale.com\/es\/wp-json\/wp\/v2\/media?parent=14764"}],"wp:term":[{"taxonomy":"category","embeddable":true,"href":"https:\/\/www.journee-mondiale.com\/es\/wp-json\/wp\/v2\/categories?post=14764"},{"taxonomy":"post_tag","embeddable":true,"href":"https:\/\/www.journee-mondiale.com\/es\/wp-json\/wp\/v2\/tags?post=14764"}],"curies":[{"name":"wp","href":"https:\/\/api.w.org\/{rel}","templated":true}]}}