{"id":14758,"date":"2025-09-03T19:00:20","date_gmt":"2025-09-03T17:00:20","guid":{"rendered":"https:\/\/www.journee-mondiale.com\/es\/el-corte-liso-con-raya-media-que-rejuvenece-7-anos-la-tendencia-que-esta-transformando-los-rostros-espanoles-este-otono-2025-y-el-secreto-esta-en-esos-milimetros\/"},"modified":"2025-09-03T19:00:20","modified_gmt":"2025-09-03T17:00:20","slug":"el-corte-liso-con-raya-media-que-rejuvenece-7-anos-la-tendencia-que-esta-transformando-los-rostros-espanoles-este-otono-2025-y-el-secreto-esta-en-esos-milimetros","status":"publish","type":"post","link":"https:\/\/www.journee-mondiale.com\/es\/el-corte-liso-con-raya-media-que-rejuvenece-7-anos-la-tendencia-que-esta-transformando-los-rostros-espanoles-este-otono-2025-y-el-secreto-esta-en-esos-milimetros\/","title":{"rendered":"El corte liso con raya media que rejuvenece 7 a\u00f1os: la tendencia que est\u00e1 transformando los rostros espa\u00f1oles este oto\u00f1o 2025 (y el secreto est\u00e1 en esos mil\u00edmetros)"},"content":{"rendered":"<p>El corte liso con raya media se consolida como la tendencia capilar m\u00e1s <strong>elegante y rejuvenecedora<\/strong> para este oto\u00f1o 2025. Un estilo aparentemente sencillo que esconde una sofisticaci\u00f3n capaz de transformar tu imagen en cuesti\u00f3n de minutos. Este look cl\u00e1sico ha regresado con fuerza a las pasarelas y calles de Madrid, convirti\u00e9ndose en el aliado perfecto para quienes buscan un cambio sin complicaciones pero con m\u00e1ximo impacto.<\/p>\n<h2>\u00bfPor qu\u00e9 el corte liso con raya media est\u00e1 revolucionando el oto\u00f1o 2025?<\/h2>\n<p>La magia de este estilo radica en su capacidad para estilizar el rostro y <strong>rejuvenecer la apariencia<\/strong> hasta 7 a\u00f1os. La simetr\u00eda perfecta que aporta la raya central crea un marco equilibrado que alarga visualmente las facciones, favoreciendo especialmente a rostros redondos y ovalados.<\/p>\n<p>\u00abEl corte liso con raya media es la declaraci\u00f3n de elegancia m\u00e1s potente de la temporada. Su precisi\u00f3n y simetr\u00eda generan un efecto lifting natural sin necesidad de cirug\u00eda\u00bb, explica Luc\u00eda Moreno, directora creativa de Tendencias Capilares en Barcelona.<\/p>\n<h2>El secreto detr\u00e1s de su poder transformador<\/h2>\n<p>Este peinado act\u00faa como un <strong>lienzo pulido<\/strong> que refleja la luz, potenciando el brillo natural del cabello. Como un marco perfecto para una obra de arte, la raya media enmarca tu rostro destacando tus mejores \u00e1ngulos y suavizando cualquier imperfecci\u00f3n.<\/p>\n<p>Si buscas alternativas con m\u00e1s textura, puedes explorar <a href=\"https:\/\/www.journee-mondiale.com\/es\/el-corte-pixie-con-nuca-rapada-que-rejuvenece-8-anos-y-reduce-el-tiempo-de-secado-un-70-la-revolucion-capilar-otono-2025\/\" target=\"_blank\">el corte pixie con nuca rapada<\/a>, que tambi\u00e9n ofrece un efecto rejuvenecedor, aunque con un estilo completamente diferente.<\/p>\n<h2>\u00bfA qui\u00e9n favorece este estilo atemporal?<\/h2>\n<p>Lo fascinante del corte liso con raya media es su <strong>versatilidad universal<\/strong>. Funciona maravillosamente en:<\/p>\n<ul>\n<li>Cabellos finos, aportando una sensaci\u00f3n de mayor densidad<\/li>\n<li>Melenas gruesas, domando el volumen excesivo<\/li>\n<li>Rostros alargados, equilibrando proporciones<\/li>\n<li>Caras redondas, creando la ilusi\u00f3n de mayor longitud<\/li>\n<\/ul>\n<h2>C\u00f3mo conseguir el corte liso perfecto: consejos de expertos<\/h2>\n<p>Miguel \u00c1ngel Torres, estilista de celebridades en Madrid, comparte: \u00abEl secreto est\u00e1 en el acabado ultra brillante y en unas <strong>puntas perfectamente definidas<\/strong>. Recomiendo invertir en un buen protector t\u00e9rmico y en tratamientos que aporten brillo excepcional\u00bb.<\/p>\n<p>Para quienes buscan opciones con mayor movimiento, <a href=\"https:\/\/www.journee-mondiale.com\/es\/la-melena-midi-que-rejuvenece-8-anos-y-resiste-a-35c-el-secreto-esta-en-esos-4-centimetros-estrategicos-y-nadie-te-advierte\/\" target=\"_blank\">la melena midi<\/a> puede ser una alternativa interesante que mantiene el efecto rejuvenecedor.<\/p>\n<h2>El arte de mantener la raya perfecta<\/h2>\n<p>Recuerdo cuando Clara, una clienta habitual del sal\u00f3n, lleg\u00f3 desesperada porque no lograba mantener su raya media impecable. La soluci\u00f3n fue sorprendentemente simple: utilizar un <strong>peine de p\u00faa fina<\/strong> cuando el cabello est\u00e1 h\u00famedo, y sellar con aire fr\u00edo del secador.<\/p>\n<p>Para mayor inspiraci\u00f3n en estilos vers\u00e1tiles, puedes consultar <a href=\"https:\/\/www.journee-mondiale.com\/es\/el-bob-frances-con-capas-secretas-el-corte-volumetrico-que-transforma-cabelleras-finas-con-70-menos-esfuerzo-y-esconde-5-beneficios-que-las-peluquerias-no-revelan\/\" target=\"_blank\">el bob franc\u00e9s con capas secretas<\/a> que ofrece una alternativa volum\u00e9trica.<\/p>\n<h2>Productos esenciales para un acabado profesional<\/h2>\n<p>Para mantener este look impecable necesitar\u00e1s:<\/p>\n<ul>\n<li>S\u00e9rum con aceites naturales para un <strong>brillo cristalino<\/strong><\/li>\n<li>Protector t\u00e9rmico de alta calidad<\/li>\n<li>Champ\u00fa y acondicionador espec\u00edficos para cabello liso<\/li>\n<\/ul>\n<h2>Variaciones modernas del cl\u00e1sico corte liso<\/h2>\n<p>El corte liso tradicional ha evolucionado para adaptarse a los gustos contempor\u00e1neos. Para quienes prefieren un toque m\u00e1s actual, <a href=\"https:\/\/www.journee-mondiale.com\/es\/el-corte-asimetrico-que-rejuvenece-8-anos-y-reduce-el-tiempo-de-peinado-a-solo-5-minutos-la-revolucion-capilar-que-transforma-espana-este-otono\/\" target=\"_blank\">el corte asim\u00e9trico<\/a> ofrece una alternativa rejuvenecedora con menor tiempo de peinado.<\/p>\n<p>Como una <strong>sinfon\u00eda bien ejecutada<\/strong>, el equilibrio entre la simplicidad de la raya media y la precisi\u00f3n del corte crean una armon\u00eda visual que resulta irresistiblemente elegante.<\/p>\n<h2>C\u00f3mo combinar este corte con texturas diferentes<\/h2>\n<p>Si prefieres a\u00f1adir movimiento sin perder la esencia, puedes complementar tu corte con <a href=\"https:\/\/www.journee-mondiale.com\/es\/las-ondas-suaves-que-resisten-a-35c-el-peinado-salvavidas-que-domina-agosto-2025-y-el-truco-de-la-plancha-vertical-que-esta-cambiando-todo\/\" target=\"_blank\">ondas suaves resistentes<\/a> que aportan dimensi\u00f3n manteniendo la sofisticaci\u00f3n.<\/p>\n<h2>\u00bfEst\u00e1s lista para revolucionar tu imagen este oto\u00f1o?<\/h2>\n<p>El corte liso con raya media es mucho m\u00e1s que un peinado; es una declaraci\u00f3n de confianza y estilo atemporal. Su aparente simplicidad esconde un poder transformador que puede elevar cualquier look del d\u00eda a d\u00eda a una versi\u00f3n mejorada de ti misma. Atr\u00e9vete a explorar esta tendencia y descubre c\u00f3mo la simetr\u00eda perfecta puede convertirse en tu mejor aliada de belleza.<\/p>\n","protected":false},"excerpt":{"rendered":"<p>El corte liso con raya media se consolida como la tendencia capilar m\u00e1s elegante y rejuvenecedora para este oto\u00f1o 2025. Un estilo aparentemente sencillo que esconde una sofisticaci\u00f3n capaz de transformar tu imagen en cuesti\u00f3n de minutos. Este look cl\u00e1sico ha regresado con fuerza a las pasarelas y calles de Madrid, convirti\u00e9ndose en el aliado &#8230; <a title=\"El corte liso con raya media que rejuvenece 7 a\u00f1os: la tendencia que est\u00e1 transformando los rostros espa\u00f1oles este oto\u00f1o 2025 (y el secreto est\u00e1 en esos mil\u00edmetros)\" class=\"read-more\" href=\"https:\/\/www.journee-mondiale.com\/es\/el-corte-liso-con-raya-media-que-rejuvenece-7-anos-la-tendencia-que-esta-transformando-los-rostros-espanoles-este-otono-2025-y-el-secreto-esta-en-esos-milimetros\/\" aria-label=\"Leer m\u00e1s sobre El corte liso con raya media que rejuvenece 7 a\u00f1os: la tendencia que est\u00e1 transformando los rostros espa\u00f1oles este oto\u00f1o 2025 (y el secreto est\u00e1 en esos mil\u00edmetros)\">Lire plus<\/a><\/p>\n","protected":false},"author":1,"featured_media":14757,"comment_status":"","ping_status":"","sticky":false,"template":"","format":"standard","meta":{"footnotes":""},"categories":[48],"tags":[],"class_list":["post-14758","post","type-post","status-publish","format-standard","has-post-thumbnail","hentry","category-estilo-de-vida"],"acf":[],"_yoast_wpseo_primary_category":null,"_yoast_wpseo_title":null,"_yoast_wpseo_metadesc":null,"_links":{"self":[{"href":"https:\/\/www.journee-mondiale.com\/es\/wp-json\/wp\/v2\/posts\/14758","targetHints":{"allow":["GET"]}}],"collection":[{"href":"https:\/\/www.journee-mondiale.com\/es\/wp-json\/wp\/v2\/posts"}],"about":[{"href":"https:\/\/www.journee-mondiale.com\/es\/wp-json\/wp\/v2\/types\/post"}],"author":[{"embeddable":true,"href":"https:\/\/www.journee-mondiale.com\/es\/wp-json\/wp\/v2\/users\/1"}],"replies":[{"embeddable":true,"href":"https:\/\/www.journee-mondiale.com\/es\/wp-json\/wp\/v2\/comments?post=14758"}],"version-history":[{"count":0,"href":"https:\/\/www.journee-mondiale.com\/es\/wp-json\/wp\/v2\/posts\/14758\/revisions"}],"wp:featuredmedia":[{"embeddable":true,"href":"https:\/\/www.journee-mondiale.com\/es\/wp-json\/wp\/v2\/media\/14757"}],"wp:attachment":[{"href":"https:\/\/www.journee-mondiale.com\/es\/wp-json\/wp\/v2\/media?parent=14758"}],"wp:term":[{"taxonomy":"category","embeddable":true,"href":"https:\/\/www.journee-mondiale.com\/es\/wp-json\/wp\/v2\/categories?post=14758"},{"taxonomy":"post_tag","embeddable":true,"href":"https:\/\/www.journee-mondiale.com\/es\/wp-json\/wp\/v2\/tags?post=14758"}],"curies":[{"name":"wp","href":"https:\/\/api.w.org\/{rel}","templated":true}]}}