{"id":14752,"date":"2025-09-03T11:06:51","date_gmt":"2025-09-03T09:06:51","guid":{"rendered":"https:\/\/www.journee-mondiale.com\/es\/tomate-raff-y-ventresca-la-ensalada-mediterranea-que-eleva-tus-sentidos-en-15-minutos\/"},"modified":"2025-09-03T11:06:51","modified_gmt":"2025-09-03T09:06:51","slug":"tomate-raff-y-ventresca-la-ensalada-mediterranea-que-eleva-tus-sentidos-en-15-minutos","status":"publish","type":"post","link":"https:\/\/www.journee-mondiale.com\/es\/tomate-raff-y-ventresca-la-ensalada-mediterranea-que-eleva-tus-sentidos-en-15-minutos\/","title":{"rendered":"Tomate raff y ventresca: la ensalada mediterr\u00e1nea que eleva tus sentidos en 15 minutos"},"content":{"rendered":"<p>En mis m\u00e1s de dos d\u00e9cadas como chef, pocas preparaciones capturan la esencia mediterr\u00e1nea como mi ensalada de tomate raff y ventresca. Recuerdo v\u00edvidamente mi primera visita a un mercado catal\u00e1n, donde un agricultor de manos curtidas me present\u00f3 el tomate raff como \u00abel rub\u00ed del huerto\u00bb. Al probarlo, entend\u00ed inmediatamente por qu\u00e9 esta variedad es considerada la aristocracia del tomate espa\u00f1ol. Cuando se combina con la sedosa ventresca de at\u00fan, el resultado es una sinfon\u00eda de sabores que trasciende su aparente simplicidad. \ud83c\udf45\u2728<\/p>\n<h2>La historia ancestral de nuestra ensalada mediterr\u00e1nea \ud83d\udcd6<\/h2>\n<p>Esta ensalada tiene ra\u00edces profundas en la tradici\u00f3n culinaria espa\u00f1ola, emparentada con la refrescante t\u00e9cnica del <a href=\"https:\/\/www.journee-mondiale.com\/es\/gazpacho-andaluz-la-sopa-fria-que-refresca-espana-en-15-minutos\/\">gazpacho andaluz<\/a> por su aprovechamiento del tomate en su punto \u00f3ptimo. Aunque originalmente surgi\u00f3 en las casas de pescadores que combinaban sus conservas con productos de huerta, con el tiempo ha evolucionado hasta convertirse en un plato de alta gastronom\u00eda gracias a la selecci\u00f3n minuciosa de sus ingredientes.<\/p>\n<p>Mi abuela materna, originaria de Valencia, preparaba una versi\u00f3n que llamaba \u00abmoje de conserva\u00bb utilizando tomates de su huerto y at\u00fan en aceite guardado especialmente para ocasiones donde la familia se reun\u00eda en verano. La tradici\u00f3n de esta receta se ha transmitido por generaciones, adapt\u00e1ndose a cada regi\u00f3n pero manteniendo su esp\u00edritu mediterr\u00e1neo intacto. \ud83c\udf3f\ud83c\udf0a<\/p>\n<h2>Ingredientes que marcan la diferencia \ud83e\uddfe<\/h2>\n<p><strong>Para 4 comensales:<\/strong><\/p>\n<ul>\n<li>800g de tomate raff en su punto \u00f3ptimo de maduraci\u00f3n<\/li>\n<li>200g de ventresca de at\u00fan en aceite de oliva<\/li>\n<li>2 huevos camperos<\/li>\n<li>1 cebolleta tierna<\/li>\n<li>100g de aceitunas negras arbequinas<\/li>\n<li>80ml de aceite de oliva virgen extra (preferiblemente Arbequina o Picual)<\/li>\n<li>Sal marina en escamas<\/li>\n<\/ul>\n<h2>El m\u00e9todo del chef: paso a paso \ud83d\udcdd<\/h2>\n<p><strong>1.<\/strong> Comenzamos cociendo los huevos. A diferencia de cuando preparamos un <a href=\"https:\/\/www.journee-mondiale.com\/es\/pure-de-patatas-celestial-el-truco-del-caldo-que-lo-eleva-a-otro-nivel-en-30-minutos\/\">pur\u00e9 de patatas celestial<\/a>, donde necesitamos precisi\u00f3n absoluta en los tiempos, aqu\u00ed buscamos una yema cremosa pero cuajada. Sumerge los huevos en agua hirviendo durante exactamente 10 minutos, luego transfi\u00e9relos inmediatamente a un ba\u00f1o de agua helada para detener la cocci\u00f3n.<\/p>\n<p><strong>2.<\/strong> Mientras, corta la cebolleta en juliana muy fina y sum\u00e9rge en agua fr\u00eda con una cucharadita de sal durante 15 minutos. Este paso es crucial: elimina el picor excesivo pero conserva su frescura arom\u00e1tica.<\/p>\n<p><strong>3.<\/strong> Ahora llega el momento del protagonista: el tomate raff. L\u00e1valos y c\u00f3rtalos en gajos irregulares, preservando todo su jugo natural. La t\u00e9cnica correcta requiere que algunos trozos queden casi enteros mientras otros se deshacen ligeramente, creando una textura contrastante que es fundamental para el \u00e9xito del plato.<\/p>\n<blockquote><p><strong>Nota del Chef:<\/strong> El tomate raff debe estar en su punto perfecto de madurez: piel ligeramente arrugada pero firme al tacto, y con un intenso aroma a tierra y sol. Si no consigues esta variedad, puedes sustituirla por tomates kumato o coraz\u00f3n de buey, aunque el perfil de sabor ser\u00e1 ligeramente diferente. \ud83c\udf45<\/p><\/blockquote>\n<p><strong>4.<\/strong> Escurre la cebolleta y s\u00e9cala ligeramente con papel absorbente. Pela los huevos y c\u00f3rtalos en rodajas o gajos seg\u00fan prefieras.<\/p>\n<p><strong>5.<\/strong> En una fuente amplia y poco profunda, disp\u00f3n el tomate con todo su jugo. A\u00f1ade la ventresca de at\u00fan desmigada con delicadeza, procurando mantener trozos grandes que permitan apreciar su textura sedosa. Incorpora los huevos, la cebolleta y las aceitunas de forma armoniosa.<\/p>\n<p><strong>6.<\/strong> Finaliza con un generoso chorro de aceite de oliva virgen extra y sal marina en escamas al gusto. Mezcla suavemente con movimientos envolventes, como si estuvieras incorporando aire a un <a href=\"https:\/\/www.journee-mondiale.com\/es\/bizcocho-de-naranja-la-tecnica-espanola-que-logra-un-sabor-citrico-explosivo-en-40-minutos\/\">bizcocho de naranja<\/a>, evitando machacar excesivamente el tomate.<\/p>\n<h2>T\u00e9cnicas secretas del maestro \ud83e\udd2b<\/h2>\n<p>El verdadero secreto de esta ensalada reside en el equilibrio. Si tus tomates est\u00e1n particularmente jugosos, col\u00f3calos en un colador unos minutos antes de cortarlos para eliminar el exceso de agua sin perder sabor.<\/p>\n<p>Reserva siempre el aceite de la conserva de ventresca. Este l\u00edquido dorado contiene el sabor concentrado del at\u00fan y puede incorporarse parcialmente al ali\u00f1o final para intensificar el sabor marino del plato.<\/p>\n<p>La temperatura es crucial: esta ensalada debe servirse a unos 16-18\u00b0C, ligeramente por debajo de la temperatura ambiente. Nunca fr\u00eda como un <a href=\"https:\/\/www.journee-mondiale.com\/es\/helado-de-leche-casero-5-ingredientes-y-4-horas-para-un-postre-aterciopelado-sin-heladera\/\">helado de leche casero<\/a>, ni excesivamente caliente, para preservar la integridad de los ingredientes y permitir que los sabores se expresen plenamente.<\/p>\n<h2>Presentaci\u00f3n y maridaje: el toque final \ud83c\udf7d\ufe0f<\/h2>\n<p>Sirve esta ensalada en platos hondos de cer\u00e1mica tradicional espa\u00f1ola. Finaliza con un \u00faltimo hilo de aceite de oliva que crear\u00e1 un efecto visual de gotas doradas sobre el rojo intenso del tomate.<\/p>\n<p>Para el maridaje, recomiendo un Albari\u00f1o bien fr\u00edo o, si prefieres tinto, un Menc\u00eda joven servido ligeramente fresco. La combinaci\u00f3n equilibra perfectamente la acidez natural del tomate y la riqueza de la ventresca.<\/p>\n<p>Si deseas completar una experiencia gastron\u00f3mica inolvidable, acompa\u00f1a esta ensalada con un <a href=\"https:\/\/www.journee-mondiale.com\/es\/clafoutis-de-cerezas-la-formula-1-1-1-2-que-revoluciona-este-postre-frances\/\">clafoutis de cerezas<\/a> de postre, creando un contraste delicioso entre el salado mediterr\u00e1neo y el dulce franc\u00e9s.<\/p>\n<p>Despu\u00e9s de todos estos a\u00f1os cocinando, sigo emocion\u00e1ndome al ver c\u00f3mo una receta tan aparentemente sencilla puede transportarnos directamente a las costas mediterr\u00e1neas. La verdadera magia de la cocina no est\u00e1 en t\u00e9cnicas complicadas, sino en entender y respetar cada ingrediente. Esta ensalada es un testimonio vivo de que la excelencia culinaria a menudo reside en la simplicidad bien ejecutada. \u00a1Buen provecho! \ud83c\udf1e\ud83c\udf77<\/p>\n","protected":false},"excerpt":{"rendered":"<p>En mis m\u00e1s de dos d\u00e9cadas como chef, pocas preparaciones capturan la esencia mediterr\u00e1nea como mi ensalada de tomate raff y ventresca. Recuerdo v\u00edvidamente mi primera visita a un mercado catal\u00e1n, donde un agricultor de manos curtidas me present\u00f3 el tomate raff como \u00abel rub\u00ed del huerto\u00bb. Al probarlo, entend\u00ed inmediatamente por qu\u00e9 esta variedad &#8230; <a title=\"Tomate raff y ventresca: la ensalada mediterr\u00e1nea que eleva tus sentidos en 15 minutos\" class=\"read-more\" href=\"https:\/\/www.journee-mondiale.com\/es\/tomate-raff-y-ventresca-la-ensalada-mediterranea-que-eleva-tus-sentidos-en-15-minutos\/\" aria-label=\"Leer m\u00e1s sobre Tomate raff y ventresca: la ensalada mediterr\u00e1nea que eleva tus sentidos en 15 minutos\">Lire plus<\/a><\/p>\n","protected":false},"author":1,"featured_media":14751,"comment_status":"","ping_status":"","sticky":false,"template":"","format":"standard","meta":{"footnotes":""},"categories":[50],"tags":[],"class_list":["post-14752","post","type-post","status-publish","format-standard","has-post-thumbnail","hentry","category-cocina"],"acf":[],"_yoast_wpseo_primary_category":null,"_yoast_wpseo_title":null,"_yoast_wpseo_metadesc":null,"_links":{"self":[{"href":"https:\/\/www.journee-mondiale.com\/es\/wp-json\/wp\/v2\/posts\/14752","targetHints":{"allow":["GET"]}}],"collection":[{"href":"https:\/\/www.journee-mondiale.com\/es\/wp-json\/wp\/v2\/posts"}],"about":[{"href":"https:\/\/www.journee-mondiale.com\/es\/wp-json\/wp\/v2\/types\/post"}],"author":[{"embeddable":true,"href":"https:\/\/www.journee-mondiale.com\/es\/wp-json\/wp\/v2\/users\/1"}],"replies":[{"embeddable":true,"href":"https:\/\/www.journee-mondiale.com\/es\/wp-json\/wp\/v2\/comments?post=14752"}],"version-history":[{"count":0,"href":"https:\/\/www.journee-mondiale.com\/es\/wp-json\/wp\/v2\/posts\/14752\/revisions"}],"wp:featuredmedia":[{"embeddable":true,"href":"https:\/\/www.journee-mondiale.com\/es\/wp-json\/wp\/v2\/media\/14751"}],"wp:attachment":[{"href":"https:\/\/www.journee-mondiale.com\/es\/wp-json\/wp\/v2\/media?parent=14752"}],"wp:term":[{"taxonomy":"category","embeddable":true,"href":"https:\/\/www.journee-mondiale.com\/es\/wp-json\/wp\/v2\/categories?post=14752"},{"taxonomy":"post_tag","embeddable":true,"href":"https:\/\/www.journee-mondiale.com\/es\/wp-json\/wp\/v2\/tags?post=14752"}],"curies":[{"name":"wp","href":"https:\/\/api.w.org\/{rel}","templated":true}]}}