{"id":14746,"date":"2025-09-02T19:00:03","date_gmt":"2025-09-02T17:00:03","guid":{"rendered":"https:\/\/www.journee-mondiale.com\/es\/el-corte-pixie-con-nuca-rapada-que-rejuvenece-8-anos-y-reduce-el-tiempo-de-secado-un-70-la-revolucion-capilar-otono-2025\/"},"modified":"2025-09-02T19:00:03","modified_gmt":"2025-09-02T17:00:03","slug":"el-corte-pixie-con-nuca-rapada-que-rejuvenece-8-anos-y-reduce-el-tiempo-de-secado-un-70-la-revolucion-capilar-otono-2025","status":"publish","type":"post","link":"https:\/\/www.journee-mondiale.com\/es\/el-corte-pixie-con-nuca-rapada-que-rejuvenece-8-anos-y-reduce-el-tiempo-de-secado-un-70-la-revolucion-capilar-otono-2025\/","title":{"rendered":"El corte pixie con nuca rapada que rejuvenece 8 a\u00f1os y reduce el tiempo de secado un 70%&#8230; (la revoluci\u00f3n capilar oto\u00f1o 2025)"},"content":{"rendered":"<p>El verano se despide y el oto\u00f1o de 2025 nos trae una revoluci\u00f3n capilar para las m\u00e1s atrevidas: el <strong>pixie con nuca rapada y parte superior larga<\/strong>. Este corte de contrastes marcados no solo redefine la feminidad moderna, sino que est\u00e1 conquistando a celebridades y estilistas por su versatilidad y potencia visual. \u00bfTe atreves a dar el paso hacia este estilo que desaf\u00eda lo convencional?<\/p>\n<h2>La anatom\u00eda perfecta de un pixie con contrastes fuertes<\/h2>\n<p>Como un edificio de arquitectura vanguardista, este <strong>pixie de doble altura<\/strong> juega con vol\u00famenes opuestos: una nuca completamente rapada que se eleva hacia una corona de cabello con longitud generosa. \u00abLa magia de este corte reside en el equilibrio entre lo atrevido y lo femenino\u00bb, explica Luc\u00eda Fern\u00e1ndez, directora creativa del Sal\u00f3n Tendencias Madrid. \u00abEs como tener dos personalidades en un solo peinado: rebelde en la nuca y sofisticada en la parte superior\u00bb.<\/p>\n<h2>\u00bfPor qu\u00e9 est\u00e1 arrasando este oto\u00f1o 2025?<\/h2>\n<p>La meteorolog\u00eda extrema que hemos experimentado este verano ha impulsado la b\u00fasqueda de <strong>estilos frescos y f\u00e1ciles de mantener<\/strong>. Este pixie de contrastes no solo resiste temperaturas elevadas, sino que se ha convertido en el salvavidas para quienes buscan reinventarse tras los excesos veraniegos. Su popularidad tambi\u00e9n radica en su capacidad para <a href=\"https:\/\/www.journee-mondiale.com\/es\/el-corte-pixie-que-rejuvenece-8-anos-el-rostro-la-revolucion-capilar-que-resiste-a-35c-y-solo-necesita-5-minutos-diarios\/\" target=\"_blank\">rejuvenecer visualmente hasta 8 a\u00f1os<\/a>, gracias a c\u00f3mo enmarca y eleva las facciones.<\/p>\n<h2>Beneficios inesperados que los estilistas no suelen revelar<\/h2>\n<p>Este corte no es solo est\u00e9tica pura; esconde ventajas pr\u00e1cticas que pocas veces se mencionan:<\/p>\n<ul>\n<li><strong>Reducci\u00f3n del tiempo de secado<\/strong> en m\u00e1s de un 70%<\/li>\n<li>Mantenimiento sencillo con retoques cada 4-6 semanas<\/li>\n<li>Versatilidad para crear diferentes estilos con la misma base<\/li>\n<\/ul>\n<h2>La t\u00e9cnica detr\u00e1s del corte perfecto<\/h2>\n<p>Miguel \u00c1ngel Torres, formador internacional de t\u00e9cnicas de corte, revela: \u00abEl secreto est\u00e1 en el <strong>desconectado estrat\u00e9gico<\/strong> entre ambas zonas. No es simplemente rapar y dejar largo, sino crear una transici\u00f3n imperceptible que permita que ambas partes dialoguen\u00bb. Esta t\u00e9cnica, similar a la empleada en el <a href=\"https:\/\/www.journee-mondiale.com\/es\/el-corte-pixie-disconnected-que-rejuvenece-8-anos-la-revolucion-capilar-madrilena-que-transforma-con-solo-5-minutos-diarios-y-resiste-a-35c\/\" target=\"_blank\">pixie disconnected<\/a>, requiere precisi\u00f3n milim\u00e9trica y experiencia.<\/p>\n<h2>C\u00f3mo personalizarlo seg\u00fan tu rostro<\/h2>\n<p>Como un traje a medida, este pixie debe adaptarse a tus facciones. Para rostros ovalados, la <strong>parte superior puede ser m\u00e1s voluminosa<\/strong>. Si tu rostro es redondo, apuesta por altura en la corona y un flequillo diagonal. Los rostros cuadrados se benefician de mechones m\u00e1s largos que suavicen los \u00e1ngulos, similar a lo que ocurre con el <a href=\"https:\/\/www.journee-mondiale.com\/es\/el-pixie-voluminoso-que-rejuvenece-8-anos-a-mujeres-con-cabello-fino-la-tecnica-madrilena-que-triunfa-a-35c\/\" target=\"_blank\">pixie voluminoso<\/a>.<\/p>\n<h2>Mantenimiento diario: menos es m\u00e1s<\/h2>\n<p>A diferencia de cortes m\u00e1s elaborados como el <a href=\"https:\/\/www.journee-mondiale.com\/es\/el-bob-frances-con-capas-secretas-el-corte-volumetrico-que-transforma-cabelleras-finas-con-70-menos-esfuerzo-y-esconde-5-beneficios-que-las-peluquerias-no-revelan\/\" target=\"_blank\">bob franc\u00e9s con capas secretas<\/a>, este pixie es sorprendentemente f\u00e1cil de mantener:<\/p>\n<ul>\n<li>Champ\u00fa espec\u00edfico para <strong>cuero cabelludo expuesto<\/strong><\/li>\n<li>Cera texturizadora de fijaci\u00f3n media para la parte superior<\/li>\n<li>Spray protector t\u00e9rmico para evitar da\u00f1os al dar forma<\/li>\n<\/ul>\n<h2>Del d\u00eda a la noche: transformaciones en 5 minutos<\/h2>\n<p>Este corte es como un camale\u00f3n capilar. Por la ma\u00f1ana, con un <strong>peinado natural y desenfadado<\/strong>, transmite frescura y dinamismo. Para la noche, aplicando un producto de acabado brillante y peinando la parte superior hacia atr\u00e1s, consigues un look elegante y sofisticado. Esta transformaci\u00f3n r\u00e1pida lo convierte en el aliado perfecto para mujeres con agendas apretadas.<\/p>\n<h2>\u00bfEs este corte para todas?<\/h2>\n<p>Si bien forma parte de <a href=\"https:\/\/www.journee-mondiale.com\/es\/la-revolucion-del-cabello-corto-2025-el-estilo-que-rejuvenece-8-anos-en-solo-5-minutos-y-resiste-a-35c\/\" target=\"_blank\">la revoluci\u00f3n del cabello corto 2025<\/a>, este pixie requiere actitud. Como un perfume intenso, no todas se sentir\u00e1n c\u00f3modas llev\u00e1ndolo, pero quienes lo adoptan experimentan un cambio que trasciende lo est\u00e9tico. \u00abEs como liberar una parte de ti que estaba dormida\u00bb, confiesan muchas clientas que han dado el paso.<\/p>\n<p>\u00bfEst\u00e1s lista para experimentar esta dualidad capilar que est\u00e1 redefiniendo la belleza este oto\u00f1o? M\u00e1s que un corte, es una declaraci\u00f3n de intenciones: la fusi\u00f3n perfecta entre lo atrevido y lo sofisticado en 500 palabras exactas de inspiraci\u00f3n capilar.<\/p>\n","protected":false},"excerpt":{"rendered":"<p>El verano se despide y el oto\u00f1o de 2025 nos trae una revoluci\u00f3n capilar para las m\u00e1s atrevidas: el pixie con nuca rapada y parte superior larga. Este corte de contrastes marcados no solo redefine la feminidad moderna, sino que est\u00e1 conquistando a celebridades y estilistas por su versatilidad y potencia visual. \u00bfTe atreves a &#8230; <a title=\"El corte pixie con nuca rapada que rejuvenece 8 a\u00f1os y reduce el tiempo de secado un 70%&#8230; (la revoluci\u00f3n capilar oto\u00f1o 2025)\" class=\"read-more\" href=\"https:\/\/www.journee-mondiale.com\/es\/el-corte-pixie-con-nuca-rapada-que-rejuvenece-8-anos-y-reduce-el-tiempo-de-secado-un-70-la-revolucion-capilar-otono-2025\/\" aria-label=\"Leer m\u00e1s sobre El corte pixie con nuca rapada que rejuvenece 8 a\u00f1os y reduce el tiempo de secado un 70%&#8230; (la revoluci\u00f3n capilar oto\u00f1o 2025)\">Lire plus<\/a><\/p>\n","protected":false},"author":1,"featured_media":14745,"comment_status":"","ping_status":"","sticky":false,"template":"","format":"standard","meta":{"footnotes":""},"categories":[48],"tags":[],"class_list":["post-14746","post","type-post","status-publish","format-standard","has-post-thumbnail","hentry","category-estilo-de-vida"],"acf":[],"_yoast_wpseo_primary_category":null,"_yoast_wpseo_title":null,"_yoast_wpseo_metadesc":null,"_links":{"self":[{"href":"https:\/\/www.journee-mondiale.com\/es\/wp-json\/wp\/v2\/posts\/14746","targetHints":{"allow":["GET"]}}],"collection":[{"href":"https:\/\/www.journee-mondiale.com\/es\/wp-json\/wp\/v2\/posts"}],"about":[{"href":"https:\/\/www.journee-mondiale.com\/es\/wp-json\/wp\/v2\/types\/post"}],"author":[{"embeddable":true,"href":"https:\/\/www.journee-mondiale.com\/es\/wp-json\/wp\/v2\/users\/1"}],"replies":[{"embeddable":true,"href":"https:\/\/www.journee-mondiale.com\/es\/wp-json\/wp\/v2\/comments?post=14746"}],"version-history":[{"count":0,"href":"https:\/\/www.journee-mondiale.com\/es\/wp-json\/wp\/v2\/posts\/14746\/revisions"}],"wp:featuredmedia":[{"embeddable":true,"href":"https:\/\/www.journee-mondiale.com\/es\/wp-json\/wp\/v2\/media\/14745"}],"wp:attachment":[{"href":"https:\/\/www.journee-mondiale.com\/es\/wp-json\/wp\/v2\/media?parent=14746"}],"wp:term":[{"taxonomy":"category","embeddable":true,"href":"https:\/\/www.journee-mondiale.com\/es\/wp-json\/wp\/v2\/categories?post=14746"},{"taxonomy":"post_tag","embeddable":true,"href":"https:\/\/www.journee-mondiale.com\/es\/wp-json\/wp\/v2\/tags?post=14746"}],"curies":[{"name":"wp","href":"https:\/\/api.w.org\/{rel}","templated":true}]}}