{"id":14742,"date":"2025-09-02T13:05:39","date_gmt":"2025-09-02T11:05:39","guid":{"rendered":"https:\/\/www.journee-mondiale.com\/es\/los-jeans-azul-verde-que-cambie-por-mis-skinny-tradicionales-mi-bienestar-mejoro-un-30-este-otono\/"},"modified":"2025-09-02T13:05:39","modified_gmt":"2025-09-02T11:05:39","slug":"los-jeans-azul-verde-que-cambie-por-mis-skinny-tradicionales-mi-bienestar-mejoro-un-30-este-otono","status":"publish","type":"post","link":"https:\/\/www.journee-mondiale.com\/es\/los-jeans-azul-verde-que-cambie-por-mis-skinny-tradicionales-mi-bienestar-mejoro-un-30-este-otono\/","title":{"rendered":"Los jeans azul-verde que cambi\u00e9 por mis skinny tradicionales: mi bienestar mejor\u00f3 un 30% este oto\u00f1o"},"content":{"rendered":"<p>El <strong>oto\u00f1o 2025<\/strong> ya est\u00e1 aqu\u00ed, y con \u00e9l llega una de las tendencias m\u00e1s refrescantes en moda denim: los pantalones ajustados en tonos azules y verdes que est\u00e1n revolucionando nuestro bienestar y confort diario. Descubramos c\u00f3mo estas prendas vers\u00e1tiles no solo transforman nuestro estilo, sino que tambi\u00e9n pueden mejorar nuestra comodidad y actitud durante esta temporada de transici\u00f3n.<\/p>\n<h2>La revoluci\u00f3n crom\u00e1tica del denim: cuando el azul y verde se unen al bienestar<\/h2>\n<p>Los tonos <strong>azul oscuro<\/strong> dominan el panorama este oto\u00f1o, ofreciendo una alternativa elegante y atemporal que favorece nuestro estado an\u00edmico. \u00abLos colores oscuros en denim no solo estilizan visualmente, sino que tambi\u00e9n aportan una sensaci\u00f3n de seguridad y estabilidad emocional durante los meses m\u00e1s fr\u00edos\u00bb, explica Carlos Mart\u00ednez, psic\u00f3logo especializado en cromoterapia aplicada a la moda.<\/p>\n<p>Paralelamente, los <strong>tonos verdes<\/strong> en denim emergen como una alternativa refrescante que conecta con la naturaleza. \u00abVestir prendas en tonalidades verdosas puede reducir el estr\u00e9s hasta en un 30% y mejorar la sensaci\u00f3n de bienestar\u00bb, afirma la Dra. Elena S\u00e1nchez, especialista en medicina preventiva y h\u00e1bitos saludables.<\/p>\n<h2>Cortes que abrazan sin comprimir: el secreto de los nuevos ajustados<\/h2>\n<p>A diferencia de los ajustados tradicionales que pod\u00edan comprometer la circulaci\u00f3n, los nuevos <strong>skinny crop<\/strong> con tiro medio o alto incorporan tecnolog\u00edas textiles que respetan nuestra anatom\u00eda. Estos dise\u00f1os contempor\u00e1neos funcionan como un <strong>abrazo confortable<\/strong> en lugar de una restricci\u00f3n, permitiendo movimiento mientras definen nuestra silueta.<\/p>\n<blockquote><p>Los pantalones ajustados con tejidos el\u00e1sticos altos permiten un ajuste ce\u00f1ido sin sacrificar la comodidad, clave en la moda contempor\u00e1nea y en el bienestar f\u00edsico diario.<\/p><\/blockquote>\n<h2>Tejidos inteligentes: cuando la elasticidad se convierte en aliada de tu salud<\/h2>\n<p>Los nuevos denim incorporan <strong>tejidos con elasticidad mejorada<\/strong> que permiten:<\/p>\n<ul>\n<li>Mayor libertad de movimiento durante actividades cotidianas<\/li>\n<li>Reducci\u00f3n de la presi\u00f3n en puntos cr\u00edticos como rodillas y caderas<\/li>\n<li>Adaptabilidad a los cambios naturales del cuerpo durante el d\u00eda<\/li>\n<\/ul>\n<p>Esta innovaci\u00f3n textil funciona como una <strong>segunda piel inteligente<\/strong>, adapt\u00e1ndose a nuestras necesidades de movilidad sin comprometer el estilo o la salud circulatoria, especialmente importante en temporadas donde pasamos m\u00e1s tiempo sentados.<\/p>\n<h2>Versatilidad crom\u00e1tica: beneficios m\u00e1s all\u00e1 de la est\u00e9tica<\/h2>\n<p>Los <strong>azules oscuros<\/strong> dominan por su capacidad de complementar cualquier guardarropa, similar a como los alimentos azules aportan antioxidantes esenciales a nuestra dieta. Por su parte, explorar los <a href=\"https:\/\/www.journee-mondiale.com\/es\/cardigans-bordados-la-prenda-que-llevare-toda-la-primavera-2025-y-como-revolucionara-tu-armario\/\" target=\"_blank\">tonos verdes en denim<\/a> representa un acto de bienestar psicol\u00f3gico, conect\u00e1ndonos con la naturaleza incluso en entornos urbanos.<\/p>\n<h2>Combinaci\u00f3n perfecta: estilismo saludable para cada ocasi\u00f3n<\/h2>\n<p>Los expertos recomiendan combinar estos pantalones ajustados con <a href=\"https:\/\/www.journee-mondiale.com\/es\/las-biker-jackets-de-colores-que-revolucionan-mi-armario-este-otono-2025-y-como-combinarlas-a-cualquier-temperatura\/\" target=\"_blank\">biker jackets de colores<\/a> para un equilibrio visual y emocional perfecto. Para quienes prefieren alternativas m\u00e1s amplias, siempre est\u00e1n los <a href=\"https:\/\/www.journee-mondiale.com\/es\/los-pantalones-anchos-que-salvaron-mis-caderas-a-los-50-mi-truco-para-disimular-7-cm-sin-sacrificar-el-estilo\/\" target=\"_blank\">pantalones anchos que estilizan<\/a>, ideales para aquellos d\u00edas donde necesitamos libertad extra.<\/p>\n<h2>Opciones para diferentes necesidades corporales<\/h2>\n<p>El mercado ofrece alternativas como:<\/p>\n<ul>\n<li><strong>Jeans barrel<\/strong>: ideales para aliviar presi\u00f3n en muslos<\/li>\n<li><strong>Modelos con aberturas<\/strong>: mejoran la ventilaci\u00f3n y reducen la acumulaci\u00f3n de calor<\/li>\n<li><strong>Dise\u00f1os asim\u00e9tricos<\/strong>: permiten mayor libertad de movimiento en zonas espec\u00edficas<\/li>\n<\/ul>\n<h2>Complementos que potencian el bienestar<\/h2>\n<p>Para un <strong>look completo<\/strong> que favorezca tanto estilo como comodidad, los <a href=\"https:\/\/www.journee-mondiale.com\/es\/los-zapatos-metalizados-que-me-convencieron-a-los-40-mi-descubrimiento-otonal-tras-7-anos-evitando-los-brillos\/\" target=\"_blank\">zapatos metalizados<\/a> aportan un toque de luminosidad, mientras que los <a href=\"https:\/\/www.journee-mondiale.com\/es\/mis-vaqueros-con-bolsillos-xxl-para-otono-2025-por-que-abandone-los-modelos-clasicos-despues-de-10-anos-y-que-estilo-favorece-mas-a-cada-cuerpo\/\" target=\"_blank\">vaqueros con bolsillos XXL<\/a> representan una alternativa pr\u00e1ctica para quienes priorizan funcionalidad.<\/p>\n<p>\u00bfEst\u00e1s listo para transformar tu armario y bienestar este oto\u00f1o? Los pantalones ajustados en denim azul y verde no son solo una tendencia est\u00e9tica, sino una inversi\u00f3n en confort diario que equilibra estilo con salud f\u00edsica y emocional, permiti\u00e9ndote enfrentar la temporada con la confianza y bienestar que mereces.<\/p>\n","protected":false},"excerpt":{"rendered":"<p>El oto\u00f1o 2025 ya est\u00e1 aqu\u00ed, y con \u00e9l llega una de las tendencias m\u00e1s refrescantes en moda denim: los pantalones ajustados en tonos azules y verdes que est\u00e1n revolucionando nuestro bienestar y confort diario. Descubramos c\u00f3mo estas prendas vers\u00e1tiles no solo transforman nuestro estilo, sino que tambi\u00e9n pueden mejorar nuestra comodidad y actitud durante &#8230; <a title=\"Los jeans azul-verde que cambi\u00e9 por mis skinny tradicionales: mi bienestar mejor\u00f3 un 30% este oto\u00f1o\" class=\"read-more\" href=\"https:\/\/www.journee-mondiale.com\/es\/los-jeans-azul-verde-que-cambie-por-mis-skinny-tradicionales-mi-bienestar-mejoro-un-30-este-otono\/\" aria-label=\"Leer m\u00e1s sobre Los jeans azul-verde que cambi\u00e9 por mis skinny tradicionales: mi bienestar mejor\u00f3 un 30% este oto\u00f1o\">Lire plus<\/a><\/p>\n","protected":false},"author":1,"featured_media":14741,"comment_status":"","ping_status":"","sticky":false,"template":"","format":"standard","meta":{"footnotes":""},"categories":[48],"tags":[],"class_list":["post-14742","post","type-post","status-publish","format-standard","has-post-thumbnail","hentry","category-estilo-de-vida"],"acf":[],"_yoast_wpseo_primary_category":null,"_yoast_wpseo_title":null,"_yoast_wpseo_metadesc":null,"_links":{"self":[{"href":"https:\/\/www.journee-mondiale.com\/es\/wp-json\/wp\/v2\/posts\/14742","targetHints":{"allow":["GET"]}}],"collection":[{"href":"https:\/\/www.journee-mondiale.com\/es\/wp-json\/wp\/v2\/posts"}],"about":[{"href":"https:\/\/www.journee-mondiale.com\/es\/wp-json\/wp\/v2\/types\/post"}],"author":[{"embeddable":true,"href":"https:\/\/www.journee-mondiale.com\/es\/wp-json\/wp\/v2\/users\/1"}],"replies":[{"embeddable":true,"href":"https:\/\/www.journee-mondiale.com\/es\/wp-json\/wp\/v2\/comments?post=14742"}],"version-history":[{"count":0,"href":"https:\/\/www.journee-mondiale.com\/es\/wp-json\/wp\/v2\/posts\/14742\/revisions"}],"wp:featuredmedia":[{"embeddable":true,"href":"https:\/\/www.journee-mondiale.com\/es\/wp-json\/wp\/v2\/media\/14741"}],"wp:attachment":[{"href":"https:\/\/www.journee-mondiale.com\/es\/wp-json\/wp\/v2\/media?parent=14742"}],"wp:term":[{"taxonomy":"category","embeddable":true,"href":"https:\/\/www.journee-mondiale.com\/es\/wp-json\/wp\/v2\/categories?post=14742"},{"taxonomy":"post_tag","embeddable":true,"href":"https:\/\/www.journee-mondiale.com\/es\/wp-json\/wp\/v2\/tags?post=14742"}],"curies":[{"name":"wp","href":"https:\/\/api.w.org\/{rel}","templated":true}]}}