{"id":14734,"date":"2025-09-01T19:00:31","date_gmt":"2025-09-01T17:00:31","guid":{"rendered":"https:\/\/www.journee-mondiale.com\/es\/el-corte-que-revoluciona-oficinas-a-35c-7-transformaciones-en-5-minutos-lo-que-las-peluquerias-ocultan-sobre-el-pixie-2025\/"},"modified":"2025-09-01T19:00:31","modified_gmt":"2025-09-01T17:00:31","slug":"el-corte-que-revoluciona-oficinas-a-35c-7-transformaciones-en-5-minutos-lo-que-las-peluquerias-ocultan-sobre-el-pixie-2025","status":"publish","type":"post","link":"https:\/\/www.journee-mondiale.com\/es\/el-corte-que-revoluciona-oficinas-a-35c-7-transformaciones-en-5-minutos-lo-que-las-peluquerias-ocultan-sobre-el-pixie-2025\/","title":{"rendered":"El corte que revoluciona oficinas a 35\u00b0C: 7 transformaciones en 5 minutos (lo que las peluquer\u00edas ocultan sobre el pixie 2025)"},"content":{"rendered":"<p>El oto\u00f1o 2025 trae consigo una revoluci\u00f3n en los cortes cortos, donde la versatilidad se convierte en protagonista. \u00bfBuscas un <strong>estilo capaz de adaptarse<\/strong> tanto a tu rutina profesional como a tus momentos de ocio? Los cortes cortos se han transformado en aut\u00e9nticos camaleones capilares, capaces de proyectar diferentes personalidades seg\u00fan la ocasi\u00f3n. Descubre c\u00f3mo un mismo corte puede llevarte del despacho a una cena elegante sin perder un \u00e1pice de estilo.<\/p>\n<h2>El poder transformador del corte corto en entornos corporativos<\/h2>\n<p>Los <strong>ambientes profesionales<\/strong> exigen presencia y seguridad. \u00abUn pixie bien estructurado comunica determinaci\u00f3n y competencia, cualidades altamente valoradas en puestos directivos\u00bb, explica Marta Fern\u00e1ndez, estilista en Elite Hair Madrid. Para lograr este efecto, opta por versiones pulidas con laterales definidos y mayor longitud en la corona, como el <a href=\"https:\/\/www.journee-mondiale.com\/es\/el-corte-pixie-que-rejuvenece-8-anos-y-sobrevive-a-35c-lo-que-cambia-con-solo-4-cm-menos-y-nadie-te-advierte\/\" target=\"_blank\">pixie rejuvenecedor<\/a> que est\u00e1 causando sensaci\u00f3n.<\/p>\n<h2>Cortes din\u00e1micos para profesiones creativas<\/h2>\n<p>Las carreras en sectores creativos permiten mayor experimentaci\u00f3n. Un <strong>pixie disconnected<\/strong> con texturas marcadas proyecta originalidad y pensamiento innovador. Este estilo, con sus capas desconectadas, funciona como un lienzo en blanco que puedes reinterpretar cada ma\u00f1ana seg\u00fan el proyecto del d\u00eda. El <a href=\"https:\/\/www.journee-mondiale.com\/es\/el-corte-pixie-disconnected-que-rejuvenece-8-anos-la-revolucion-capilar-madrilena-que-transforma-con-solo-5-minutos-diarios-y-resiste-a-35c\/\" target=\"_blank\">pixie disconnected madrile\u00f1o<\/a> est\u00e1 revolucionando el panorama creativo con su versatilidad incomparable.<\/p>\n<h2>El corte bob: el equilibrista perfecto entre formalidad y tendencia<\/h2>\n<p>Como un <strong>camale\u00f3n estil\u00edstico<\/strong>, el bob se adapta a m\u00faltiples escenarios profesionales. \u00abEs el equivalente capilar a un traje bien cortado: formal pero con personalidad\u00bb, comenta Carlos Vidal, director de Tendencias Capilares. Para profesiones que requieren seriedad sin renunciar al estilo, el <a href=\"https:\/\/www.journee-mondiale.com\/es\/el-bob-frances-con-capas-secretas-el-corte-volumetrico-que-transforma-cabelleras-finas-con-70-menos-esfuerzo-y-esconde-5-beneficios-que-las-peluquerias-no-revelan\/\" target=\"_blank\">bob franc\u00e9s con capas secretas<\/a> aporta volumen sin sacrificar profesionalidad.<\/p>\n<h2>Soluciones express para estilos de vida acelerados<\/h2>\n<p>Las profesiones con horarios intensivos exigen <strong>peinados eficientes<\/strong>. Un pixie voluminoso requiere m\u00ednimo mantenimiento mientras maximiza el impacto visual. Perfecta simbiosis entre practicidad y estilo, como descubri\u00f3 Elena, ejecutiva de marketing: \u00abMi <a href=\"https:\/\/www.journee-mondiale.com\/es\/el-pixie-voluminoso-que-rejuvenece-8-anos-a-mujeres-con-cabello-fino-la-tecnica-madrilena-que-triunfa-a-35c\/\" target=\"_blank\">pixie voluminoso<\/a> me permite estar lista en 5 minutos y mantenerme impecable durante reuniones maratonianas\u00bb.<\/p>\n<blockquote><p>Los cortes cortos bien dise\u00f1ados son como tarjetas de presentaci\u00f3n tridimensionales: comunican tu personalidad antes de que digas una palabra.<\/p><\/blockquote>\n<h2>T\u00e9cnicas de transformaci\u00f3n r\u00e1pida para diferentes contextos<\/h2>\n<p>Domina estas <strong>estrategias de estilismo<\/strong> para adaptar tu corte corto a cualquier situaci\u00f3n:<\/p>\n<ul>\n<li>Utiliza <strong>ceras texturizantes<\/strong> para transiciones de d\u00eda a noche<\/li>\n<li>Incorpora accesorios minimalistas para eventos formales<\/li>\n<li>Experimenta con definidores de rizos para looks casuales<\/li>\n<\/ul>\n<h2>El corte corto como aliado de la conciliaci\u00f3n<\/h2>\n<p>Para madres profesionales, un <strong>corte pr\u00e1ctico<\/strong> es crucial. La <a href=\"https:\/\/www.journee-mondiale.com\/es\/la-revolucion-del-cabello-corto-2025-el-estilo-que-rejuvenece-8-anos-en-solo-5-minutos-y-resiste-a-35c\/\" target=\"_blank\">revoluci\u00f3n del cabello corto 2025<\/a> ofrece estilos que resisten actividades intensas mientras proyectan elegancia. Como un traje que nunca se arruga, estos cortes mantienen su forma independientemente de los desaf\u00edos diarios.<\/p>\n<h2>Consejos para comunicar eficazmente con tu estilista<\/h2>\n<p>Maximiza tu experiencia en el sal\u00f3n con estas <strong>estrategias de comunicaci\u00f3n<\/strong>:<\/p>\n<ul>\n<li>Lleva referencias visuales de variaciones del mismo corte<\/li>\n<li>Explica detalladamente tu rutina diaria y compromisos laborales<\/li>\n<li>Discute opciones de peinado para diferentes situaciones<\/li>\n<\/ul>\n<h2>\u00bfPuede un simple corte redefinir tu trayectoria profesional?<\/h2>\n<p>Un corte de pelo es como la portada de un libro: aunque no cuente toda la historia, determina qui\u00e9n se interesar\u00e1 en leerla. Tu <strong>imagen capilar<\/strong> puede abrir puertas inesperadas, como le sucedi\u00f3 a Patricia, arquitecta que atribuye parte de su reconocimiento profesional a su distintivo pixie asim\u00e9trico: \u00abMi corte se convirti\u00f3 en mi sello personal, tan identificable como mis dise\u00f1os\u00bb. Atr\u00e9vete a descubrir c\u00f3mo tu propio corte corto puede convertirse en tu mejor aliado profesional, adapt\u00e1ndose a cada faceta de tu polifac\u00e9tica vida.<\/p>\n","protected":false},"excerpt":{"rendered":"<p>El oto\u00f1o 2025 trae consigo una revoluci\u00f3n en los cortes cortos, donde la versatilidad se convierte en protagonista. \u00bfBuscas un estilo capaz de adaptarse tanto a tu rutina profesional como a tus momentos de ocio? Los cortes cortos se han transformado en aut\u00e9nticos camaleones capilares, capaces de proyectar diferentes personalidades seg\u00fan la ocasi\u00f3n. Descubre c\u00f3mo &#8230; <a title=\"El corte que revoluciona oficinas a 35\u00b0C: 7 transformaciones en 5 minutos (lo que las peluquer\u00edas ocultan sobre el pixie 2025)\" class=\"read-more\" href=\"https:\/\/www.journee-mondiale.com\/es\/el-corte-que-revoluciona-oficinas-a-35c-7-transformaciones-en-5-minutos-lo-que-las-peluquerias-ocultan-sobre-el-pixie-2025\/\" aria-label=\"Leer m\u00e1s sobre El corte que revoluciona oficinas a 35\u00b0C: 7 transformaciones en 5 minutos (lo que las peluquer\u00edas ocultan sobre el pixie 2025)\">Lire plus<\/a><\/p>\n","protected":false},"author":1,"featured_media":14733,"comment_status":"","ping_status":"","sticky":false,"template":"","format":"standard","meta":{"footnotes":""},"categories":[48],"tags":[],"class_list":["post-14734","post","type-post","status-publish","format-standard","has-post-thumbnail","hentry","category-estilo-de-vida"],"acf":[],"_yoast_wpseo_primary_category":null,"_yoast_wpseo_title":null,"_yoast_wpseo_metadesc":null,"_links":{"self":[{"href":"https:\/\/www.journee-mondiale.com\/es\/wp-json\/wp\/v2\/posts\/14734","targetHints":{"allow":["GET"]}}],"collection":[{"href":"https:\/\/www.journee-mondiale.com\/es\/wp-json\/wp\/v2\/posts"}],"about":[{"href":"https:\/\/www.journee-mondiale.com\/es\/wp-json\/wp\/v2\/types\/post"}],"author":[{"embeddable":true,"href":"https:\/\/www.journee-mondiale.com\/es\/wp-json\/wp\/v2\/users\/1"}],"replies":[{"embeddable":true,"href":"https:\/\/www.journee-mondiale.com\/es\/wp-json\/wp\/v2\/comments?post=14734"}],"version-history":[{"count":0,"href":"https:\/\/www.journee-mondiale.com\/es\/wp-json\/wp\/v2\/posts\/14734\/revisions"}],"wp:featuredmedia":[{"embeddable":true,"href":"https:\/\/www.journee-mondiale.com\/es\/wp-json\/wp\/v2\/media\/14733"}],"wp:attachment":[{"href":"https:\/\/www.journee-mondiale.com\/es\/wp-json\/wp\/v2\/media?parent=14734"}],"wp:term":[{"taxonomy":"category","embeddable":true,"href":"https:\/\/www.journee-mondiale.com\/es\/wp-json\/wp\/v2\/categories?post=14734"},{"taxonomy":"post_tag","embeddable":true,"href":"https:\/\/www.journee-mondiale.com\/es\/wp-json\/wp\/v2\/tags?post=14734"}],"curies":[{"name":"wp","href":"https:\/\/api.w.org\/{rel}","templated":true}]}}