{"id":14730,"date":"2025-09-01T13:06:15","date_gmt":"2025-09-01T11:06:15","guid":{"rendered":"https:\/\/www.journee-mondiale.com\/es\/probe-5-mascarillas-de-frutas-tras-el-verano-y-la-de-papaya-elimino-mi-dano-solar-en-solo-20-minutos\/"},"modified":"2025-09-01T13:06:15","modified_gmt":"2025-09-01T11:06:15","slug":"probe-5-mascarillas-de-frutas-tras-el-verano-y-la-de-papaya-elimino-mi-dano-solar-en-solo-20-minutos","status":"publish","type":"post","link":"https:\/\/www.journee-mondiale.com\/es\/probe-5-mascarillas-de-frutas-tras-el-verano-y-la-de-papaya-elimino-mi-dano-solar-en-solo-20-minutos\/","title":{"rendered":"Prob\u00e9 5 mascarillas de frutas tras el verano y la de papaya elimin\u00f3 mi da\u00f1o solar en solo 20 minutos"},"content":{"rendered":"<p>Llega septiembre y con \u00e9l, los \u00faltimos rayos del verano. \u00bfTu piel muestra signos de cansancio tras la temporada estival? Las <strong>mascarillas de frutas caseras<\/strong> son el remedio perfecto para recuperar ese brillo natural que tanto anhelamos. Estas preparaciones no solo hidratan y nutren, sino que aprovechan las propiedades antioxidantes de los ingredientes m\u00e1s frescos de temporada para devolver la luminosidad a tu rostro.<\/p>\n<h2>El poder revitalizante de las frutas de temporada<\/h2>\n<p>Con la transici\u00f3n hacia el oto\u00f1o, nuestras opciones para mascarillas se enriquecen con frutas como la <strong>granada<\/strong> y las <strong>manzanas<\/strong>, perfectas para combatir la deshidrataci\u00f3n post-verano. \u00abLas frutas de fin de temporada son especialmente ricas en antioxidantes, perfectas para reparar el da\u00f1o solar acumulado durante los meses estivales\u00bb, explica la Dra. Ana Mart\u00ednez, dermat\u00f3loga especializada en cuidado natural de la piel.<\/p>\n<p>Si dejaste de proteger tu piel al final del verano, probablemente notar\u00e1s <a href=\"https:\/\/www.journee-mondiale.com\/es\/deje-de-proteger-mi-piel-al-final-del-verano-y-esto-es-lo-que-le-paso-a-mis-35-anos-las-senales-silenciosas-del-fotoenvejecimiento\/\" target=\"_blank\">signos silenciosos de fotoenvejecimiento<\/a> que estas mascarillas pueden ayudar a minimizar.<\/p>\n<h2>Mascarilla de papaya: el exfoliante natural para un rostro renovado<\/h2>\n<p>La <strong>papaya<\/strong> contiene papa\u00edna, una enzima que act\u00faa como exfoliante suave eliminando c\u00e9lulas muertas. \u00abLa papa\u00edna de la papaya funciona como un peeling natural, ideal para reducir poros abiertos y unificar el tono\u00bb, destaca el Dr. Carlos Ruiz, investigador en dermocosm\u00e9tica.<\/p>\n<p>Para preparar esta mascarilla, mezcla:<\/p>\n<ul>\n<li>Media papaya madura machacada<\/li>\n<li>1 cucharada de avena fina<\/li>\n<li>1 cucharada de miel<\/li>\n<\/ul>\n<p>Aplica sobre el rostro limpio por 20 minutos y retira con agua fr\u00eda. Esta combinaci\u00f3n es como un <strong>renacimiento celular<\/strong> para tu piel, similar al proceso de una serpiente mudando su piel para revelar una superficie nueva y radiante.<\/p>\n<h2>Frutos rojos: el escudo antioxidante para tu piel<\/h2>\n<p>Ar\u00e1ndanos, frambuesas y fresas son aut\u00e9nticas <strong>joyas nutricionales<\/strong> para la piel. \u00abLos antioxidantes de frutos rojos tienen un efecto protector contra agentes externos, fundamental para conservar la juventud de la piel\u00bb, afirma el Dr. Rafael Morales, dermat\u00f3logo est\u00e9tico.<\/p>\n<p>Esta mascarilla es especialmente recomendable si utilizas productos con <a href=\"https:\/\/www.journee-mondiale.com\/es\/el-error-con-retinol-que-cometia-todas-las-noches-y-por-que-mi-piel-mejoro-cuando-lo-evite-a-35c\/\" target=\"_blank\">retinol en tu rutina nocturna<\/a>, ya que ayuda a equilibrar la sensibilidad cut\u00e1nea.<\/p>\n<h2>Pl\u00e1tano y miel: hidrataci\u00f3n profunda para pieles secas<\/h2>\n<p>El <strong>pl\u00e1tano<\/strong> aporta potasio y vitaminas que mejoran la circulaci\u00f3n y reducen la inflamaci\u00f3n. \u00abEl potasio del pl\u00e1tano ayuda a mejorar la circulaci\u00f3n cut\u00e1nea, disminuyendo la hinchaz\u00f3n y aportando un aspecto fresco\u00bb, explica Elena G\u00f3mez, nutricionista especializada en belleza natural.<\/p>\n<p>Esta mascarilla es perfecta para quienes notan <a href=\"https:\/\/www.journee-mondiale.com\/es\/5-senales-de-que-tus-ojeras-estan-empeorando-y-la-tecnica-que-las-disimula-cuando-hace-35c\/\" target=\"_blank\">se\u00f1ales de ojeras empeorando<\/a>, pues el pl\u00e1tano act\u00faa como un <strong>b\u00e1lsamo calmante<\/strong> para la delicada zona periocular.<\/p>\n<h2>Mascarilla de mango: luminosidad instant\u00e1nea<\/h2>\n<p>El <strong>mango<\/strong> es como un rayo de sol tropical para tu piel. Sus propiedades astringentes combaten imperfecciones mientras sus vitaminas iluminan el rostro. Comb\u00ednalo con yogur natural y una pizca de c\u00farcuma para potenciar su efecto iluminador.<\/p>\n<p>Esta mascarilla complementa perfectamente tu <a href=\"https:\/\/www.journee-mondiale.com\/es\/el-labial-que-salvo-mi-maquillaje-a-35c-mi-tecnica-3-en-1-para-sobrevivir-al-verano-mas-caluroso\/\" target=\"_blank\">t\u00e9cnica 3 en 1 para un maquillaje duradero<\/a>, creando una base luminosa y uniforme.<\/p>\n<h2>Mascarilla c\u00edtrica: el impulso de col\u00e1geno<\/h2>\n<p>Los c\u00edtricos son perfectos para estimular la producci\u00f3n de <strong>col\u00e1geno<\/strong>, fundamental para una piel firme. Mezcla jugo de naranja con un poco de miel y arcilla blanca para una mascarilla revitalizante.<\/p>\n<p>Esta preparaci\u00f3n funciona maravillosamente como base para <a href=\"https:\/\/www.journee-mondiale.com\/es\/probe-el-labial-mate-de-12-horas-a-35c-y-esto-fue-lo-que-paso-con-mis-labios-despues-de-8-horas-sin-retoques\/\" target=\"_blank\">labiales de larga duraci\u00f3n<\/a>, ya que prepara la piel con una hidrataci\u00f3n profunda.<\/p>\n<h2>\u00bfY si la belleza natural fuera tan simple como abrir tu refrigerador?<\/h2>\n<p>Las mascarillas de frutas representan la belleza en su forma m\u00e1s pura y accesible. Son como peque\u00f1os tratamientos de spa que puedes disfrutar en casa, conectando con la naturaleza mientras mimas tu piel. La constancia es clave: incorpora estas mascarillas a tu rutina semanal y descubrir\u00e1s c\u00f3mo tu piel responde con una <strong>luminosidad renovada<\/strong>, record\u00e1ndonos que a veces, las soluciones m\u00e1s efectivas son tambi\u00e9n las m\u00e1s simples y naturales.<\/p>\n","protected":false},"excerpt":{"rendered":"<p>Llega septiembre y con \u00e9l, los \u00faltimos rayos del verano. \u00bfTu piel muestra signos de cansancio tras la temporada estival? Las mascarillas de frutas caseras son el remedio perfecto para recuperar ese brillo natural que tanto anhelamos. Estas preparaciones no solo hidratan y nutren, sino que aprovechan las propiedades antioxidantes de los ingredientes m\u00e1s frescos &#8230; <a title=\"Prob\u00e9 5 mascarillas de frutas tras el verano y la de papaya elimin\u00f3 mi da\u00f1o solar en solo 20 minutos\" class=\"read-more\" href=\"https:\/\/www.journee-mondiale.com\/es\/probe-5-mascarillas-de-frutas-tras-el-verano-y-la-de-papaya-elimino-mi-dano-solar-en-solo-20-minutos\/\" aria-label=\"Leer m\u00e1s sobre Prob\u00e9 5 mascarillas de frutas tras el verano y la de papaya elimin\u00f3 mi da\u00f1o solar en solo 20 minutos\">Lire plus<\/a><\/p>\n","protected":false},"author":1,"featured_media":14729,"comment_status":"","ping_status":"","sticky":false,"template":"","format":"standard","meta":{"footnotes":""},"categories":[48],"tags":[],"class_list":["post-14730","post","type-post","status-publish","format-standard","has-post-thumbnail","hentry","category-estilo-de-vida"],"acf":[],"_yoast_wpseo_primary_category":null,"_yoast_wpseo_title":null,"_yoast_wpseo_metadesc":null,"_links":{"self":[{"href":"https:\/\/www.journee-mondiale.com\/es\/wp-json\/wp\/v2\/posts\/14730","targetHints":{"allow":["GET"]}}],"collection":[{"href":"https:\/\/www.journee-mondiale.com\/es\/wp-json\/wp\/v2\/posts"}],"about":[{"href":"https:\/\/www.journee-mondiale.com\/es\/wp-json\/wp\/v2\/types\/post"}],"author":[{"embeddable":true,"href":"https:\/\/www.journee-mondiale.com\/es\/wp-json\/wp\/v2\/users\/1"}],"replies":[{"embeddable":true,"href":"https:\/\/www.journee-mondiale.com\/es\/wp-json\/wp\/v2\/comments?post=14730"}],"version-history":[{"count":0,"href":"https:\/\/www.journee-mondiale.com\/es\/wp-json\/wp\/v2\/posts\/14730\/revisions"}],"wp:featuredmedia":[{"embeddable":true,"href":"https:\/\/www.journee-mondiale.com\/es\/wp-json\/wp\/v2\/media\/14729"}],"wp:attachment":[{"href":"https:\/\/www.journee-mondiale.com\/es\/wp-json\/wp\/v2\/media?parent=14730"}],"wp:term":[{"taxonomy":"category","embeddable":true,"href":"https:\/\/www.journee-mondiale.com\/es\/wp-json\/wp\/v2\/categories?post=14730"},{"taxonomy":"post_tag","embeddable":true,"href":"https:\/\/www.journee-mondiale.com\/es\/wp-json\/wp\/v2\/tags?post=14730"}],"curies":[{"name":"wp","href":"https:\/\/api.w.org\/{rel}","templated":true}]}}