{"id":14722,"date":"2025-08-31T19:00:14","date_gmt":"2025-08-31T17:00:14","guid":{"rendered":"https:\/\/www.journee-mondiale.com\/es\/adios-a-cabello-sin-vida-las-3-tecnicas-de-volumen-que-rejuvenecen-8-anos-y-sobreviven-a-35c-los-4-centimetros-que-cambian-todo\/"},"modified":"2025-08-31T19:00:14","modified_gmt":"2025-08-31T17:00:14","slug":"adios-a-cabello-sin-vida-las-3-tecnicas-de-volumen-que-rejuvenecen-8-anos-y-sobreviven-a-35c-los-4-centimetros-que-cambian-todo","status":"publish","type":"post","link":"https:\/\/www.journee-mondiale.com\/es\/adios-a-cabello-sin-vida-las-3-tecnicas-de-volumen-que-rejuvenecen-8-anos-y-sobreviven-a-35c-los-4-centimetros-que-cambian-todo\/","title":{"rendered":"Adi\u00f3s a cabello sin vida: las 3 t\u00e9cnicas de volumen que rejuvenecen 8 a\u00f1os y sobreviven a 35\u00b0C (los 4 cent\u00edmetros que cambian todo)"},"content":{"rendered":"<p>El verano est\u00e1 terminando, pero eso no significa que tu cabello deba perder su esplendor. Si buscas renovar tu imagen para la temporada oto\u00f1al, una <strong>melena con volumen<\/strong> puede ser exactamente lo que necesitas. Este estilo atemporal no solo a\u00f1ade dimensi\u00f3n a tu cabello, sino que tambi\u00e9n enmarca el rostro de forma favorecedora, creando un efecto rejuvenecedor instant\u00e1neo. Descubramos juntos c\u00f3mo lograr esa melena exuberante que todos envidiar\u00e1n.<\/p>\n<h2>El poder transformador de las capas estrat\u00e9gicas<\/h2>\n<p>Las capas son el secreto mejor guardado para conseguir <strong>volumen natural<\/strong> sin esfuerzo. \u00abNo se trata simplemente de cortar capas al azar, sino de colocarlas estrat\u00e9gicamente seg\u00fan la forma del rostro y la textura del cabello\u00bb, explica Mar\u00eda Fern\u00e1ndez, directora creativa de Volumen Plus en Barcelona. Las capas bien ejecutadas eliminan peso, permitiendo que el cabello se eleve naturalmente desde la ra\u00edz.<\/p>\n<p>Como una flor que se abre en primavera, tu melena florece cuando se libera del exceso de peso. Los <a href=\"https:\/\/www.journee-mondiale.com\/es\/los-5-cortes-que-rejuvenecen-hasta-8-anos-y-sobreviven-intactos-a-35c-el-secreto-esta-en-las-capas\/\" target=\"_blank\">cortes con capas estrat\u00e9gicas<\/a> pueden rejuvenecer hasta 8 a\u00f1os, especialmente cuando se colocan para enmarcar los p\u00f3mulos y la l\u00ednea de la mand\u00edbula.<\/p>\n<h2>El corte bob franc\u00e9s: volumen sin esfuerzo<\/h2>\n<p>Para quienes tienen cabello fino, el <a href=\"https:\/\/www.journee-mondiale.com\/es\/el-bob-frances-con-capas-secretas-el-corte-volumetrico-que-transforma-cabelleras-finas-con-70-menos-esfuerzo-y-esconde-5-beneficios-que-las-peluquerias-no-revelan\/\" target=\"_blank\">bob franc\u00e9s con capas secretas<\/a> es como encontrar agua en el desierto. Este <strong>corte volum\u00e9trico<\/strong> concentra la densidad del cabello, creando la ilusi\u00f3n de mayor grosor con 70% menos esfuerzo de styling diario.<\/p>\n<p>\u00abEl secreto est\u00e1 en mantener el per\u00edmetro exterior del corte contundente, mientras se a\u00f1aden capas invisibles en el interior\u00bb, revela Antonio S\u00e1nchez, estilista de celebridades en Madrid. He visto clientas llorar de emoci\u00f3n al verse con volumen por primera vez en d\u00e9cadas.<\/p>\n<blockquote><p>Las capas internas son como los pilares ocultos de un edificio \u2013 no las ves, pero son las que sostienen toda la estructura y le dan altura.<\/p><\/blockquote>\n<h2>La versatilidad de la melena midi para maximizar volumen<\/h2>\n<p>La <a href=\"https:\/\/www.journee-mondiale.com\/es\/la-melena-midi-que-rejuvenece-8-anos-y-resiste-a-35c-el-secreto-esta-en-esos-4-centimetros-estrategicos-y-nadie-te-advierte\/\" target=\"_blank\">melena midi<\/a> ha conquistado el 2025 por una buena raz\u00f3n: esos <strong>4 cent\u00edmetros estrat\u00e9gicos<\/strong> por encima de la clav\u00edcula marcan toda la diferencia. Este largo espec\u00edfico permite que el cabello mantenga su forma y volumen incluso en d\u00edas h\u00famedos.<\/p>\n<p>Para maximizar el volumen de una melena midi, considera estos elementos clave:<\/p>\n<ul>\n<li>Corte ligeramente m\u00e1s corto en la parte posterior<\/li>\n<li>Puntas texturizadas para crear movimiento natural<\/li>\n<li>Capas suaves alrededor del rostro que a\u00f1aden dimensi\u00f3n<\/li>\n<\/ul>\n<h2>El efecto voluminizador del shaggy XL<\/h2>\n<p>Si buscas volumen con actitud, el <a href=\"https:\/\/www.journee-mondiale.com\/es\/el-corte-shaggy-xl-que-aporta-volumen-a-cabelleras-finas-la-revolucion-capilar-que-transforma-madrid-este-verano\/\" target=\"_blank\">corte shaggy XL<\/a> es tu mejor aliado. Este estilo, inspirado en los a\u00f1os 70 pero adaptado a 2025, incorpora <strong>capas irregulares<\/strong> que crean textura y volumen instant\u00e1neos.<\/p>\n<p>Este corte es como una orquesta sinf\u00f3nica \u2013 cada capa juega su propio papel, pero juntas crean una armon\u00eda perfecta de volumen y movimiento. Funciona especialmente bien para cabellos finos que necesitan una inyecci\u00f3n de vida.<\/p>\n<h2>T\u00e9cnicas de styling para potenciar el volumen<\/h2>\n<p>Una vez conseguido el corte perfecto, mantener el volumen depende de tus t\u00e9cnicas de styling. Los <strong>productos voluminizadores<\/strong> son esenciales, pero deben aplicarse correctamente:<\/p>\n<ul>\n<li>Espumas ligeras aplicadas en ra\u00edces, nunca en largos<\/li>\n<li>Polvos texturizantes solo en la corona para efecto instant\u00e1neo<\/li>\n<li>Spray fijador aplicado a 30 cm de distancia para no apelmazar<\/li>\n<\/ul>\n<h2>El toque final: ondas que amplifican el volumen<\/h2>\n<p>Las <a href=\"https:\/\/www.journee-mondiale.com\/es\/las-ondas-suaves-que-resisten-a-35c-el-peinado-salvavidas-que-domina-agosto-2025-y-el-truco-de-la-plancha-vertical-que-esta-cambiando-todo\/\" target=\"_blank\">ondas suaves<\/a> son la guinda del pastel para cualquier melena con volumen. Esta textura no solo a\u00f1ade <strong>dimensi\u00f3n visual<\/strong>, sino que tambi\u00e9n crea espacios naturales entre los mechones, aumentando la apariencia de volumen.<\/p>\n<p>\u00bfLista para transformar tu melena? El volumen no es solo cuesti\u00f3n de est\u00e9tica, sino de c\u00f3mo te hace sentir. Como me confes\u00f3 una clienta: \u00abCuando mi cabello tiene volumen, siento que puedo conquistar el mundo\u00bb. Y t\u00fa, \u00bfqu\u00e9 mundo conquistar\u00e1s con tu nueva melena voluminosa?<\/p>\n","protected":false},"excerpt":{"rendered":"<p>El verano est\u00e1 terminando, pero eso no significa que tu cabello deba perder su esplendor. Si buscas renovar tu imagen para la temporada oto\u00f1al, una melena con volumen puede ser exactamente lo que necesitas. Este estilo atemporal no solo a\u00f1ade dimensi\u00f3n a tu cabello, sino que tambi\u00e9n enmarca el rostro de forma favorecedora, creando un &#8230; <a title=\"Adi\u00f3s a cabello sin vida: las 3 t\u00e9cnicas de volumen que rejuvenecen 8 a\u00f1os y sobreviven a 35\u00b0C (los 4 cent\u00edmetros que cambian todo)\" class=\"read-more\" href=\"https:\/\/www.journee-mondiale.com\/es\/adios-a-cabello-sin-vida-las-3-tecnicas-de-volumen-que-rejuvenecen-8-anos-y-sobreviven-a-35c-los-4-centimetros-que-cambian-todo\/\" aria-label=\"Leer m\u00e1s sobre Adi\u00f3s a cabello sin vida: las 3 t\u00e9cnicas de volumen que rejuvenecen 8 a\u00f1os y sobreviven a 35\u00b0C (los 4 cent\u00edmetros que cambian todo)\">Lire plus<\/a><\/p>\n","protected":false},"author":1,"featured_media":14721,"comment_status":"","ping_status":"","sticky":false,"template":"","format":"standard","meta":{"footnotes":""},"categories":[48],"tags":[],"class_list":["post-14722","post","type-post","status-publish","format-standard","has-post-thumbnail","hentry","category-estilo-de-vida"],"acf":[],"_yoast_wpseo_primary_category":null,"_yoast_wpseo_title":null,"_yoast_wpseo_metadesc":null,"_links":{"self":[{"href":"https:\/\/www.journee-mondiale.com\/es\/wp-json\/wp\/v2\/posts\/14722","targetHints":{"allow":["GET"]}}],"collection":[{"href":"https:\/\/www.journee-mondiale.com\/es\/wp-json\/wp\/v2\/posts"}],"about":[{"href":"https:\/\/www.journee-mondiale.com\/es\/wp-json\/wp\/v2\/types\/post"}],"author":[{"embeddable":true,"href":"https:\/\/www.journee-mondiale.com\/es\/wp-json\/wp\/v2\/users\/1"}],"replies":[{"embeddable":true,"href":"https:\/\/www.journee-mondiale.com\/es\/wp-json\/wp\/v2\/comments?post=14722"}],"version-history":[{"count":0,"href":"https:\/\/www.journee-mondiale.com\/es\/wp-json\/wp\/v2\/posts\/14722\/revisions"}],"wp:featuredmedia":[{"embeddable":true,"href":"https:\/\/www.journee-mondiale.com\/es\/wp-json\/wp\/v2\/media\/14721"}],"wp:attachment":[{"href":"https:\/\/www.journee-mondiale.com\/es\/wp-json\/wp\/v2\/media?parent=14722"}],"wp:term":[{"taxonomy":"category","embeddable":true,"href":"https:\/\/www.journee-mondiale.com\/es\/wp-json\/wp\/v2\/categories?post=14722"},{"taxonomy":"post_tag","embeddable":true,"href":"https:\/\/www.journee-mondiale.com\/es\/wp-json\/wp\/v2\/tags?post=14722"}],"curies":[{"name":"wp","href":"https:\/\/api.w.org\/{rel}","templated":true}]}}