{"id":14712,"date":"2025-08-31T07:04:36","date_gmt":"2025-08-31T05:04:36","guid":{"rendered":"https:\/\/www.journee-mondiale.com\/es\/este-pueblo-amurallado-de-400-habitantes-fue-el-primer-conjunto-historico-de-espana-a-solo-90-minutos-de-madrid-esconde-un-festival-donde-miles-de-velas-iluminan-sus-calles-medievales\/"},"modified":"2025-08-31T07:04:36","modified_gmt":"2025-08-31T05:04:36","slug":"este-pueblo-amurallado-de-400-habitantes-fue-el-primer-conjunto-historico-de-espana-a-solo-90-minutos-de-madrid-esconde-un-festival-donde-miles-de-velas-iluminan-sus-calles-medievales","status":"publish","type":"post","link":"https:\/\/www.journee-mondiale.com\/es\/este-pueblo-amurallado-de-400-habitantes-fue-el-primer-conjunto-historico-de-espana-a-solo-90-minutos-de-madrid-esconde-un-festival-donde-miles-de-velas-iluminan-sus-calles-medievales\/","title":{"rendered":"Este pueblo amurallado de 400 habitantes fue el primer conjunto hist\u00f3rico de Espa\u00f1a (a solo 90 minutos de Madrid esconde un festival donde miles de velas iluminan sus calles medievales)"},"content":{"rendered":"<p>En el coraz\u00f3n de Castilla y Le\u00f3n, a poco m\u00e1s de una hora y media de Madrid, el tiempo parece haberse detenido en Pedraza. Este pueblo medieval amurallado de apenas 400 habitantes fue el primero de Espa\u00f1a en recibir la declaraci\u00f3n de Conjunto Hist\u00f3rico-Art\u00edstico en 1951, antes incluso que ciudades monumentales como Toledo. Al cruzar su \u00fanica puerta de acceso, el Arco de la Villa, uno siente que ha viajado ocho siglos atr\u00e1s, cuando caballeros y mercaderes transitaban por sus calles empedradas.<\/p>\n<h2>Un tesoro escondido entre las monta\u00f1as segovianas<\/h2>\n<p>Situada sobre un promontorio rocoso a 1.073 metros de altitud, Pedraza domina el paisaje serrano de Segovia como una fortaleza natural. Sus murallas medievales, perfectamente conservadas, abrazan un laberinto de callejuelas donde cada piedra cuenta una historia. \u00abPedraza no es un pueblo reconstruido para turistas, es un museo vivo donde habitamos entre paredes que han visto pasar a reyes y campesinos por igual\u00bb, explica Mar\u00eda Sanz, vecina del pueblo desde hace 40 a\u00f1os.<\/p>\n<h2>La plaza que enamora a primera vista<\/h2>\n<p>El coraz\u00f3n de Pedraza late en su Plaza Mayor, un conjunto arquitect\u00f3nico del siglo XVI que parece sacado de un cuento medieval. Porticada y empedrada, rodeada de casonas se\u00f1oriales con balcones de hierro forjado y blasones nobiliarios, esta plaza se transforma cada verano durante el Festival de las Velas, cuando miles de peque\u00f1as llamas iluminan el pueblo mientras suenan melod\u00edas cl\u00e1sicas bajo las estrellas.<\/p>\n<h2>Un castillo con hu\u00e9spedes ilustres<\/h2>\n<p>Dominando el horizonte, el Castillo de Pedraza ha pasado de ser prisi\u00f3n del rey Francisco I de Francia en el siglo XVI a convertirse en el estudio del pintor Ignacio Zuloaga. Sus robustos muros de piedra caliza han resistido el paso del tiempo como <a href=\"https:\/\/www.journee-mondiale.com\/es\/este-castillo-romanico-de-mil-anos-esconde-monos-tallados-que-guardan-secretos-del-reino-aragones-sus-escaleras-tienen-un-diseno-militar-que-pocos-descubren\/\" target=\"_blank\">otras fortalezas medievales espa\u00f1olas<\/a> que custodian secretos ancestrales y vistas panor\u00e1micas impresionantes.<\/p>\n<h2>La gastronom\u00eda que conquista paladares<\/h2>\n<p>En Pedraza, el placer sensorial contin\u00faa en sus mesones tradicionales. El cordero y el cochinillo asados en horno de le\u00f1a reinan en las mesas, acompa\u00f1ados por los robustos vinos de la Ribera del Duero. \u00abNuestras recetas llevan siglos perfeccion\u00e1ndose, lo \u00fanico que ha cambiado es qui\u00e9n se sienta a la mesa\u00bb, comenta Javier Mart\u00edn, propietario de uno de los restaurantes m\u00e1s antiguos.<\/p>\n<blockquote><p>\u00abPedraza es uno de los pocos lugares donde a\u00fan puedes sentir el peso de la historia en cada rinc\u00f3n, donde el silencio nocturno te transporta a otro tiempo.\u00bb<\/p><\/blockquote>\n<h2>Un balc\u00f3n hacia el pasado<\/h2>\n<p>La C\u00e1rcel de la Villa, reconvertida en museo, ofrece una ventana a la historia local. Desde su torre se contempla un paisaje que recuerda a <a href=\"https:\/\/www.journee-mondiale.com\/es\/este-pequeno-oasis-medieval-entre-cuatro-valles-esconde-el-corazon-secreto-de-los-picos-de-europa-sus-puentes-de-piedra-cuentan-800-anos-de-historia\/\" target=\"_blank\">los valles medievales del norte de Espa\u00f1a<\/a>, con colinas suaves salpicadas de encinas y pueblos diminutos que parecen dormir eternamente.<\/p>\n<h2>El poder de la piedra y la memoria<\/h2>\n<p>Cada edificio de Pedraza cuenta una historia: la Iglesia de San Juan, con su torre rom\u00e1nica; las casas se\u00f1oriales con escudos nobiliarios; las callejuelas estrechas donde resuenan ecos del pasado. A diferencia de <a href=\"https:\/\/www.journee-mondiale.com\/es\/este-pueblo-medieval-flota-a-730-metros-sobre-un-acantilado-donde-una-reina-prefirio-saltar-al-vacio-la-ultima-fortaleza-mora-de-cataluna-que-desafia-la-gravedad\/\" target=\"_blank\">otros pueblos medievales en acantilados vertiginosos<\/a>, Pedraza ofrece una belleza m\u00e1s \u00edntima y accesible.<\/p>\n<h2>La magia de las noches sin luz el\u00e9ctrica<\/h2>\n<p>Dos noches de julio, Pedraza apaga completamente su alumbrado el\u00e9ctrico. Miles de velas iluminan calles, plazas y ventanas, creando un espect\u00e1culo \u00fanico que atrae a visitantes de todo el mundo. Bajo esta luz temblorosa, el pueblo recupera su aspecto medieval, y la m\u00fasica cl\u00e1sica en la plaza completa una experiencia sensorial incomparable.<\/p>\n<h2>Un contraste con otros paisajes espa\u00f1oles<\/h2>\n<p>Mientras <a href=\"https:\/\/www.journee-mondiale.com\/es\/este-desierto-junto-al-mar-esconde-70-km-de-costa-volcanica-virgen-el-ultimo-paraiso-salvaje-del-mediterraneo-espanol\/\" target=\"_blank\">algunos rincones de Espa\u00f1a sorprenden por sus paisajes volc\u00e1nicos junto al mar<\/a>, Pedraza cautiva por su autenticidad castellana y su atm\u00f3sfera medieval intacta. Este <a href=\"https:\/\/www.journee-mondiale.com\/es\/este-pueblo-medieval-de-1-100-habitantes-fue-el-primero-de-espana-en-ser-monumento-nacional-la-joya-serrana-que-inspiro-a-cervantes\/\" target=\"_blank\">tesoro monumental serrano<\/a> te transporta a un pasado donde el ritmo lo marcaban las estaciones y no los relojes.<\/p>\n<p>Al abandonar Pedraza por el mismo arco de piedra por el que entraste, te llevas contigo no solo fotograf\u00edas, sino la sensaci\u00f3n de haber pisado un lugar donde el tiempo decidi\u00f3 hacer una pausa. Un pueblo que no representa el pasado, sino que lo vive cada d\u00eda, preservando la esencia de la Espa\u00f1a medieval para quienes buscan algo m\u00e1s que monumentos: autenticidad y alma.<\/p>\n","protected":false},"excerpt":{"rendered":"<p>En el coraz\u00f3n de Castilla y Le\u00f3n, a poco m\u00e1s de una hora y media de Madrid, el tiempo parece haberse detenido en Pedraza. Este pueblo medieval amurallado de apenas 400 habitantes fue el primero de Espa\u00f1a en recibir la declaraci\u00f3n de Conjunto Hist\u00f3rico-Art\u00edstico en 1951, antes incluso que ciudades monumentales como Toledo. Al cruzar &#8230; <a title=\"Este pueblo amurallado de 400 habitantes fue el primer conjunto hist\u00f3rico de Espa\u00f1a (a solo 90 minutos de Madrid esconde un festival donde miles de velas iluminan sus calles medievales)\" class=\"read-more\" href=\"https:\/\/www.journee-mondiale.com\/es\/este-pueblo-amurallado-de-400-habitantes-fue-el-primer-conjunto-historico-de-espana-a-solo-90-minutos-de-madrid-esconde-un-festival-donde-miles-de-velas-iluminan-sus-calles-medievales\/\" aria-label=\"Leer m\u00e1s sobre Este pueblo amurallado de 400 habitantes fue el primer conjunto hist\u00f3rico de Espa\u00f1a (a solo 90 minutos de Madrid esconde un festival donde miles de velas iluminan sus calles medievales)\">Lire plus<\/a><\/p>\n","protected":false},"author":1,"featured_media":14711,"comment_status":"","ping_status":"","sticky":false,"template":"","format":"standard","meta":{"footnotes":""},"categories":[49],"tags":[],"class_list":["post-14712","post","type-post","status-publish","format-standard","has-post-thumbnail","hentry","category-viajes"],"acf":[],"_yoast_wpseo_primary_category":null,"_yoast_wpseo_title":null,"_yoast_wpseo_metadesc":null,"_links":{"self":[{"href":"https:\/\/www.journee-mondiale.com\/es\/wp-json\/wp\/v2\/posts\/14712","targetHints":{"allow":["GET"]}}],"collection":[{"href":"https:\/\/www.journee-mondiale.com\/es\/wp-json\/wp\/v2\/posts"}],"about":[{"href":"https:\/\/www.journee-mondiale.com\/es\/wp-json\/wp\/v2\/types\/post"}],"author":[{"embeddable":true,"href":"https:\/\/www.journee-mondiale.com\/es\/wp-json\/wp\/v2\/users\/1"}],"replies":[{"embeddable":true,"href":"https:\/\/www.journee-mondiale.com\/es\/wp-json\/wp\/v2\/comments?post=14712"}],"version-history":[{"count":0,"href":"https:\/\/www.journee-mondiale.com\/es\/wp-json\/wp\/v2\/posts\/14712\/revisions"}],"wp:featuredmedia":[{"embeddable":true,"href":"https:\/\/www.journee-mondiale.com\/es\/wp-json\/wp\/v2\/media\/14711"}],"wp:attachment":[{"href":"https:\/\/www.journee-mondiale.com\/es\/wp-json\/wp\/v2\/media?parent=14712"}],"wp:term":[{"taxonomy":"category","embeddable":true,"href":"https:\/\/www.journee-mondiale.com\/es\/wp-json\/wp\/v2\/categories?post=14712"},{"taxonomy":"post_tag","embeddable":true,"href":"https:\/\/www.journee-mondiale.com\/es\/wp-json\/wp\/v2\/tags?post=14712"}],"curies":[{"name":"wp","href":"https:\/\/api.w.org\/{rel}","templated":true}]}}