{"id":14710,"date":"2025-08-30T19:00:11","date_gmt":"2025-08-30T17:00:11","guid":{"rendered":"https:\/\/www.journee-mondiale.com\/es\/el-bob-frances-con-capas-secretas-el-corte-volumetrico-que-transforma-cabelleras-finas-con-70-menos-esfuerzo-y-esconde-5-beneficios-que-las-peluquerias-no-revelan\/"},"modified":"2025-08-30T19:00:11","modified_gmt":"2025-08-30T17:00:11","slug":"el-bob-frances-con-capas-secretas-el-corte-volumetrico-que-transforma-cabelleras-finas-con-70-menos-esfuerzo-y-esconde-5-beneficios-que-las-peluquerias-no-revelan","status":"publish","type":"post","link":"https:\/\/www.journee-mondiale.com\/es\/el-bob-frances-con-capas-secretas-el-corte-volumetrico-que-transforma-cabelleras-finas-con-70-menos-esfuerzo-y-esconde-5-beneficios-que-las-peluquerias-no-revelan\/","title":{"rendered":"El Bob franc\u00e9s con capas secretas: el corte \u00abvolum\u00e9trico\u00bb que transforma cabelleras finas con 70% menos esfuerzo (y esconde 5 beneficios que las peluquer\u00edas no revelan)"},"content":{"rendered":"<p>\u00bfHas notado c\u00f3mo algunos cortes de pelo tienen ese <strong>volumen perfecto<\/strong> que parece natural y controlado a la vez? Este verano 2025, Par\u00eds nos trae una renovaci\u00f3n sofisticada que est\u00e1 causando furor: el <strong>Bob franc\u00e9s con capas secretas<\/strong>. Esta t\u00e9cnica reinventa el cl\u00e1sico bob con un enfoque revolucionario que aporta movimiento sin sacrificar la elegancia.<\/p>\n<h2>La magia detr\u00e1s de las \u00abcapas invisibles\u00bb que transforman cabelleras<\/h2>\n<p>Lo fascinante del <strong>Bob franc\u00e9s con capas secretas<\/strong> es precisamente lo que no se ve. \u00abLas capas est\u00e1n estrat\u00e9gicamente ubicadas en el interior de la melena, creando una arquitectura invisible que sostiene el volumen desde dentro\u00bb, explica Martina Ferrer, directora de la prestigiosa Acad\u00e9mie de Coiffure en Par\u00eds. Este efecto es como un edificio bien dise\u00f1ado: la estructura interna crea espacios para que el cabello respire y se mueva con naturalidad.<\/p>\n<h2>\u00bfPor qu\u00e9 este corte est\u00e1 conquistando el final del verano?<\/h2>\n<p>Con las altas temperaturas que persisten en agosto, encontrar un <strong>estilo fresco y sofisticado<\/strong> se vuelve prioritario. El Bob franc\u00e9s con capas secretas ofrece esa ligereza que necesitamos sin comprometer el estilo. Se adapta perfectamente a la transici\u00f3n hacia el oto\u00f1o, cuando querremos conservar ese aire desenfadado pero con un toque m\u00e1s pulido, como nos recuerda <a href=\"https:\/\/www.journee-mondiale.com\/es\/el-bob-mini-boyish-que-rejuvenece-8-anos-de-golpe-la-transformacion-capilar-que-esta-cambiando-madrid-este-verano-2025\/\" target=\"_blank\">el fen\u00f3meno del Bob mini boyish<\/a> que tambi\u00e9n est\u00e1 arrasando este verano.<\/p>\n<h2>La t\u00e9cnica del volumen controlado: ciencia y arte<\/h2>\n<p>El <strong>secreto t\u00e9cnico<\/strong> de este corte reside en el m\u00e9todo de seccionamiento. \u00abTrabajamos con coletas temporales y cortes en \u00e1ngulos precisos para crear capas que nunca se ven cuando el cabello cae naturalmente\u00bb, revela Carlos Mendoza, estilista espa\u00f1ol formado en la escuela francesa. Este m\u00e9todo es como la pintura impresionista: de cerca solo ves trazos, pero al alejarte surge una imagen armoniosa y con profundidad.<\/p>\n<blockquote><p>He visto clientes con cabello fino transformarse completamente con este corte. El volumen aparece como por arte de magia, pero sin ese efecto artificial que tanto temen.<\/p><\/blockquote>\n<h2>Tres beneficios que te enamorar\u00e1n de este estilo<\/h2>\n<ul>\n<li><strong>Versatilidad diaria<\/strong>: Funciona tanto en versi\u00f3n pulida como en acabado desenfadado<\/li>\n<li><strong>Efecto rejuvenecedor<\/strong>: El movimiento enmarca el rostro suavizando sus contornos<\/li>\n<li><strong>Mantenimiento reducido<\/strong>: Las capas internas facilitan el peinado natural<\/li>\n<\/ul>\n<h2>\u00bfA qui\u00e9n favorece especialmente este bob revolucionario?<\/h2>\n<p>El <strong>Bob franc\u00e9s con capas secretas<\/strong> es particularmente generoso con rostros redondos y cabelleras finas. Si buscas una alternativa con m\u00e1s longitud, <a href=\"https:\/\/www.journee-mondiale.com\/es\/el-bob-long-que-promete-70-mas-versatilidad-que-el-french-bob-tradicional-y-solo-necesita-5-minutos-al-dia-para-mantenerse-perfecto-a-35c\/\" target=\"_blank\">el Bob long ofrece una versatilidad extraordinaria<\/a> manteniendo el encanto franc\u00e9s. Para quienes desean incorporar sus canas con elegancia, <a href=\"https:\/\/www.journee-mondiale.com\/es\/la-revolucion-plateada-del-verano-el-bob-bicolor-con-canas-en-el-flequillo-que-rejuvenece-7-anos-y-solo-necesita-5-minutos-diarios\/\" target=\"_blank\">el Bob bicolor con canas<\/a> representa una alternativa sofisticada.<\/p>\n<h2>C\u00f3mo mantener el volumen controlado d\u00eda tras d\u00eda<\/h2>\n<p>El <strong>peinado cotidiano<\/strong> de este corte es sorprendentemente sencillo. Comienza aplicando una <strong>mousse ligera<\/strong> en ra\u00edces h\u00famedas y seca inclinando la cabeza hacia abajo para potenciar el volumen natural. Este enfoque es similar al empleado en <a href=\"https:\/\/www.journee-mondiale.com\/es\/el-secreto-frances-del-verano-2025-el-bob-de-4-cm-que-transforma-canas-frontales-en-un-halo-rejuvenecedor-y-solo-necesita-5-minutos-al-dia\/\" target=\"_blank\">el Bob de 4 cm con canas frontales<\/a> que tanto se lleva este verano.<\/p>\n<h2>La an\u00e9cdota que confirma su \u00e9xito internacional<\/h2>\n<p>Una clienta madrile\u00f1a viaj\u00f3 espec\u00edficamente a Par\u00eds para conseguir este corte tras verlo en una editora de moda francesa. Al regresar, su peluquero local qued\u00f3 tan impresionado que viaj\u00f3 a Francia para aprender la t\u00e9cnica. Hoy, forma parte de los estilistas que dominan <a href=\"https:\/\/www.journee-mondiale.com\/es\/el-corte-blunt-bob-que-transforma-canas-en-simbolos-de-elegancia-la-tecnica-de-5-minutos-que-rejuvenece-hasta-8-anos\/\" target=\"_blank\">t\u00e9cnicas avanzadas como el Blunt Bob<\/a> que tambi\u00e9n est\u00e1 transformando cabellos este verano.<\/p>\n<h2>\u00bfEst\u00e1s lista para descubrir tu mejor versi\u00f3n con volumen controlado?<\/h2>\n<p>El Bob franc\u00e9s con capas secretas representa el equilibrio perfecto entre sofisticaci\u00f3n parisina y practicidad moderna. Como un buen vino, este corte realza tus mejores cualidades naturales sin esfuerzo aparente. La pr\u00f3xima vez que visites tu sal\u00f3n, pregunta por esta t\u00e9cnica que est\u00e1 transformando cabelleras con ese je ne sais quoi que solo el estilo franc\u00e9s puede ofrecer.<\/p>\n","protected":false},"excerpt":{"rendered":"<p>\u00bfHas notado c\u00f3mo algunos cortes de pelo tienen ese volumen perfecto que parece natural y controlado a la vez? Este verano 2025, Par\u00eds nos trae una renovaci\u00f3n sofisticada que est\u00e1 causando furor: el Bob franc\u00e9s con capas secretas. Esta t\u00e9cnica reinventa el cl\u00e1sico bob con un enfoque revolucionario que aporta movimiento sin sacrificar la elegancia. &#8230; <a title=\"El Bob franc\u00e9s con capas secretas: el corte \u00abvolum\u00e9trico\u00bb que transforma cabelleras finas con 70% menos esfuerzo (y esconde 5 beneficios que las peluquer\u00edas no revelan)\" class=\"read-more\" href=\"https:\/\/www.journee-mondiale.com\/es\/el-bob-frances-con-capas-secretas-el-corte-volumetrico-que-transforma-cabelleras-finas-con-70-menos-esfuerzo-y-esconde-5-beneficios-que-las-peluquerias-no-revelan\/\" aria-label=\"Leer m\u00e1s sobre El Bob franc\u00e9s con capas secretas: el corte \u00abvolum\u00e9trico\u00bb que transforma cabelleras finas con 70% menos esfuerzo (y esconde 5 beneficios que las peluquer\u00edas no revelan)\">Lire plus<\/a><\/p>\n","protected":false},"author":1,"featured_media":14709,"comment_status":"","ping_status":"","sticky":false,"template":"","format":"standard","meta":{"footnotes":""},"categories":[48],"tags":[],"class_list":["post-14710","post","type-post","status-publish","format-standard","has-post-thumbnail","hentry","category-estilo-de-vida"],"acf":[],"_yoast_wpseo_primary_category":null,"_yoast_wpseo_title":null,"_yoast_wpseo_metadesc":null,"_links":{"self":[{"href":"https:\/\/www.journee-mondiale.com\/es\/wp-json\/wp\/v2\/posts\/14710","targetHints":{"allow":["GET"]}}],"collection":[{"href":"https:\/\/www.journee-mondiale.com\/es\/wp-json\/wp\/v2\/posts"}],"about":[{"href":"https:\/\/www.journee-mondiale.com\/es\/wp-json\/wp\/v2\/types\/post"}],"author":[{"embeddable":true,"href":"https:\/\/www.journee-mondiale.com\/es\/wp-json\/wp\/v2\/users\/1"}],"replies":[{"embeddable":true,"href":"https:\/\/www.journee-mondiale.com\/es\/wp-json\/wp\/v2\/comments?post=14710"}],"version-history":[{"count":0,"href":"https:\/\/www.journee-mondiale.com\/es\/wp-json\/wp\/v2\/posts\/14710\/revisions"}],"wp:featuredmedia":[{"embeddable":true,"href":"https:\/\/www.journee-mondiale.com\/es\/wp-json\/wp\/v2\/media\/14709"}],"wp:attachment":[{"href":"https:\/\/www.journee-mondiale.com\/es\/wp-json\/wp\/v2\/media?parent=14710"}],"wp:term":[{"taxonomy":"category","embeddable":true,"href":"https:\/\/www.journee-mondiale.com\/es\/wp-json\/wp\/v2\/categories?post=14710"},{"taxonomy":"post_tag","embeddable":true,"href":"https:\/\/www.journee-mondiale.com\/es\/wp-json\/wp\/v2\/tags?post=14710"}],"curies":[{"name":"wp","href":"https:\/\/api.w.org\/{rel}","templated":true}]}}