{"id":14708,"date":"2025-08-30T17:05:48","date_gmt":"2025-08-30T15:05:48","guid":{"rendered":"https:\/\/www.journee-mondiale.com\/es\/como-mi-cerebro-se-transformo-al-caminar-20-minutos-lo-que-descubri-sobre-la-conexion-entre-movimiento-y-creatividad-y-cambio-mi-carrera\/"},"modified":"2025-08-30T17:05:48","modified_gmt":"2025-08-30T15:05:48","slug":"como-mi-cerebro-se-transformo-al-caminar-20-minutos-lo-que-descubri-sobre-la-conexion-entre-movimiento-y-creatividad-y-cambio-mi-carrera","status":"publish","type":"post","link":"https:\/\/www.journee-mondiale.com\/es\/como-mi-cerebro-se-transformo-al-caminar-20-minutos-lo-que-descubri-sobre-la-conexion-entre-movimiento-y-creatividad-y-cambio-mi-carrera\/","title":{"rendered":"C\u00f3mo mi cerebro se transform\u00f3 al caminar 20 minutos: lo que descubr\u00ed sobre la conexi\u00f3n entre movimiento y creatividad (y cambi\u00f3 mi carrera)"},"content":{"rendered":"<p>\u00bfAlguna vez has sentido que tu creatividad est\u00e1 bloqueada? El secreto para desbloquearla podr\u00eda estar m\u00e1s cerca de lo que piensas. Mientras muchos recurren a t\u00e9cnicas tradicionales como la meditaci\u00f3n o la lluvia de ideas, <strong>la ciencia<\/strong> nos revela un catalizador sorprendentemente efectivo para estimular nuestra mente creativa: el ejercicio f\u00edsico.<\/p>\n<h2>El efecto transformador del movimiento en nuestro cerebro<\/h2>\n<p>Cuando nos movemos activamente, nuestro cerebro experimenta una verdadera revoluci\u00f3n qu\u00edmica. <strong>La actividad aer\u00f3bica<\/strong> desencadena la liberaci\u00f3n de neurotransmisores como la serotonina, dopamina y noradrenalina, creando el entorno neuronal perfecto para que florezcan las ideas innovadoras.<\/p>\n<p>\u00abEl ejercicio f\u00edsico act\u00faa como un interruptor que enciende zonas cerebrales vinculadas a la creatividad que permanecen dormidas durante el sedentarismo\u00bb, explica la Dra. Marta Jim\u00e9nez, neur\u00f3loga del Hospital La Paz de Madrid. \u00abEs como si di\u00e9ramos un ba\u00f1o revitalizante a nuestras neuronas\u00bb.<\/p>\n<h2>El paseo que revolucion\u00f3 mi carrera creativa<\/h2>\n<p>Carlos, dise\u00f1ador gr\u00e1fico de 34 a\u00f1os, experiment\u00f3 este fen\u00f3meno en primera persona: \u00abLlevaba semanas bloqueado con un proyecto importante. Un d\u00eda, frustrado, sal\u00ed a correr sin pensar en nada. A los 20 minutos, <strong>la soluci\u00f3n<\/strong> apareci\u00f3 tan claramente en mi mente que tuve que detenerme para anotarla en el m\u00f3vil\u00bb.<\/p>\n<p>Este testimonio no es casualidad. Un estudio emblem\u00e1tico de la <strong>Universidad de Stanford<\/strong> demostr\u00f3 que el simple acto de caminar incrementa el pensamiento creativo hasta un 60%, tanto durante como despu\u00e9s del ejercicio. <a href=\"https:\/\/www.journee-mondiale.com\/es\/la-actividad-fisica-me-libero-de-la-depresion-150-minutos-semanales-transformaron-mi-cerebro-y-puedes-lograrlo-tambien\/\" target=\"_blank\">El impacto positivo de la actividad f\u00edsica<\/a> va mucho m\u00e1s all\u00e1 del bienestar f\u00edsico.<\/p>\n<h2>La neurociencia detr\u00e1s de este superpoder creativo<\/h2>\n<p>Cuando realizamos ejercicio, especialmente el aer\u00f3bico, ocurren varios procesos fascinantes:<\/p>\n<ul>\n<li>Aumenta la <strong>prote\u00edna BDNF<\/strong>, esencial para el desarrollo de nuevas conexiones neuronales<\/li>\n<li>Se acelera la <strong>neurog\u00e9nesis<\/strong> en el hipocampo, mejorando la memoria y el aprendizaje<\/li>\n<li>Se potencia el <strong>flujo sangu\u00edneo cerebral<\/strong>, proporcionando m\u00e1s ox\u00edgeno y nutrientes<\/li>\n<\/ul>\n<p>\u00abEs como si el ejercicio f\u00edsico irrigara nuestro jard\u00edn mental, permitiendo que broten nuevas ideas\u00bb, se\u00f1ala el Dr. Alberto Torres, especialista en neurociencia cognitiva. Muchas personas han descubierto que <a href=\"https:\/\/www.journee-mondiale.com\/es\/entrenar-en-invierno-me-ayudo-a-quemar-20-mas-calorias-lo-que-descubri-sobre-mi-termostato-mental-cuando-la-motivacion-desaparecia\/\" target=\"_blank\">entrenar incluso en condiciones adversas<\/a> mantiene activo este motor creativo.<\/p>\n<h2>Actividades f\u00edsicas que disparan la creatividad<\/h2>\n<p>No todas las actividades f\u00edsicas impactan igual en nuestra capacidad creativa. Las m\u00e1s efectivas son:<\/p>\n<ul>\n<li>Caminatas al aire libre, especialmente en entornos naturales<\/li>\n<li>Correr a <strong>ritmo moderado<\/strong>, donde puedas mantener una conversaci\u00f3n<\/li>\n<li>Nataci\u00f3n, que combina el movimiento r\u00edtmico con la respiraci\u00f3n controlada<\/li>\n<li>Ciclismo en rutas que no requieran extrema concentraci\u00f3n<\/li>\n<\/ul>\n<h2>El poder de la pausa activa para desbloquear ideas<\/h2>\n<p>La pr\u00f3xima vez que enfrentes un bloqueo creativo, considera que <a href=\"https:\/\/www.journee-mondiale.com\/es\/alivie-mi-dolor-cronico-un-70-con-movimiento-consciente-lo-que-mi-medico-nunca-me-explico-sobre-ejercicios-suaves-y-como-cambiaron-mi-relacion-con-el-dolor\/\" target=\"_blank\">el movimiento consciente<\/a> puede ser tu aliado. Incluso <strong>ejercicios suaves<\/strong> como los estiramientos pueden activar circuitos cerebrales relacionados con la creatividad.<\/p>\n<p>Muchos artistas y pensadores innovadores han incorporado <a href=\"https:\/\/www.journee-mondiale.com\/es\/deje-atras-las-flexiones-tradicionales-13-mas-masa-muscular-en-12-semanas-sin-gimnasio-ni-equipamiento\/\" target=\"_blank\">rutinas de ejercicio alternativas<\/a> que les permiten mantener su mente \u00e1gil sin necesidad de equipamiento sofisticado.<\/p>\n<h2>\u00bfC\u00f3mo implementar esta estrategia en tu rutina diaria?<\/h2>\n<p>Para potenciar tu creatividad a trav\u00e9s del ejercicio, prueba integrar <a href=\"https:\/\/www.journee-mondiale.com\/es\/7-minutos-de-respiracion-consciente-me-ayudaron-a-dormir-profundamente-cuando-padecia-insomnio-cronico-lo-que-descubri-sobre-mi-cerebro\/\" target=\"_blank\">t\u00e9cnicas de respiraci\u00f3n consciente<\/a> durante tus sesiones de actividad f\u00edsica. Este enfoque dual maximiza los beneficios cognitivos y creativos.<\/p>\n<p>El ejercicio act\u00faa como un <strong>puente neuronal<\/strong> entre diferentes regiones cerebrales, conectando ideas aparentemente inconexas y generando ese \u00ab\u00a1eureka!\u00bb que todos buscamos. \u00bfPor qu\u00e9 no dar el primer paso hoy mismo hacia una mente m\u00e1s creativa a trav\u00e9s del movimiento?<\/p>\n","protected":false},"excerpt":{"rendered":"<p>\u00bfAlguna vez has sentido que tu creatividad est\u00e1 bloqueada? El secreto para desbloquearla podr\u00eda estar m\u00e1s cerca de lo que piensas. Mientras muchos recurren a t\u00e9cnicas tradicionales como la meditaci\u00f3n o la lluvia de ideas, la ciencia nos revela un catalizador sorprendentemente efectivo para estimular nuestra mente creativa: el ejercicio f\u00edsico. El efecto transformador del &#8230; <a title=\"C\u00f3mo mi cerebro se transform\u00f3 al caminar 20 minutos: lo que descubr\u00ed sobre la conexi\u00f3n entre movimiento y creatividad (y cambi\u00f3 mi carrera)\" class=\"read-more\" href=\"https:\/\/www.journee-mondiale.com\/es\/como-mi-cerebro-se-transformo-al-caminar-20-minutos-lo-que-descubri-sobre-la-conexion-entre-movimiento-y-creatividad-y-cambio-mi-carrera\/\" aria-label=\"Leer m\u00e1s sobre C\u00f3mo mi cerebro se transform\u00f3 al caminar 20 minutos: lo que descubr\u00ed sobre la conexi\u00f3n entre movimiento y creatividad (y cambi\u00f3 mi carrera)\">Lire plus<\/a><\/p>\n","protected":false},"author":1,"featured_media":14707,"comment_status":"","ping_status":"","sticky":false,"template":"","format":"standard","meta":{"footnotes":""},"categories":[52],"tags":[],"class_list":["post-14708","post","type-post","status-publish","format-standard","has-post-thumbnail","hentry","category-salud"],"acf":[],"_yoast_wpseo_primary_category":null,"_yoast_wpseo_title":null,"_yoast_wpseo_metadesc":null,"_links":{"self":[{"href":"https:\/\/www.journee-mondiale.com\/es\/wp-json\/wp\/v2\/posts\/14708","targetHints":{"allow":["GET"]}}],"collection":[{"href":"https:\/\/www.journee-mondiale.com\/es\/wp-json\/wp\/v2\/posts"}],"about":[{"href":"https:\/\/www.journee-mondiale.com\/es\/wp-json\/wp\/v2\/types\/post"}],"author":[{"embeddable":true,"href":"https:\/\/www.journee-mondiale.com\/es\/wp-json\/wp\/v2\/users\/1"}],"replies":[{"embeddable":true,"href":"https:\/\/www.journee-mondiale.com\/es\/wp-json\/wp\/v2\/comments?post=14708"}],"version-history":[{"count":0,"href":"https:\/\/www.journee-mondiale.com\/es\/wp-json\/wp\/v2\/posts\/14708\/revisions"}],"wp:featuredmedia":[{"embeddable":true,"href":"https:\/\/www.journee-mondiale.com\/es\/wp-json\/wp\/v2\/media\/14707"}],"wp:attachment":[{"href":"https:\/\/www.journee-mondiale.com\/es\/wp-json\/wp\/v2\/media?parent=14708"}],"wp:term":[{"taxonomy":"category","embeddable":true,"href":"https:\/\/www.journee-mondiale.com\/es\/wp-json\/wp\/v2\/categories?post=14708"},{"taxonomy":"post_tag","embeddable":true,"href":"https:\/\/www.journee-mondiale.com\/es\/wp-json\/wp\/v2\/tags?post=14708"}],"curies":[{"name":"wp","href":"https:\/\/api.w.org\/{rel}","templated":true}]}}