{"id":14706,"date":"2025-08-30T13:05:14","date_gmt":"2025-08-30T11:05:14","guid":{"rendered":"https:\/\/www.journee-mondiale.com\/es\/las-biker-jackets-de-colores-que-revolucionan-mi-armario-este-otono-2025-y-como-combinarlas-a-cualquier-temperatura\/"},"modified":"2025-08-30T13:05:14","modified_gmt":"2025-08-30T11:05:14","slug":"las-biker-jackets-de-colores-que-revolucionan-mi-armario-este-otono-2025-y-como-combinarlas-a-cualquier-temperatura","status":"publish","type":"post","link":"https:\/\/www.journee-mondiale.com\/es\/las-biker-jackets-de-colores-que-revolucionan-mi-armario-este-otono-2025-y-como-combinarlas-a-cualquier-temperatura\/","title":{"rendered":"Las biker jackets de colores que revolucionan mi armario este oto\u00f1o 2025 (y c\u00f3mo combinarlas a cualquier temperatura)"},"content":{"rendered":"<p>El mundo de la moda nos sorprende nuevamente este <strong>oto\u00f1o 2025<\/strong> con una tendencia que revitaliza un cl\u00e1sico eterno: las biker jackets de colores vibrantes est\u00e1n revolucionando nuestro armario, dejando atr\u00e1s la tradicional chaqueta de cuero negra. Este giro crom\u00e1tico no solo rejuvenece un b\u00e1sico atemporal, sino que nos ofrece una explosi\u00f3n de personalidad perfecta para la transici\u00f3n hacia las temperaturas m\u00e1s frescas.<\/p>\n<h2>La revoluci\u00f3n crom\u00e1tica que transforma el cl\u00e1sico motero<\/h2>\n<p>Las <strong>biker jackets<\/strong> experimentan una metamorfosis este a\u00f1o con tonalidades que van desde el intenso burdeos hasta delicados lavandas y beiges. \u00abEl color es la forma m\u00e1s f\u00e1cil de actualizar tu chaqueta biker sin sacrificar su esencia rebelde y atemporal\u00bb, se\u00f1ala la marca Alice In The Eve, creadora de la aclamada \u00abClara Clean PU Jacket\u00bb que lidera esta tendencia.<\/p>\n<p>Esta renovaci\u00f3n estil\u00edstica coincide con otras transformaciones en el mundo de la belleza, como <a href=\"https:\/\/www.journee-mondiale.com\/es\/el-cabello-mixto-la-tendencia-que-transformara-tu-melena-rebelde-a-35c-los-expertos-confirman-que-el-35-de-mujeres-lo-tiene-sin-saberlo\/\" target=\"_blank\">las nuevas t\u00e9cnicas para dominar el cabello mixto<\/a>, demostrando que este oto\u00f1o est\u00e1 marcado por reinvenciones que facilitan nuestro d\u00eda a d\u00eda.<\/p>\n<h2>Colores que definen la temporada: del rojo atrevido al oro sofisticado<\/h2>\n<p>Seg\u00fan los analistas de tendencias de AULEATHERX, \u00abla chaqueta biker <strong>roja<\/strong> es un s\u00edmbolo de confianza y audacia, perfecta para combinar en looks que van desde lo casual a lo festivalero\u00bb. La paleta de esta temporada incluye:<\/p>\n<ul>\n<li>Tonos intensos: rojo, azul, verde y burdeos para personalidades audaces<\/li>\n<li>Pasteles suaves: lavanda y beige para un estilo m\u00e1s delicado<\/li>\n<li>Met\u00e1licos futuristas: plata y oro para quienes buscan sofisticaci\u00f3n nocturna<\/li>\n<\/ul>\n<p>Esta variedad crom\u00e1tica se complementa perfectamente con otros accesorios de temporada como <a href=\"https:\/\/www.journee-mondiale.com\/es\/los-bolsos-xxl-marron-chocolate-que-cambiaron-mi-estilo-este-otono-y-por-que-todas-los-llevaran-en-2025\/\" target=\"_blank\">los bolsos XXL en tono marr\u00f3n chocolate<\/a> que est\u00e1n dominando el street style oto\u00f1al.<\/p>\n<h2>Nuevas siluetas: cuando el corte redefine la actitud<\/h2>\n<p>Las <strong>siluetas crop<\/strong> dominan la escena, como explica una influencer de moda femenina: \u00abCortar la chaqueta a la cintura y apostar por tonos pastel es clave para un look oto\u00f1al fresco y vers\u00e1til\u00bb. Estas versiones m\u00e1s cortas contrastan elegantemente con las propuestas oversized inspiradas en los ochenta, creando un abanico de opciones para diferentes estilos.<\/p>\n<p>El dise\u00f1ador de Alexander McQueen coment\u00f3 durante la Fashion Week 2025: \u00abEstamos reinterpretando la biker tradicional con <strong>bordados y detalles met\u00e1licos<\/strong> que la hacen m\u00e1s vers\u00e1til para d\u00eda y noche\u00bb.<\/p>\n<h2>El arte de combinar tu biker jacket de color<\/h2>\n<p>La clave para lucir estas piezas est\u00e1 en el equilibrio. Los estilistas recomiendan:<\/p>\n<ul>\n<li>Combinar con prendas neutras: jeans, camisetas blancas o faldas en tonos suaves<\/li>\n<li>A\u00f1adir un toque de glamour con labiales intensos como <a href=\"https:\/\/www.journee-mondiale.com\/es\/el-labial-fucsia-que-probe-a-35c-mi-piel-bronceada-luce-7-anos-mas-joven-los-expertos-no-lo-esperaban\/\" target=\"_blank\">el fucsia que rejuvenece la piel bronceada<\/a><\/li>\n<li>Completar el look con un peinado desenfadado como <a href=\"https:\/\/www.journee-mondiale.com\/es\/las-ondas-suaves-que-resisten-a-35c-el-peinado-salvavidas-que-domina-agosto-2025-y-el-truco-de-la-plancha-vertical-que-esta-cambiando-todo\/\" target=\"_blank\">ondas suaves resistentes<\/a><\/li>\n<\/ul>\n<h2>La versatilidad como nuevo s\u00edmbolo de elegancia<\/h2>\n<p>Una consultora de tendencias moteras explica que \u00ablos nuevos materiales y colores est\u00e1n haciendo de la chaqueta de moto un art\u00edculo m\u00e1s deseable fuera de la carretera\u00bb. Esta adaptabilidad convierte a las biker jackets coloridas en <strong>inversiones inteligentes<\/strong> para nuestro armario oto\u00f1al.<\/p>\n<blockquote><p>\n\u00abM\u00e1s all\u00e1 del negro, la biker colorida se sirve de cortes contempor\u00e1neos y tejidos innovadores para satisfacer la demanda de quienes buscan estilo sin renunciar a la tradici\u00f3n\u00bb, afirma una destacada bloguera de moda leatherx.\n<\/p><\/blockquote>\n<h2>\u00bfEl toque final para tu look de oto\u00f1o?<\/h2>\n<p>Para completar tu estilismo con estas piezas estrella, no olvides cuidar hasta el \u00faltimo detalle, como <a href=\"https:\/\/www.journee-mondiale.com\/es\/mi-truco-para-una-manicura-perfecta-en-10-minutos-cuando-hace-35c-asi-nunca-falla\/\" target=\"_blank\">una manicura impecable en tiempo r\u00e9cord<\/a>. Como las biker jackets de colores, el secreto est\u00e1 en atreverse a reinventar lo cl\u00e1sico con un toque personal que refleje tu personalidad y eleve tu confianza en esta nueva temporada.<\/p>\n","protected":false},"excerpt":{"rendered":"<p>El mundo de la moda nos sorprende nuevamente este oto\u00f1o 2025 con una tendencia que revitaliza un cl\u00e1sico eterno: las biker jackets de colores vibrantes est\u00e1n revolucionando nuestro armario, dejando atr\u00e1s la tradicional chaqueta de cuero negra. Este giro crom\u00e1tico no solo rejuvenece un b\u00e1sico atemporal, sino que nos ofrece una explosi\u00f3n de personalidad perfecta &#8230; <a title=\"Las biker jackets de colores que revolucionan mi armario este oto\u00f1o 2025 (y c\u00f3mo combinarlas a cualquier temperatura)\" class=\"read-more\" href=\"https:\/\/www.journee-mondiale.com\/es\/las-biker-jackets-de-colores-que-revolucionan-mi-armario-este-otono-2025-y-como-combinarlas-a-cualquier-temperatura\/\" aria-label=\"Leer m\u00e1s sobre Las biker jackets de colores que revolucionan mi armario este oto\u00f1o 2025 (y c\u00f3mo combinarlas a cualquier temperatura)\">Lire plus<\/a><\/p>\n","protected":false},"author":1,"featured_media":14705,"comment_status":"","ping_status":"","sticky":false,"template":"","format":"standard","meta":{"footnotes":""},"categories":[48],"tags":[],"class_list":["post-14706","post","type-post","status-publish","format-standard","has-post-thumbnail","hentry","category-estilo-de-vida"],"acf":[],"_yoast_wpseo_primary_category":null,"_yoast_wpseo_title":null,"_yoast_wpseo_metadesc":null,"_links":{"self":[{"href":"https:\/\/www.journee-mondiale.com\/es\/wp-json\/wp\/v2\/posts\/14706","targetHints":{"allow":["GET"]}}],"collection":[{"href":"https:\/\/www.journee-mondiale.com\/es\/wp-json\/wp\/v2\/posts"}],"about":[{"href":"https:\/\/www.journee-mondiale.com\/es\/wp-json\/wp\/v2\/types\/post"}],"author":[{"embeddable":true,"href":"https:\/\/www.journee-mondiale.com\/es\/wp-json\/wp\/v2\/users\/1"}],"replies":[{"embeddable":true,"href":"https:\/\/www.journee-mondiale.com\/es\/wp-json\/wp\/v2\/comments?post=14706"}],"version-history":[{"count":0,"href":"https:\/\/www.journee-mondiale.com\/es\/wp-json\/wp\/v2\/posts\/14706\/revisions"}],"wp:featuredmedia":[{"embeddable":true,"href":"https:\/\/www.journee-mondiale.com\/es\/wp-json\/wp\/v2\/media\/14705"}],"wp:attachment":[{"href":"https:\/\/www.journee-mondiale.com\/es\/wp-json\/wp\/v2\/media?parent=14706"}],"wp:term":[{"taxonomy":"category","embeddable":true,"href":"https:\/\/www.journee-mondiale.com\/es\/wp-json\/wp\/v2\/categories?post=14706"},{"taxonomy":"post_tag","embeddable":true,"href":"https:\/\/www.journee-mondiale.com\/es\/wp-json\/wp\/v2\/tags?post=14706"}],"curies":[{"name":"wp","href":"https:\/\/api.w.org\/{rel}","templated":true}]}}