{"id":14664,"date":"2025-08-27T07:05:37","date_gmt":"2025-08-27T05:05:37","guid":{"rendered":"https:\/\/www.journee-mondiale.com\/es\/este-pequeno-oasis-medieval-entre-cuatro-valles-esconde-el-corazon-secreto-de-los-picos-de-europa-sus-puentes-de-piedra-cuentan-800-anos-de-historia\/"},"modified":"2025-08-27T07:05:37","modified_gmt":"2025-08-27T05:05:37","slug":"este-pequeno-oasis-medieval-entre-cuatro-valles-esconde-el-corazon-secreto-de-los-picos-de-europa-sus-puentes-de-piedra-cuentan-800-anos-de-historia","status":"publish","type":"post","link":"https:\/\/www.journee-mondiale.com\/es\/este-pequeno-oasis-medieval-entre-cuatro-valles-esconde-el-corazon-secreto-de-los-picos-de-europa-sus-puentes-de-piedra-cuentan-800-anos-de-historia\/","title":{"rendered":"Este peque\u00f1o oasis medieval entre cuatro valles esconde el coraz\u00f3n secreto de los Picos de Europa (sus puentes de piedra cuentan 800 a\u00f1os de historia)"},"content":{"rendered":"<p>Un oasis medieval entre cuatro valles: el coraz\u00f3n secreto de los Picos de Europa que no conoc\u00edas hasta ahora. Potes, una diminuta villa c\u00e1ntabra de apenas 1.300 habitantes, esconde tras sus callejuelas empedradas el secreto mejor guardado de la cordillera cant\u00e1brica. Aqu\u00ed, donde se abrazan cuatro valles y dos r\u00edos, el tiempo parece detenerse bajo la imponente silueta de la Torre del Infantado, testigo silencioso de ocho siglos de historia.<\/p>\n<h2>El peque\u00f1o pueblo que domina el imperio de piedra<\/h2>\n<p>Protegido por el coloso calizo de los Picos de Europa, Potes florece como una inesperada joya medieval. Su estrat\u00e9gica ubicaci\u00f3n, en la confluencia de los r\u00edos Deva y Quiviesa, le otorg\u00f3 durante siglos un protagonismo comercial que hoy se traduce en un patrimonio arquitect\u00f3nico excepcional y un microclima privilegiado que sorprende a quienes esperan la habitual humedad cant\u00e1brica.<\/p>\n<h2>Los puentes del tiempo: donde cada piedra cuenta una historia<\/h2>\n<p>Sus puentes medievales no son simples estructuras de piedra: son cap\u00edtulos de historia tallados sobre agua. El puente de San Cayetano y el de la C\u00e1rcel, con sus perfectos arcos de piedra, conectan orillas y \u00e9pocas, permiti\u00e9ndonos caminar literalmente sobre siglos de comerciantes, peregrinos y pastores que forjaron la identidad lebaniega.<\/p>\n<blockquote><p>\u00abPotes es como un libro abierto donde cada piedra, cada rinc\u00f3n, cuenta una historia diferente. Es imposible cruzar uno de nuestros puentes sin sentir el peso de los siglos bajo tus pies\u00bb, comparte Mar\u00eda G\u00f3mez, historiadora local.<\/p><\/blockquote>\n<h2>El misterio de la Torre del Infantado: la fortaleza que cambi\u00f3 de prop\u00f3sito<\/h2>\n<p>Dominando el horizonte de Potes, esta torre del siglo XIV esconde relatos que van desde batallas medievales hasta su uso como prisi\u00f3n. Hoy alberga el Ayuntamiento, pero sus muros de piedra siguen susurrando las historias de los poderosos linajes que gobernaron estas tierras, como el Ducado del Infantado y el Marqu\u00e9s de Santillana.<\/p>\n<h2>El secreto mejor guardado: un microclima que desaf\u00eda a toda Cantabria<\/h2>\n<p>Mientras el resto de Cantabria se empapa bajo la lluvia constante, Potes disfruta de un sorprendente microclima mediterr\u00e1neo. Este fen\u00f3meno \u00fanico, creado por la protecci\u00f3n natural de las monta\u00f1as circundantes, permite el cultivo de vi\u00f1edos y frutales que ser\u00edan impensables en otras zonas de la regi\u00f3n, convirti\u00e9ndolo en un oasis clim\u00e1tico dentro del norte espa\u00f1ol.<\/p>\n<h2>Los sabores ancestrales que conquistaron a reyes<\/h2>\n<p>El cocido lebaniego, con sus diminutos garbanzos cultivados en terrazas medievales y su cecina curada al viento de monta\u00f1a, es mucho m\u00e1s que un plato: es un ritual que conecta a visitantes con siglos de tradici\u00f3n gastron\u00f3mica. Este manjar campesino, nacido de la necesidad de sobrevivir a los duros inviernos, ahora atrae a gourmets de todo el mundo.<\/p>\n<blockquote><p>\u00abNuestro cocido no ha cambiado en cuatro siglos. La receta se transmite de generaci\u00f3n en generaci\u00f3n, y ese respeto por lo aut\u00e9ntico es lo que hace \u00fanica nuestra cocina\u00bb, explica Antonio Linares, chef y defensor de la gastronom\u00eda tradicional lebaniega.<\/p><\/blockquote>\n<h2>Un balc\u00f3n hacia el infinito: la puerta a los Picos de Europa<\/h2>\n<p>Potes no es solo un destino, sino el punto de partida ideal para explorar maravillas como el <a href=\"https:\/\/www.journee-mondiale.com\/es\/este-reino-de-agua-y-piedra-bajo-un-coloso-de-3-355-metros-lleva-un-siglo-protegiendo-el-secreto-mejor-guardado-de-los-pirineos\/\" target=\"_blank\">espectacular reino de agua y piedra<\/a> de los Picos de Europa, donde cumbres de m\u00e1s de 2.600 metros protegen ecosistemas \u00fanicos. El cercano telef\u00e9rico de Fuente D\u00e9 catapulta a los viajeros a alturas vertiginosas con vistas que cortan la respiraci\u00f3n.<\/p>\n<h2>El tesoro verde que rodea la piedra medieval<\/h2>\n<p>M\u00e1s all\u00e1 de sus calles empedradas, Potes est\u00e1 rodeado por un paisaje que rivaliza con los m\u00e1s impresionantes de Europa, similar al <a href=\"https:\/\/www.journee-mondiale.com\/es\/este-bosque-de-17-000-hectareas-esconde-un-tesoro-dorado-que-solo-aparece-3-meses-al-ano-el-segundo-hayedo-abetal-mas-grande-de-europa\/\" target=\"_blank\">imponente bosque que esconde tesoros dorados<\/a> en otras regiones espa\u00f1olas. Aqu\u00ed, senderos ancestrales serpentean entre hayas centenarias y praderas alpinas donde a\u00fan pastorean reba\u00f1os como lo han hecho durante milenios.<\/p>\n<h2>La leyenda del monje y el oso: el pacto que protege la monta\u00f1a<\/h2>\n<p>Los ancianos de Potes a\u00fan narran la historia del monje de Santo Toribio que, seg\u00fan la tradici\u00f3n, logr\u00f3 domesticar a un oso salvaje tras salvarlo de una trampa. Este relato, mezcla de fe y respeto por la naturaleza, simboliza la convivencia armoniosa entre humanos y naturaleza que caracteriza a esta regi\u00f3n, similar a la que se vive en <a href=\"https:\/\/www.journee-mondiale.com\/es\/este-macizo-calizo-de-2-650-metros-esconde-una-selva-alpina-unica-en-europa-el-parque-nacional-mas-antiguo-de-espana-donde-los-pastores-llevan-siglos-conviviendo-con-la-naturaleza\/\" target=\"_blank\">el parque nacional m\u00e1s antiguo de Espa\u00f1a<\/a>.<\/p>\n<h2>Un pueblo de puentes, como sus hermanos medievales<\/h2>\n<p>La arquitectura de Potes, con sus casas colgantes sobre el r\u00edo y sus puentes hist\u00f3ricos, evoca inevitablemente a otros tesoros medievales espa\u00f1oles como <a href=\"https:\/\/www.journee-mondiale.com\/es\/este-pueblo-medieval-aragones-conserva-un-puente-gotico-de-700-anos-que-atraviesa-el-tiempo-sus-casas-colgantes-y-el-pasadizo-secreto-entre-castillo-e-iglesia-son-unicos-en-espana\/\" target=\"_blank\">el pueblo aragon\u00e9s con su puente g\u00f3tico de 700 a\u00f1os<\/a> o <a href=\"https:\/\/www.journee-mondiale.com\/es\/este-pueblo-medieval-catalan-flota-sobre-un-acantilado-basaltico-de-50-metros-el-milagro-geologico-que-lleva-siglos-desafiando-la-gravedad\/\" target=\"_blank\">el milagroso pueblo catal\u00e1n que desaf\u00eda la gravedad<\/a>.<\/p>\n<p>Visitar Potes es sumergirse en un lugar donde la historia no se estudia: se respira en cada esquina. Es dejar que el murmullo de los r\u00edos y el susurro de las monta\u00f1as te cuenten secretos de siglos mientras caminas por calles que han visto pasar la historia sin perder su esencia. Es, sin duda, descubrir el coraz\u00f3n latente de los Picos de Europa que permanec\u00eda oculto a la vista de todos.<\/p>\n","protected":false},"excerpt":{"rendered":"<p>Un oasis medieval entre cuatro valles: el coraz\u00f3n secreto de los Picos de Europa que no conoc\u00edas hasta ahora. Potes, una diminuta villa c\u00e1ntabra de apenas 1.300 habitantes, esconde tras sus callejuelas empedradas el secreto mejor guardado de la cordillera cant\u00e1brica. Aqu\u00ed, donde se abrazan cuatro valles y dos r\u00edos, el tiempo parece detenerse bajo &#8230; <a title=\"Este peque\u00f1o oasis medieval entre cuatro valles esconde el coraz\u00f3n secreto de los Picos de Europa (sus puentes de piedra cuentan 800 a\u00f1os de historia)\" class=\"read-more\" href=\"https:\/\/www.journee-mondiale.com\/es\/este-pequeno-oasis-medieval-entre-cuatro-valles-esconde-el-corazon-secreto-de-los-picos-de-europa-sus-puentes-de-piedra-cuentan-800-anos-de-historia\/\" aria-label=\"Leer m\u00e1s sobre Este peque\u00f1o oasis medieval entre cuatro valles esconde el coraz\u00f3n secreto de los Picos de Europa (sus puentes de piedra cuentan 800 a\u00f1os de historia)\">Lire plus<\/a><\/p>\n","protected":false},"author":1,"featured_media":14663,"comment_status":"","ping_status":"","sticky":false,"template":"","format":"standard","meta":{"footnotes":""},"categories":[49],"tags":[],"class_list":["post-14664","post","type-post","status-publish","format-standard","has-post-thumbnail","hentry","category-viajes"],"acf":[],"_yoast_wpseo_primary_category":null,"_yoast_wpseo_title":null,"_yoast_wpseo_metadesc":null,"_links":{"self":[{"href":"https:\/\/www.journee-mondiale.com\/es\/wp-json\/wp\/v2\/posts\/14664","targetHints":{"allow":["GET"]}}],"collection":[{"href":"https:\/\/www.journee-mondiale.com\/es\/wp-json\/wp\/v2\/posts"}],"about":[{"href":"https:\/\/www.journee-mondiale.com\/es\/wp-json\/wp\/v2\/types\/post"}],"author":[{"embeddable":true,"href":"https:\/\/www.journee-mondiale.com\/es\/wp-json\/wp\/v2\/users\/1"}],"replies":[{"embeddable":true,"href":"https:\/\/www.journee-mondiale.com\/es\/wp-json\/wp\/v2\/comments?post=14664"}],"version-history":[{"count":0,"href":"https:\/\/www.journee-mondiale.com\/es\/wp-json\/wp\/v2\/posts\/14664\/revisions"}],"wp:featuredmedia":[{"embeddable":true,"href":"https:\/\/www.journee-mondiale.com\/es\/wp-json\/wp\/v2\/media\/14663"}],"wp:attachment":[{"href":"https:\/\/www.journee-mondiale.com\/es\/wp-json\/wp\/v2\/media?parent=14664"}],"wp:term":[{"taxonomy":"category","embeddable":true,"href":"https:\/\/www.journee-mondiale.com\/es\/wp-json\/wp\/v2\/categories?post=14664"},{"taxonomy":"post_tag","embeddable":true,"href":"https:\/\/www.journee-mondiale.com\/es\/wp-json\/wp\/v2\/tags?post=14664"}],"curies":[{"name":"wp","href":"https:\/\/api.w.org\/{rel}","templated":true}]}}