{"id":14231,"date":"2025-07-21T18:59:55","date_gmt":"2025-07-21T16:59:55","guid":{"rendered":"https:\/\/www.journee-mondiale.com\/es\/la-revolucion-capilar-del-verano-el-pixie-con-microflequillo-en-u-que-rejuvenece-8-anos-y-solo-requiere-5-minutos-diarios-las-estilistas-madrilenas-no-pueden-creer-los-resultados\/"},"modified":"2025-07-21T18:59:55","modified_gmt":"2025-07-21T16:59:55","slug":"la-revolucion-capilar-del-verano-el-pixie-con-microflequillo-en-u-que-rejuvenece-8-anos-y-solo-requiere-5-minutos-diarios-las-estilistas-madrilenas-no-pueden-creer-los-resultados","status":"publish","type":"post","link":"https:\/\/www.journee-mondiale.com\/es\/la-revolucion-capilar-del-verano-el-pixie-con-microflequillo-en-u-que-rejuvenece-8-anos-y-solo-requiere-5-minutos-diarios-las-estilistas-madrilenas-no-pueden-creer-los-resultados\/","title":{"rendered":"La revoluci\u00f3n capilar del verano: el pixie con microflequillo en U que rejuvenece 8 a\u00f1os y solo requiere 5 minutos diarios (las estilistas madrile\u00f1as no pueden creer los resultados)"},"content":{"rendered":"<p><strong>El verano 2025<\/strong> est\u00e1 siendo testigo de una revoluci\u00f3n capilar que est\u00e1 conquistando todas las calles de Madrid. El pixie, ese corte atemporal que ha sobrevivido d\u00e9cadas reinvent\u00e1ndose, vuelve a sorprendernos con su versi\u00f3n m\u00e1s vanguardista: el pixie con microflequillo en forma de &#8216;U&#8217;. Esta tendencia est\u00e1 redefiniendo lo que entendemos por elegancia minimalista y est\u00e1 dejando sin palabras incluso a las m\u00e1s conservadoras.<\/p>\n<h2>La evoluci\u00f3n del pixie que nadie vio venir<\/h2>\n<p>El cl\u00e1sico <a href=\"https:\/\/www.journee-mondiale.com\/es\/el-secreto-del-pixie-que-843-madrilenas-mantienen-perfecto-en-verano-7-minutos-diarios-y-la-tecnica-francesa-que-nadie-revela\/\" target=\"_blank\">pixie que tantas madrile\u00f1as mantienen perfecto<\/a> ha dado un salto evolutivo inesperado. La incorporaci\u00f3n de un microflequillo tallado en forma de &#8216;U&#8217; aporta un marco facial completamente innovador, creando una combinaci\u00f3n entre lo retro-futurista y lo decididamente moderno.<\/p>\n<p>\u00abEste <strong>corte geom\u00e9trico<\/strong> representa la nueva era de la peluquer\u00eda de precisi\u00f3n. No es solo un flequillo, es una declaraci\u00f3n arquitect\u00f3nica sobre la frente\u00bb, explica Carlos Vidal, director creativo del Sal\u00f3n Belleza Vanguardia de Madrid, quien ha adaptado esta tendencia para m\u00e1s de 50 clientas en apenas un mes.<\/p>\n<h2>\u00bfPor qu\u00e9 est\u00e1 causando tanto revuelo?<\/h2>\n<p>El microflequillo en &#8216;U&#8217; no es para cualquiera, y quiz\u00e1s ah\u00ed radica su atractivo. Como las grandes obras de arte, genera opiniones divididas, pero nadie queda indiferente. <strong>Su versatilidad<\/strong> permite adaptarlo a distintos tipos de rostro, siempre que se personalice la curvatura:<\/p>\n<ul>\n<li>Para rostros alargados: una &#8216;U&#8217; m\u00e1s abierta y menos profunda<\/li>\n<li>Para rostros redondos: una &#8216;U&#8217; m\u00e1s cerrada y pronunciada<\/li>\n<li>Para rostros ovalados: pr\u00e1cticamente cualquier variaci\u00f3n funciona<\/li>\n<\/ul>\n<h2>La t\u00e9cnica francesa que est\u00e1 detr\u00e1s del fen\u00f3meno<\/h2>\n<p>La estilista Luc\u00eda Mart\u00edn, formada en Par\u00eds, revela: \u00abLo que hace \u00fanico a este corte es la <strong>t\u00e9cnica de degradado invertido<\/strong> que utilizamos para crear la forma de &#8216;U&#8217;. Es como esculpir una sonrisa sobre la frente, requiere precisi\u00f3n milim\u00e9trica y conocimiento anat\u00f3mico del crecimiento capilar\u00bb.<\/p>\n<p>Esta t\u00e9cnica, originaria de los ateliers parisinos, ha sido perfeccionada por estilistas espa\u00f1oles que la han adaptado a <a href=\"https:\/\/www.journee-mondiale.com\/es\/el-corte-pixie-que-rejuvenece-82-anos-la-tecnica-francesa-que-843-mujeres-madrilenas-adoptaron-este-verano-y-solo-requiere-7-minutos-diarios\/\" target=\"_blank\">nuestro clima veraniego y al ritmo de vida de las madrile\u00f1as<\/a>.<\/p>\n<h2>El mantenimiento: m\u00e1s sencillo de lo que parece<\/h2>\n<p>Contrario a lo que podr\u00eda pensarse, este peinado es sorprendentemente f\u00e1cil de mantener. Como un jard\u00edn zen perfectamente dise\u00f1ado, requiere pocos cuidados para mantener su esencia. El microflequillo en &#8216;U&#8217; necesita:<\/p>\n<ul>\n<li>Retoques cada 3-4 semanas para mantener la forma geom\u00e9trica<\/li>\n<li>Productos de fijaci\u00f3n ligera como ceras en barra o espumas ultraligeras<\/li>\n<li>Apenas 5 minutos de estilismo matutino<\/li>\n<\/ul>\n<h2>El aliado perfecto para los cabellos finos<\/h2>\n<p>Este estilo es <a href=\"https:\/\/www.journee-mondiale.com\/es\/el-corte-revolucionario-que-transforma-cabellos-finos-en-7-minutos-como-el-pixie-shag-esta-conquistando-madrid-y-no-necesita-3-productos-caros\/\" target=\"_blank\">particularmente transformador para cabellos finos<\/a>. \u00abEs como si construy\u00e9ramos un escenario minimalista donde cada cabello tiene su protagonismo\u00bb, comenta Vidal. \u00abEl microflequillo en &#8216;U&#8217; crea una <strong>ilusi\u00f3n \u00f3ptica<\/strong> que redirecciona la atenci\u00f3n hacia los ojos y los p\u00f3mulos\u00bb.<\/p>\n<h2>El efecto rejuvenecedor que todas buscan<\/h2>\n<p>Si el <a href=\"https:\/\/www.journee-mondiale.com\/es\/el-estilo-gamine-revoluciona-el-verano-el-corte-corto-que-rejuvenece-5-anos-en-solo-7-minutos-de-mantenimiento-diario-y-por-que-843-madrilenas-ya-lo-adoptaron\/\" target=\"_blank\">estilo gamine tradicional rejuvenece<\/a>, este nuevo pixie lleva ese efecto a otro nivel. Como un marco que resalta la obra de arte, la &#8216;U&#8217; enmarca las facciones resaltando lo mejor de cada rostro y difuminando a\u00f1os.<\/p>\n<h2>La combinaci\u00f3n inesperada con flequillos largos laterales<\/h2>\n<p>La tendencia m\u00e1s atrevida est\u00e1 combinando el microflequillo en &#8216;U&#8217; central con <a href=\"https:\/\/www.journee-mondiale.com\/es\/el-flequillo-largo-que-esta-transformando-los-cortes-cortos-la-tecnica-parisina-que-rejuvenece-10-anos-y-todas-las-madrilenas-la-adoptan-este-verano\/\" target=\"_blank\">flequillos m\u00e1s largos en los laterales<\/a>, creando un contraste que resulta hipn\u00f3ticamente atractivo. Es como una <strong>sinfon\u00eda capilar<\/strong> donde cada elemento juega su propio papel en perfecta armon\u00eda.<\/p>\n<h2>\u00bfTe atrever\u00edas a dar este paso revolucionario?<\/h2>\n<p>Este pixie con microflequillo en &#8216;U&#8217; no es solo un corte de pelo, es una declaraci\u00f3n de intenciones, un manifiesto de personalidad tallado en cabello. Como quien prueba un nuevo sabor ex\u00f3tico, adentrarse en esta tendencia requiere valent\u00eda, pero promete una satisfacci\u00f3n \u00fanica. \u00bfEst\u00e1s lista para que tu cabello sonr\u00eda al mundo con este innovador dise\u00f1o en forma de &#8216;U&#8217;?<\/p>\n","protected":false},"excerpt":{"rendered":"<p>El verano 2025 est\u00e1 siendo testigo de una revoluci\u00f3n capilar que est\u00e1 conquistando todas las calles de Madrid. El pixie, ese corte atemporal que ha sobrevivido d\u00e9cadas reinvent\u00e1ndose, vuelve a sorprendernos con su versi\u00f3n m\u00e1s vanguardista: el pixie con microflequillo en forma de &#8216;U&#8217;. Esta tendencia est\u00e1 redefiniendo lo que entendemos por elegancia minimalista y &#8230; <a title=\"La revoluci\u00f3n capilar del verano: el pixie con microflequillo en U que rejuvenece 8 a\u00f1os y solo requiere 5 minutos diarios (las estilistas madrile\u00f1as no pueden creer los resultados)\" class=\"read-more\" href=\"https:\/\/www.journee-mondiale.com\/es\/la-revolucion-capilar-del-verano-el-pixie-con-microflequillo-en-u-que-rejuvenece-8-anos-y-solo-requiere-5-minutos-diarios-las-estilistas-madrilenas-no-pueden-creer-los-resultados\/\" aria-label=\"Leer m\u00e1s sobre La revoluci\u00f3n capilar del verano: el pixie con microflequillo en U que rejuvenece 8 a\u00f1os y solo requiere 5 minutos diarios (las estilistas madrile\u00f1as no pueden creer los resultados)\">Lire plus<\/a><\/p>\n","protected":false},"author":1,"featured_media":14230,"comment_status":"","ping_status":"","sticky":false,"template":"","format":"standard","meta":{"footnotes":""},"categories":[48],"tags":[],"class_list":["post-14231","post","type-post","status-publish","format-standard","has-post-thumbnail","hentry","category-estilo-de-vida"],"acf":[],"_yoast_wpseo_primary_category":null,"_yoast_wpseo_title":null,"_yoast_wpseo_metadesc":null,"_links":{"self":[{"href":"https:\/\/www.journee-mondiale.com\/es\/wp-json\/wp\/v2\/posts\/14231","targetHints":{"allow":["GET"]}}],"collection":[{"href":"https:\/\/www.journee-mondiale.com\/es\/wp-json\/wp\/v2\/posts"}],"about":[{"href":"https:\/\/www.journee-mondiale.com\/es\/wp-json\/wp\/v2\/types\/post"}],"author":[{"embeddable":true,"href":"https:\/\/www.journee-mondiale.com\/es\/wp-json\/wp\/v2\/users\/1"}],"replies":[{"embeddable":true,"href":"https:\/\/www.journee-mondiale.com\/es\/wp-json\/wp\/v2\/comments?post=14231"}],"version-history":[{"count":0,"href":"https:\/\/www.journee-mondiale.com\/es\/wp-json\/wp\/v2\/posts\/14231\/revisions"}],"wp:featuredmedia":[{"embeddable":true,"href":"https:\/\/www.journee-mondiale.com\/es\/wp-json\/wp\/v2\/media\/14230"}],"wp:attachment":[{"href":"https:\/\/www.journee-mondiale.com\/es\/wp-json\/wp\/v2\/media?parent=14231"}],"wp:term":[{"taxonomy":"category","embeddable":true,"href":"https:\/\/www.journee-mondiale.com\/es\/wp-json\/wp\/v2\/categories?post=14231"},{"taxonomy":"post_tag","embeddable":true,"href":"https:\/\/www.journee-mondiale.com\/es\/wp-json\/wp\/v2\/tags?post=14231"}],"curies":[{"name":"wp","href":"https:\/\/api.w.org\/{rel}","templated":true}]}}