{"id":14219,"date":"2025-07-20T19:00:12","date_gmt":"2025-07-20T17:00:12","guid":{"rendered":"https:\/\/www.journee-mondiale.com\/es\/el-secreto-del-pixie-que-843-madrilenas-mantienen-perfecto-en-verano-7-minutos-diarios-y-la-tecnica-francesa-que-nadie-revela\/"},"modified":"2025-07-20T19:00:12","modified_gmt":"2025-07-20T17:00:12","slug":"el-secreto-del-pixie-que-843-madrilenas-mantienen-perfecto-en-verano-7-minutos-diarios-y-la-tecnica-francesa-que-nadie-revela","status":"publish","type":"post","link":"https:\/\/www.journee-mondiale.com\/es\/el-secreto-del-pixie-que-843-madrilenas-mantienen-perfecto-en-verano-7-minutos-diarios-y-la-tecnica-francesa-que-nadie-revela\/","title":{"rendered":"El secreto del pixie que 843 madrile\u00f1as mantienen perfecto en verano: 7 minutos diarios (y la t\u00e9cnica francesa que nadie revela&#8230;)"},"content":{"rendered":"<p>En pleno verano de 2025, el corte pixie contin\u00faa reinvent\u00e1ndose como una opci\u00f3n vers\u00e1til y fresca. Este estilo, lejos de ser s\u00f3lo una tendencia pasajera, se ha convertido en una declaraci\u00f3n de confianza y practicidad. Sin embargo, <strong>mantener un pixie impecable<\/strong> requiere dedicaci\u00f3n diaria y algunos trucos de experto que no siempre son evidentes a primera vista.<\/p>\n<h2>El desaf\u00edo del crecimiento: la batalla de las seis semanas<\/h2>\n<p>La principal dificultad del pixie es su r\u00e1pida transformaci\u00f3n. \u00abEl cabello crece aproximadamente 1.25 cm al mes, lo que significa que un corte pixie puede perder su forma caracter\u00edstica en cuesti\u00f3n de semanas\u00bb, explica <strong>Luc\u00eda Mart\u00ednez<\/strong>, directora de Tendencias en el Sal\u00f3n Vanguardia Madrid. Para combatir esto, programa visitas al sal\u00f3n cada 4-6 semanas, especialmente en verano cuando el crecimiento se acelera.<\/p>\n<h2>La rutina matutina que salvar\u00e1 tu pixie<\/h2>\n<p>Contrario a lo que muchos piensan, el pixie no es completamente libre de mantenimiento. Cada ma\u00f1ana, dedica <strong>siete minutos<\/strong> a estos pasos esenciales:<\/p>\n<ul>\n<li>Humedece ligeramente el cabello para eliminar el \u00abpelo de almohada\u00bb<\/li>\n<li>Aplica una peque\u00f1a cantidad de producto texturizante<\/li>\n<li>Trabaja el producto con los dedos en direcci\u00f3n al estilo deseado<\/li>\n<\/ul>\n<p>Este ritual se ha vuelto tan popular que <a href=\"https:\/\/www.journee-mondiale.com\/es\/el-corte-pixie-que-rejuvenece-82-anos-la-tecnica-francesa-que-843-mujeres-madrilenas-adoptaron-este-verano-y-solo-requiere-7-minutos-diarios\/\" target=\"_blank\">843 mujeres madrile\u00f1as han adoptado esta t\u00e9cnica francesa<\/a> que optimiza el tiempo sin sacrificar estilo.<\/p>\n<h2>Los productos imprescindibles para el verano 2025<\/h2>\n<p>Este verano, la <strong>hidrataci\u00f3n ligera<\/strong> es clave. La combinaci\u00f3n de calor y exposici\u00f3n solar puede resecar el cuero cabelludo, especialmente visible en cortes tan cortos. Opta por sprays hidratantes sin aclarado y pomadas ligeras de fijaci\u00f3n media que permitan remodelar el peinado durante el d\u00eda.<\/p>\n<blockquote><p>El pixie es como un jard\u00edn zen: requiere atenci\u00f3n diaria pero m\u00ednima para mantener su belleza estructurada. La diferencia entre un pixie espectacular y uno descuidado est\u00e1 en esos peque\u00f1os gestos cotidianos.<\/p><\/blockquote>\n<h2>\u00bfFlequillo largo o corto? La clave del pixie veraniego<\/h2>\n<p>La tendencia de <a href=\"https:\/\/www.journee-mondiale.com\/es\/el-flequillo-largo-que-esta-transformando-los-cortes-cortos-la-tecnica-parisina-que-rejuvenece-10-anos-y-todas-las-madrilenas-la-adoptan-este-verano\/\" target=\"_blank\">flequillos largos en cortes cortos<\/a> est\u00e1 revolucionando el pixie tradicional. Este contraste aporta <strong>versatilidad<\/strong> y permite varios peinados con el mismo corte. Para d\u00edas calurosos, un flequillo barrido lateral aporta frescura, mientras que para noches puede peinarse hacia adelante para un look m\u00e1s sofisticado.<\/p>\n<h2>La revoluci\u00f3n del pixie shag para cabellos finos<\/h2>\n<p>Si tienes cabello fino, <a href=\"https:\/\/www.journee-mondiale.com\/es\/el-corte-revolucionario-que-transforma-cabellos-finos-en-7-minutos-como-el-pixie-shag-esta-conquistando-madrid-y-no-necesita-3-productos-caros\/\" target=\"_blank\">el pixie shag est\u00e1 transformando melenas<\/a> con resultados sorprendentes. Este estilo combina la brevedad del pixie tradicional con <strong>capas texturizadas<\/strong> que crean una ilusi\u00f3n de volumen sin necesidad de productos costosos.<\/p>\n<h2>T\u00e9cnicas de volumen que duran todo el d\u00eda<\/h2>\n<p>Para un pixie con volumen duradero, <a href=\"https:\/\/www.journee-mondiale.com\/es\/la-tecnica-de-capas-invertidas-que-duplica-el-volumen-en-cabello-fino-sin-sacrificar-ligereza-la-solucion-veraniega-que-madrid-adopta-este-2025\/\" target=\"_blank\">las capas invertidas est\u00e1n revolucionando Madrid<\/a> este 2025. \u00abEs como construir un edificio: la estructura correcta soporta todo el peso sin esfuerzo\u00bb, comenta <strong>Miguel \u00c1ngel S\u00e1nchez<\/strong>, estilista de celebridades.<\/p>\n<ul>\n<li>Seca tu cabello en direcci\u00f3n contraria al crecimiento natural<\/li>\n<li>Aplica producto texturizante desde la ra\u00edz, no desde las puntas<\/li>\n<li>Utiliza un cepillo peque\u00f1o para dirigir el cabello a la posici\u00f3n deseada<\/li>\n<\/ul>\n<h2>El secreto rejuvenecedor de las capas ligeras<\/h2>\n<p>Las mujeres que buscan un efecto rejuvenecedor est\u00e1n optando por <a href=\"https:\/\/www.journee-mondiale.com\/es\/el-corte-con-capas-ligeras-que-rejuvenece-5-anos-la-tecnica-veraniega-que-revoluciona-madrid-en-2025-y-por-que-triunfa-entre-mujeres-de-todas-las-edades\/\" target=\"_blank\">pixies con capas ultraligeras<\/a> que enmarcan el rostro estrat\u00e9gicamente. Este enfoque <strong>suaviza las facciones<\/strong> y reduce visualmente hasta 5 a\u00f1os, convirti\u00e9ndose en la opci\u00f3n predilecta para todas las edades en Madrid.<\/p>\n<p>\u00bfPuede un simple corte de cabello transformar por completo tu rutina y confianza? Absolutamente. El pixie no es solo un peinado, es una actitud que habla de libertad y seguridad. Con estos consejos diarios, mantendr\u00e1s tu pixie impecable mientras disfrutas de la ligereza y frescura que este verano 2025 demanda.<\/p>\n","protected":false},"excerpt":{"rendered":"<p>En pleno verano de 2025, el corte pixie contin\u00faa reinvent\u00e1ndose como una opci\u00f3n vers\u00e1til y fresca. Este estilo, lejos de ser s\u00f3lo una tendencia pasajera, se ha convertido en una declaraci\u00f3n de confianza y practicidad. Sin embargo, mantener un pixie impecable requiere dedicaci\u00f3n diaria y algunos trucos de experto que no siempre son evidentes a &#8230; <a title=\"El secreto del pixie que 843 madrile\u00f1as mantienen perfecto en verano: 7 minutos diarios (y la t\u00e9cnica francesa que nadie revela&#8230;)\" class=\"read-more\" href=\"https:\/\/www.journee-mondiale.com\/es\/el-secreto-del-pixie-que-843-madrilenas-mantienen-perfecto-en-verano-7-minutos-diarios-y-la-tecnica-francesa-que-nadie-revela\/\" aria-label=\"Leer m\u00e1s sobre El secreto del pixie que 843 madrile\u00f1as mantienen perfecto en verano: 7 minutos diarios (y la t\u00e9cnica francesa que nadie revela&#8230;)\">Lire plus<\/a><\/p>\n","protected":false},"author":1,"featured_media":14218,"comment_status":"","ping_status":"","sticky":false,"template":"","format":"standard","meta":{"footnotes":""},"categories":[48],"tags":[],"class_list":["post-14219","post","type-post","status-publish","format-standard","has-post-thumbnail","hentry","category-estilo-de-vida"],"acf":[],"_yoast_wpseo_primary_category":null,"_yoast_wpseo_title":null,"_yoast_wpseo_metadesc":null,"_links":{"self":[{"href":"https:\/\/www.journee-mondiale.com\/es\/wp-json\/wp\/v2\/posts\/14219","targetHints":{"allow":["GET"]}}],"collection":[{"href":"https:\/\/www.journee-mondiale.com\/es\/wp-json\/wp\/v2\/posts"}],"about":[{"href":"https:\/\/www.journee-mondiale.com\/es\/wp-json\/wp\/v2\/types\/post"}],"author":[{"embeddable":true,"href":"https:\/\/www.journee-mondiale.com\/es\/wp-json\/wp\/v2\/users\/1"}],"replies":[{"embeddable":true,"href":"https:\/\/www.journee-mondiale.com\/es\/wp-json\/wp\/v2\/comments?post=14219"}],"version-history":[{"count":0,"href":"https:\/\/www.journee-mondiale.com\/es\/wp-json\/wp\/v2\/posts\/14219\/revisions"}],"wp:featuredmedia":[{"embeddable":true,"href":"https:\/\/www.journee-mondiale.com\/es\/wp-json\/wp\/v2\/media\/14218"}],"wp:attachment":[{"href":"https:\/\/www.journee-mondiale.com\/es\/wp-json\/wp\/v2\/media?parent=14219"}],"wp:term":[{"taxonomy":"category","embeddable":true,"href":"https:\/\/www.journee-mondiale.com\/es\/wp-json\/wp\/v2\/categories?post=14219"},{"taxonomy":"post_tag","embeddable":true,"href":"https:\/\/www.journee-mondiale.com\/es\/wp-json\/wp\/v2\/tags?post=14219"}],"curies":[{"name":"wp","href":"https:\/\/api.w.org\/{rel}","templated":true}]}}