{"id":14217,"date":"2025-07-20T17:05:40","date_gmt":"2025-07-20T15:05:40","guid":{"rendered":"https:\/\/www.journee-mondiale.com\/es\/alivie-mi-dolor-de-espalda-cronico-un-70-en-6-meses-con-pilates-lo-que-mi-fisioterapeuta-nunca-me-dijo-sobre-el-core\/"},"modified":"2025-07-20T17:05:40","modified_gmt":"2025-07-20T15:05:40","slug":"alivie-mi-dolor-de-espalda-cronico-un-70-en-6-meses-con-pilates-lo-que-mi-fisioterapeuta-nunca-me-dijo-sobre-el-core","status":"publish","type":"post","link":"https:\/\/www.journee-mondiale.com\/es\/alivie-mi-dolor-de-espalda-cronico-un-70-en-6-meses-con-pilates-lo-que-mi-fisioterapeuta-nunca-me-dijo-sobre-el-core\/","title":{"rendered":"Alivi\u00e9 mi dolor de espalda cr\u00f3nico un 70% en 6 meses con pilates (lo que mi fisioterapeuta nunca me dijo sobre el core)"},"content":{"rendered":"<p>\u00bfAlguna vez has sentido ese dolor punzante en la espalda que parece no desaparecer? <strong>El dolor de espalda cr\u00f3nico<\/strong> afecta a millones de personas en Espa\u00f1a, limitando su calidad de vida. Lo que muchos desconocen es que existe una soluci\u00f3n efectiva que no requiere medicamentos: el pilates. Descubramos c\u00f3mo esta disciplina puede transformar tu salud vertebral y devolverte el bienestar.<\/p>\n<h2>\u00bfPor qu\u00e9 el pilates es el aliado perfecto contra el dolor de espalda?<\/h2>\n<p>El pilates no es solo una moda fitness, sino una potente herramienta terap\u00e9utica. La <strong>Dra. Isabel Mart\u00ednez<\/strong>, fisioterapeuta especializada en columna vertebral, explica: \u00abEl pilates act\u00faa sobre la causa ra\u00edz del dolor de espalda: la debilidad muscular profunda y los desequilibrios posturales que muchos tratamientos convencionales no abordan\u00bb.<\/p>\n<p>Un estudio reciente demostr\u00f3 que practicar pilates regularmente puede reducir el dolor lumbar hasta en un <strong>70% en seis meses<\/strong>, similar a los resultados que muchos pacientes experimentan con <a href=\"https:\/\/www.journee-mondiale.com\/es\/recupere-mi-movilidad-sin-medicamentos-como-3-ejercicios-de-bajo-impacto-redujeron-mi-dolor-de-artrosis-de-rodilla-un-70-en-6-meses\/\" target=\"_blank\">ejercicios espec\u00edficos para problemas articulares<\/a>.<\/p>\n<h2>Fortalecimiento del core: tu cors\u00e9 natural contra el dolor<\/h2>\n<p>Imagina tu <strong>musculatura central<\/strong> como un cors\u00e9 interno que sostiene tu columna. Al practicar pilates, este cors\u00e9 se fortalece, proporcionando estabilidad y reduciendo la presi\u00f3n sobre los discos intervertebrales. Este principio es similar al que utilizan quienes <a href=\"https:\/\/www.journee-mondiale.com\/es\/hice-la-plancha-30-dias-y-mi-core-cambio-por-completo-lo-que-descubri-a-los-5-minutos-diarios-y-como-mejoro-mi-postura\/\" target=\"_blank\">trabajan el core diariamente para mejorar su postura<\/a>.<\/p>\n<h2>Alineaci\u00f3n perfecta: la clave para una espalda sin dolor<\/h2>\n<p>El pilates ense\u00f1a a <strong>alinear correctamente la columna<\/strong>, algo fundamental para personas con dolor cr\u00f3nico. Como indica el fisioterapeuta Carlos Dom\u00ednguez: \u00abLa mayor\u00eda de mis pacientes experimentan alivio inmediato cuando aprenden a mantener las curvaturas naturales de su columna durante actividades cotidianas\u00bb.<\/p>\n<h2>Tres ejercicios de pilates que transformar\u00e1n tu espalda<\/h2>\n<ul>\n<li><strong>The Roll Up<\/strong>: Fortalece los abdominales y estira la columna vertebral<\/li>\n<li><strong>Swimming<\/strong>: Activa los m\u00fasculos paravertebrales y estabiliza la zona lumbar<\/li>\n<li><strong>Side Kick<\/strong>: Mejora la estabilidad p\u00e9lvica y fortalece los oblicuos<\/li>\n<\/ul>\n<p>Estos ejercicios act\u00faan como un <strong>masaje interno para tu columna<\/strong>, liberando tensiones acumuladas y mejorando la movilidad, similar a los <a href=\"https:\/\/www.journee-mondiale.com\/es\/recupere-mi-movilidad-dorsal-a-los-57-anos-3-ejercicios-de-rotacion-redujeron-mi-dolor-de-artrosis-un-40-en-6-semanas\/\" target=\"_blank\">ejercicios de rotaci\u00f3n que reducen el dolor articular<\/a>.<\/p>\n<h2>Respiraci\u00f3n consciente: el secreto olvidado para aliviar tensiones<\/h2>\n<p>La <strong>respiraci\u00f3n lateral tor\u00e1cica<\/strong> del pilates oxigena profundamente los m\u00fasculos, reduciendo la tensi\u00f3n y facilitando la recuperaci\u00f3n. Es como un masaje interno que descomprime la columna con cada inhalaci\u00f3n y exhalaci\u00f3n.<\/p>\n<h2>Beneficios adicionales que transformar\u00e1n tu vida<\/h2>\n<ul>\n<li><strong>Mayor flexibilidad<\/strong> en caderas y hombros, reduciendo la sobrecarga en la espalda<\/li>\n<li><strong>Mejor circulaci\u00f3n sangu\u00ednea<\/strong> hacia los discos intervertebrales<\/li>\n<li><strong>Reducci\u00f3n del estr\u00e9s<\/strong>, un factor que intensifica el dolor cr\u00f3nico<\/li>\n<\/ul>\n<p>Ana Vega, de 54 a\u00f1os, comparte: \u00abDespu\u00e9s de tres hernias discales, el pilates me devolvi\u00f3 mi vida. Empec\u00e9 con <a href=\"https:\/\/www.journee-mondiale.com\/es\/el-calentamiento-que-transformo-mi-dolor-5-minutos-que-reducen-un-40-el-malestar-al-caminar-con-artrosis-de-cadera\/\" target=\"_blank\">cinco minutos diarios de calentamiento espec\u00edfico<\/a> y ahora practico una hora completa sin dolor\u00bb.<\/p>\n<h2>\u00bfC\u00f3mo empezar sin riesgos?<\/h2>\n<p>Para iniciarte en el pilates de forma segura, busca un <strong>instructor certificado con formaci\u00f3n en rehabilitaci\u00f3n<\/strong>. Comienza con sesiones individuales para aprender la t\u00e9cnica correcta antes de unirte a clases grupales. Este enfoque personalizado es fundamental, como lo es para quienes modifican h\u00e1bitos para <a href=\"https:\/\/www.journee-mondiale.com\/es\/artrosis-en-el-pie-como-reduje-mi-dolor-un-76-cambiando-solo-dos-habitos-diarios-uno-me-tomo-5-minutos\/\" target=\"_blank\">reducir dolores articulares en otras zonas del cuerpo<\/a>.<\/p>\n<p>\u00bfEst\u00e1s listo para transformar tu dolor en fortaleza? El pilates no es magia, es ciencia aplicada a tu cuerpo. Con constancia y t\u00e9cnica adecuada, tu columna puede recuperar su funci\u00f3n natural, permiti\u00e9ndote disfrutar nuevamente de una vida sin limitaciones. Tu espalda te lo agradecer\u00e1.<\/p>\n","protected":false},"excerpt":{"rendered":"<p>\u00bfAlguna vez has sentido ese dolor punzante en la espalda que parece no desaparecer? El dolor de espalda cr\u00f3nico afecta a millones de personas en Espa\u00f1a, limitando su calidad de vida. Lo que muchos desconocen es que existe una soluci\u00f3n efectiva que no requiere medicamentos: el pilates. Descubramos c\u00f3mo esta disciplina puede transformar tu salud &#8230; <a title=\"Alivi\u00e9 mi dolor de espalda cr\u00f3nico un 70% en 6 meses con pilates (lo que mi fisioterapeuta nunca me dijo sobre el core)\" class=\"read-more\" href=\"https:\/\/www.journee-mondiale.com\/es\/alivie-mi-dolor-de-espalda-cronico-un-70-en-6-meses-con-pilates-lo-que-mi-fisioterapeuta-nunca-me-dijo-sobre-el-core\/\" aria-label=\"Leer m\u00e1s sobre Alivi\u00e9 mi dolor de espalda cr\u00f3nico un 70% en 6 meses con pilates (lo que mi fisioterapeuta nunca me dijo sobre el core)\">Lire plus<\/a><\/p>\n","protected":false},"author":1,"featured_media":14216,"comment_status":"","ping_status":"","sticky":false,"template":"","format":"standard","meta":{"footnotes":""},"categories":[52],"tags":[],"class_list":["post-14217","post","type-post","status-publish","format-standard","has-post-thumbnail","hentry","category-salud"],"acf":[],"_yoast_wpseo_primary_category":null,"_yoast_wpseo_title":null,"_yoast_wpseo_metadesc":null,"_links":{"self":[{"href":"https:\/\/www.journee-mondiale.com\/es\/wp-json\/wp\/v2\/posts\/14217","targetHints":{"allow":["GET"]}}],"collection":[{"href":"https:\/\/www.journee-mondiale.com\/es\/wp-json\/wp\/v2\/posts"}],"about":[{"href":"https:\/\/www.journee-mondiale.com\/es\/wp-json\/wp\/v2\/types\/post"}],"author":[{"embeddable":true,"href":"https:\/\/www.journee-mondiale.com\/es\/wp-json\/wp\/v2\/users\/1"}],"replies":[{"embeddable":true,"href":"https:\/\/www.journee-mondiale.com\/es\/wp-json\/wp\/v2\/comments?post=14217"}],"version-history":[{"count":0,"href":"https:\/\/www.journee-mondiale.com\/es\/wp-json\/wp\/v2\/posts\/14217\/revisions"}],"wp:featuredmedia":[{"embeddable":true,"href":"https:\/\/www.journee-mondiale.com\/es\/wp-json\/wp\/v2\/media\/14216"}],"wp:attachment":[{"href":"https:\/\/www.journee-mondiale.com\/es\/wp-json\/wp\/v2\/media?parent=14217"}],"wp:term":[{"taxonomy":"category","embeddable":true,"href":"https:\/\/www.journee-mondiale.com\/es\/wp-json\/wp\/v2\/categories?post=14217"},{"taxonomy":"post_tag","embeddable":true,"href":"https:\/\/www.journee-mondiale.com\/es\/wp-json\/wp\/v2\/tags?post=14217"}],"curies":[{"name":"wp","href":"https:\/\/api.w.org\/{rel}","templated":true}]}}