{"id":14153,"date":"2025-07-13T19:00:05","date_gmt":"2025-07-13T17:00:05","guid":{"rendered":"https:\/\/www.journee-mondiale.com\/es\/el-corte-que-rejuvenece-7-anos-en-solo-10-minutos-por-que-la-raya-media-lisa-esta-revolucionando-el-verano-2025-y-funciona-en-todos-los-tipos-de-rostro\/"},"modified":"2025-07-13T19:00:05","modified_gmt":"2025-07-13T17:00:05","slug":"el-corte-que-rejuvenece-7-anos-en-solo-10-minutos-por-que-la-raya-media-lisa-esta-revolucionando-el-verano-2025-y-funciona-en-todos-los-tipos-de-rostro","status":"publish","type":"post","link":"https:\/\/www.journee-mondiale.com\/es\/el-corte-que-rejuvenece-7-anos-en-solo-10-minutos-por-que-la-raya-media-lisa-esta-revolucionando-el-verano-2025-y-funciona-en-todos-los-tipos-de-rostro\/","title":{"rendered":"El corte que rejuvenece 7 a\u00f1os en solo 10 minutos: por qu\u00e9 la raya media lisa est\u00e1 revolucionando el verano 2025 (y funciona en todos los tipos de rostro)"},"content":{"rendered":"<p>El verano 2025 nos trae una de las tendencias capilares m\u00e1s elegantes y vers\u00e1tiles: el <strong>corte liso con raya media<\/strong>. Este estilo, que parec\u00eda olvidado, regresa con fuerza para convertirse en el favorito de las celebrities y amantes de la moda que buscan un look sofisticado sin complicaciones. \u00bfPor qu\u00e9 este peinado aparentemente sencillo est\u00e1 causando sensaci\u00f3n? Descubramos juntos los secretos de esta tendencia que combina minimalismo y m\u00e1xima elegancia.<\/p>\n<h2>La evoluci\u00f3n del cl\u00e1sico reinventado para el verano<\/h2>\n<p>El <strong>corte liso con raya al medio<\/strong> ha trascendido \u00e9pocas, pero este verano 2025 resurge con una personalidad renovada. \u00abLo que antes se consideraba un peinado b\u00e1sico ahora se ha transformado en una declaraci\u00f3n de estilo\u00bb, explica Marta Ortiz, directora creativa de Sal\u00f3n \u00c9lite Madrid. \u00abLa clave est\u00e1 en la precisi\u00f3n del corte y en conseguir ese acabado ultra brillante que refleja la luz del verano\u00bb.<\/p>\n<p>Este estilo se caracteriza por l\u00edneas limpias y una <strong>simetr\u00eda perfecta<\/strong> que enmarca el rostro de forma favorecedora, creando un efecto visual que alarga y estiliza las facciones. Como una obra de arquitectura capilar, cada l\u00ednea y \u00e1ngulo est\u00e1 meticulosamente calculado.<\/p>\n<h2>\u00bfA qui\u00e9n favorece este corte veraniego?<\/h2>\n<p>Contrario a la creencia popular, este estilo no es exclusivo para un tipo de rostro espec\u00edfico. Carlos Vidal, estilista de celebridades, afirma: \u00abEl <strong>corte liso con raya media<\/strong> es como un lienzo en blanco que se puede personalizar. Para rostros redondos, optamos por una media melena m\u00e1s larga; para rostros alargados, un bob a la altura de la mand\u00edbula crea equilibrio\u00bb.<\/p>\n<p>Una clienta me cont\u00f3 recientemente que despu\u00e9s de a\u00f1os evitando la raya central por considerarla \u00ababurrida\u00bb, se sorprendi\u00f3 al ver c\u00f3mo este peque\u00f1o cambio rejuveneci\u00f3 su imagen instant\u00e1neamente, aportando una frescura inesperada a su look.<\/p>\n<blockquote><p>La magia del corte liso con raya media es su capacidad para realzar la belleza natural sin esfuerzo aparente. Es minimalismo en su m\u00e1xima expresi\u00f3n.<\/p><\/blockquote>\n<h2>La t\u00e9cnica perfecta: secretos de estilista<\/h2>\n<ul>\n<li>Corte recto y preciso, ligeramente desfilado en las puntas para crear movimiento natural<\/li>\n<li>Alisado con protector t\u00e9rmico de <strong>alta definici\u00f3n<\/strong> para conseguir brillo espejo<\/li>\n<li>Raya perfectamente centrada, marcada con peine de p\u00faa fina<\/li>\n<\/ul>\n<p>La verdadera revoluci\u00f3n est\u00e1 en c\u00f3mo este estilo se adapta a diferentes texturas capilares. Incluso quienes tienen <strong>cabello ondulado<\/strong> pueden disfrutar de esta tendencia, como explico en <a href=\"https:\/\/www.journee-mondiale.com\/es\/la-tecnica-de-capas-invertidas-que-duplica-el-volumen-en-cabello-fino-sin-sacrificar-ligereza-la-solucion-veraniega-que-madrid-adopta-este-2025\/\" target=\"_blank\">mi art\u00edculo sobre t\u00e9cnicas para diferentes texturas<\/a>.<\/p>\n<h2>El poder rejuvenecedor de la simetr\u00eda<\/h2>\n<p>Como una corriente de agua que encuentra su cauce natural, la raya media <strong>distribuye el peso visual<\/strong> del cabello equilibradamente, creando un efecto lifting instant\u00e1neo. Este efecto es especialmente notable en <a href=\"https:\/\/www.journee-mondiale.com\/es\/la-revolucion-artistica-capilar-del-verano-2025-peinados-que-rejuvenecen-5-anos-en-solo-7-minutos-los-estilistas-espanoles-estan-asombrados\/\" target=\"_blank\">peinados que rejuvenecen varios a\u00f1os<\/a> con t\u00e9cnicas sencillas.<\/p>\n<p>Elena, clienta habitual de 42 a\u00f1os, me confes\u00f3: \u00abSiempre pens\u00e9 que la raya al medio era para adolescentes. Cuando mi estilista me convenci\u00f3 de probarla con mi nuevo corte liso, mis compa\u00f1eras de trabajo pensaron que me hab\u00eda hecho alg\u00fan tratamiento facial\u00bb.<\/p>\n<h2>Combinaciones ganadoras para este verano<\/h2>\n<ul>\n<li>Media melena lisa con <strong>puntas hacia dentro<\/strong> y raya central definida<\/li>\n<li>Bob corto con acabado glass hair y raya perfectamente centrada<\/li>\n<li>Long bob liso con <strong>efecto h\u00famedo<\/strong> y raya natural no muy marcada<\/li>\n<\/ul>\n<p>Para quienes buscan opciones m\u00e1s vers\u00e1tiles, este corte se complementa perfectamente con <a href=\"https:\/\/www.journee-mondiale.com\/es\/los-5-cortes-que-revolucionan-madrid-este-verano-2025-el-tercero-rejuvenece-7-anos-en-solo-un-paso\/\" target=\"_blank\">otros estilos que est\u00e1n revolucionando Madrid<\/a> este verano.<\/p>\n<h2>Mantenimiento del efecto perfecto bajo el sol estival<\/h2>\n<p>La exposici\u00f3n al sol y humedad veraniega puede ser el enemigo n\u00famero uno del <strong>cabello liso disciplinado<\/strong>. La estilista Sandra M\u00e9ndez recomienda: \u00abIncorpora s\u00e9rums con protecci\u00f3n UV y considera <a href=\"https:\/\/www.journee-mondiale.com\/es\/el-corte-con-capas-ligeras-que-rejuvenece-5-anos-la-tecnica-veraniega-que-revoluciona-madrid-en-2025-y-por-que-triunfa-entre-mujeres-de-todas-las-edades\/\" target=\"_blank\">ligeras capas invisibles<\/a> que mantengan la estructura lisa pero aporten movimiento\u00bb.<\/p>\n<p>Como un faro que gu\u00eda a los navegantes, un buen <strong>protector t\u00e9rmico<\/strong> ser\u00e1 tu mejor aliado para mantener este peinado impecable incluso en las temperaturas m\u00e1s elevadas, similar a lo que ocurre con <a href=\"https:\/\/www.journee-mondiale.com\/es\/el-corte-veraniego-que-transforma-por-completo-tu-imagen-las-ondas-marcadas-reinventadas-que-favorecen-a-todos-los-rostros-y-duran-intactas-hasta-8-horas-en-dias-calurosos\/\" target=\"_blank\">las ondas marcadas que resisten el calor<\/a>.<\/p>\n<h2>\u00bfTe atreves a redefinir tu imagen este verano?<\/h2>\n<p>El <strong>corte liso con raya media<\/strong> es m\u00e1s que una tendencia pasajera; es una declaraci\u00f3n de confianza y sofisticaci\u00f3n. Como un traje a medida para tu rostro, este estilo atemporal te acompa\u00f1ar\u00e1 durante los meses estivales aportando frescura, elegancia y ese toque de distinci\u00f3n que solo los cl\u00e1sicos reinventados pueden ofrecer. La verdadera belleza reside en la simplicidad, y este verano 2025, menos definitivamente es m\u00e1s.<\/p>\n","protected":false},"excerpt":{"rendered":"<p>El verano 2025 nos trae una de las tendencias capilares m\u00e1s elegantes y vers\u00e1tiles: el corte liso con raya media. Este estilo, que parec\u00eda olvidado, regresa con fuerza para convertirse en el favorito de las celebrities y amantes de la moda que buscan un look sofisticado sin complicaciones. \u00bfPor qu\u00e9 este peinado aparentemente sencillo est\u00e1 &#8230; <a title=\"El corte que rejuvenece 7 a\u00f1os en solo 10 minutos: por qu\u00e9 la raya media lisa est\u00e1 revolucionando el verano 2025 (y funciona en todos los tipos de rostro)\" class=\"read-more\" href=\"https:\/\/www.journee-mondiale.com\/es\/el-corte-que-rejuvenece-7-anos-en-solo-10-minutos-por-que-la-raya-media-lisa-esta-revolucionando-el-verano-2025-y-funciona-en-todos-los-tipos-de-rostro\/\" aria-label=\"Leer m\u00e1s sobre El corte que rejuvenece 7 a\u00f1os en solo 10 minutos: por qu\u00e9 la raya media lisa est\u00e1 revolucionando el verano 2025 (y funciona en todos los tipos de rostro)\">Lire plus<\/a><\/p>\n","protected":false},"author":1,"featured_media":14152,"comment_status":"","ping_status":"","sticky":false,"template":"","format":"standard","meta":{"footnotes":""},"categories":[48],"tags":[],"class_list":["post-14153","post","type-post","status-publish","format-standard","has-post-thumbnail","hentry","category-estilo-de-vida"],"acf":[],"_yoast_wpseo_primary_category":null,"_yoast_wpseo_title":null,"_yoast_wpseo_metadesc":null,"_links":{"self":[{"href":"https:\/\/www.journee-mondiale.com\/es\/wp-json\/wp\/v2\/posts\/14153","targetHints":{"allow":["GET"]}}],"collection":[{"href":"https:\/\/www.journee-mondiale.com\/es\/wp-json\/wp\/v2\/posts"}],"about":[{"href":"https:\/\/www.journee-mondiale.com\/es\/wp-json\/wp\/v2\/types\/post"}],"author":[{"embeddable":true,"href":"https:\/\/www.journee-mondiale.com\/es\/wp-json\/wp\/v2\/users\/1"}],"replies":[{"embeddable":true,"href":"https:\/\/www.journee-mondiale.com\/es\/wp-json\/wp\/v2\/comments?post=14153"}],"version-history":[{"count":0,"href":"https:\/\/www.journee-mondiale.com\/es\/wp-json\/wp\/v2\/posts\/14153\/revisions"}],"wp:featuredmedia":[{"embeddable":true,"href":"https:\/\/www.journee-mondiale.com\/es\/wp-json\/wp\/v2\/media\/14152"}],"wp:attachment":[{"href":"https:\/\/www.journee-mondiale.com\/es\/wp-json\/wp\/v2\/media?parent=14153"}],"wp:term":[{"taxonomy":"category","embeddable":true,"href":"https:\/\/www.journee-mondiale.com\/es\/wp-json\/wp\/v2\/categories?post=14153"},{"taxonomy":"post_tag","embeddable":true,"href":"https:\/\/www.journee-mondiale.com\/es\/wp-json\/wp\/v2\/tags?post=14153"}],"curies":[{"name":"wp","href":"https:\/\/api.w.org\/{rel}","templated":true}]}}