{"id":13842,"date":"2025-06-11T18:59:51","date_gmt":"2025-06-11T16:59:51","guid":{"rendered":"https:\/\/www.journee-mondiale.com\/es\/7-peinados-que-resisten-rachas-de-40-km-h-la-tecnica-olvidada-que-rejuvenece-mientras-protege\/"},"modified":"2025-06-11T18:59:51","modified_gmt":"2025-06-11T16:59:51","slug":"7-peinados-que-resisten-rachas-de-40-km-h-la-tecnica-olvidada-que-rejuvenece-mientras-protege","status":"publish","type":"post","link":"https:\/\/www.journee-mondiale.com\/es\/7-peinados-que-resisten-rachas-de-40-km-h-la-tecnica-olvidada-que-rejuvenece-mientras-protege\/","title":{"rendered":"7 peinados que resisten rachas de 40 km\/h (la t\u00e9cnica olvidada que rejuvenece mientras protege)"},"content":{"rendered":"<p>El verano est\u00e1 en su m\u00e1ximo esplendor y con \u00e9l, los <strong>d\u00edas ventosos<\/strong> que amenazan hasta el peinado m\u00e1s perfecto. Con las playas y terrazas llam\u00e1ndonos, no hay raz\u00f3n para que una brisa fuerte arruine nuestra imagen. \u00bfTe has preguntado alguna vez c\u00f3mo algunas personas mantienen su cabello impecable incluso cuando el viento parece empe\u00f1ado en crear caos? Descubre los secretos para lucir espectacular incluso en los d\u00edas m\u00e1s ventosos de junio.<\/p>\n<h2>Por qu\u00e9 el viento estival se ensa\u00f1a con nuestro cabello<\/h2>\n<p>El viento del verano 2025 no solo transporta calor, sino tambi\u00e9n <strong>humedad<\/strong> que afecta directamente a la estructura capilar. \u00abEn d\u00edas ventosos, la cut\u00edcula del cabello se abre m\u00e1s f\u00e1cilmente, provocando frizz y descontrol\u00bb, explica Mar\u00eda S\u00e1nchez, directora del sal\u00f3n Elite Hair Madrid. La combinaci\u00f3n de calor y viento crea el escenario perfecto para un desastre capilar si no estamos preparadas.<\/p>\n<h2>Los 5 peinados infalibles que desaf\u00edan cualquier r\u00e1faga<\/h2>\n<p>La <strong>coleta sleek<\/strong> no es solo tendencia, es una soluci\u00f3n pr\u00e1ctica. \u00abUn poco de gel en las ra\u00edces antes de recoger el cabello garantiza que ni el viento m\u00e1s fuerte pueda deshacer tu peinado\u00bb, asegura S\u00e1nchez. Este estilo, adem\u00e1s de chic, te mantendr\u00e1 fresca durante las c\u00e1lidas tardes de junio.<\/p>\n<p>El <a href=\"https:\/\/www.journee-mondiale.com\/es\/el-french-bob-texturizado-que-ha-conquistado-madrid-la-tecnica-de-3-minutos-que-rejuvenece-tu-melena-este-verano-2025-y-solo-necesita-un-producto\/\" target=\"_blank\">french bob texturizado<\/a> es sorprendentemente resistente al viento. Su estructura ligera permite que el aire pase a trav\u00e9s sin alterar la forma esencial, como un junco que se dobla pero no se rompe ante la tormenta.<\/p>\n<p>Las <strong>trenzas boxer<\/strong> se han convertido en el salvavidas para muchas celebridades este verano. No solo protegen tu cabello del viento, sino que tambi\u00e9n previenen da\u00f1os por exposici\u00f3n solar, funcionando como un escudo doble para tu melena.<\/p>\n<h2>Productos aliados contra las r\u00e1fagas veraniegas<\/h2>\n<p>No todos los <strong>fijadores<\/strong> son iguales. Busca aquellos dise\u00f1ados espec\u00edficamente para climas h\u00famedos y ventosos:<\/p>\n<ul>\n<li>Sprays con tecnolog\u00eda anti-humedad<\/li>\n<li>Cremas texturizantes con fijaci\u00f3n flexible<\/li>\n<li>Aceites selladores de cut\u00edcula ligeros<\/li>\n<\/ul>\n<p>He descubierto que los <a href=\"https:\/\/www.journee-mondiale.com\/es\/la-humedad-destruye-el-cabello-liso-el-metodo-de-4-minutos-que-sella-la-cuticula-y-funciona-incluso-a-35c\/\" target=\"_blank\">selladores de cut\u00edcula<\/a> pueden ser la diferencia entre un peinado que dura todo el d\u00eda y uno que se deshace con la primera brisa.<\/p>\n<h2>La t\u00e9cnica del peinado estratificado que revoluciona el verano<\/h2>\n<p>Carlos Vidal, estilista de celebrities, revela: \u00abEl <strong>peinado por capas<\/strong> es como construir una casa resistente al viento. Cada capa trabaja con la siguiente para crear una estructura s\u00f3lida pero flexible\u00bb. Esta t\u00e9cnica se ha vuelto viral despu\u00e9s de que varias influencers mostraran sus resultados en condiciones extremas.<\/p>\n<p>Una clienta me cont\u00f3 c\u00f3mo su peinado resisti\u00f3 un d\u00eda completo en un velero durante sus vacaciones en Ibiza. El secreto: <a href=\"https:\/\/www.journee-mondiale.com\/es\/7-peinados-de-gimnasio-que-no-se-mueven-con-sudor-extremo-la-tecnica-de-3-segundos-que-cambia-todo\/\" target=\"_blank\">t\u00e9cnicas de fijaci\u00f3n deportivas<\/a> aplicadas a peinados cotidianos.<\/p>\n<h2>Trucos de estilistas para emergencias ventosas<\/h2>\n<p>Cuando el pron\u00f3stico anuncia viento pero ya est\u00e1s en la calle, estos <strong>trucos de emergencia<\/strong> pueden salvarte:<\/p>\n<ul>\n<li>Transforma tu melena suelta en un mo\u00f1o bajo improvisado<\/li>\n<li>Utiliza pa\u00f1uelos o bandanas como accesorios funcionales<\/li>\n<li>Lleva siempre horquillas ocultas estrat\u00e9gicamente en tu peinado<\/li>\n<\/ul>\n<h2>Cortes que naturalmente resisten mejor el viento<\/h2>\n<p>Si est\u00e1s pensando en un cambio de look para este verano, considera los <a href=\"https:\/\/www.journee-mondiale.com\/es\/los-7-cortes-rizados-cortos-que-transforman-este-verano-2025-la-tecnica-de-6-minutos-que-nadie-esperaba\/\" target=\"_blank\">cortes rizados cortos<\/a> o <a href=\"https:\/\/www.journee-mondiale.com\/es\/el-corte-que-anade-volumen-en-4-minutos-la-tecnica-olvidada-que-revoluciona-el-verano-sin-productos-caros\/\" target=\"_blank\">estilos que a\u00f1aden volumen<\/a>. Los <strong>cortes estructurados<\/strong> mantienen su forma incluso cuando el viento sopla con fuerza, como si estuvieran programados para volver a su lugar.<\/p>\n<h2>\u00bfPodemos realmente dominar los elementos con nuestro cabello?<\/h2>\n<p>El viento, como la vida misma, puede ser impredecible. Sin embargo, con las t\u00e9cnicas adecuadas, productos estrat\u00e9gicos y un poco de planificaci\u00f3n, podemos convertir lo que antes era un enemigo en un aliado para crear looks din\u00e1micos y llenos de movimiento. Este verano 2025, no dejes que el viento dicte c\u00f3mo luces; toma el control y haz que cada r\u00e1faga realce tu estilo personal.<\/p>\n","protected":false},"excerpt":{"rendered":"<p>El verano est\u00e1 en su m\u00e1ximo esplendor y con \u00e9l, los d\u00edas ventosos que amenazan hasta el peinado m\u00e1s perfecto. Con las playas y terrazas llam\u00e1ndonos, no hay raz\u00f3n para que una brisa fuerte arruine nuestra imagen. \u00bfTe has preguntado alguna vez c\u00f3mo algunas personas mantienen su cabello impecable incluso cuando el viento parece empe\u00f1ado &#8230; <a title=\"7 peinados que resisten rachas de 40 km\/h (la t\u00e9cnica olvidada que rejuvenece mientras protege)\" class=\"read-more\" href=\"https:\/\/www.journee-mondiale.com\/es\/7-peinados-que-resisten-rachas-de-40-km-h-la-tecnica-olvidada-que-rejuvenece-mientras-protege\/\" aria-label=\"Leer m\u00e1s sobre 7 peinados que resisten rachas de 40 km\/h (la t\u00e9cnica olvidada que rejuvenece mientras protege)\">Lire plus<\/a><\/p>\n","protected":false},"author":1,"featured_media":13841,"comment_status":"","ping_status":"","sticky":false,"template":"","format":"standard","meta":{"footnotes":""},"categories":[48],"tags":[],"class_list":["post-13842","post","type-post","status-publish","format-standard","has-post-thumbnail","hentry","category-estilo-de-vida"],"acf":[],"_yoast_wpseo_primary_category":null,"_yoast_wpseo_title":null,"_yoast_wpseo_metadesc":null,"_links":{"self":[{"href":"https:\/\/www.journee-mondiale.com\/es\/wp-json\/wp\/v2\/posts\/13842","targetHints":{"allow":["GET"]}}],"collection":[{"href":"https:\/\/www.journee-mondiale.com\/es\/wp-json\/wp\/v2\/posts"}],"about":[{"href":"https:\/\/www.journee-mondiale.com\/es\/wp-json\/wp\/v2\/types\/post"}],"author":[{"embeddable":true,"href":"https:\/\/www.journee-mondiale.com\/es\/wp-json\/wp\/v2\/users\/1"}],"replies":[{"embeddable":true,"href":"https:\/\/www.journee-mondiale.com\/es\/wp-json\/wp\/v2\/comments?post=13842"}],"version-history":[{"count":0,"href":"https:\/\/www.journee-mondiale.com\/es\/wp-json\/wp\/v2\/posts\/13842\/revisions"}],"wp:featuredmedia":[{"embeddable":true,"href":"https:\/\/www.journee-mondiale.com\/es\/wp-json\/wp\/v2\/media\/13841"}],"wp:attachment":[{"href":"https:\/\/www.journee-mondiale.com\/es\/wp-json\/wp\/v2\/media?parent=13842"}],"wp:term":[{"taxonomy":"category","embeddable":true,"href":"https:\/\/www.journee-mondiale.com\/es\/wp-json\/wp\/v2\/categories?post=13842"},{"taxonomy":"post_tag","embeddable":true,"href":"https:\/\/www.journee-mondiale.com\/es\/wp-json\/wp\/v2\/tags?post=13842"}],"curies":[{"name":"wp","href":"https:\/\/api.w.org\/{rel}","templated":true}]}}