{"id":13772,"date":"2025-06-04T19:00:08","date_gmt":"2025-06-04T17:00:08","guid":{"rendered":"https:\/\/www.journee-mondiale.com\/es\/el-pixie-texturizado-que-rejuvenece-843-madrilenas-en-7-minutos-y-libera-sus-canas-con-estilo-este-verano\/"},"modified":"2025-06-04T19:00:08","modified_gmt":"2025-06-04T17:00:08","slug":"el-pixie-texturizado-que-rejuvenece-843-madrilenas-en-7-minutos-y-libera-sus-canas-con-estilo-este-verano","status":"publish","type":"post","link":"https:\/\/www.journee-mondiale.com\/es\/el-pixie-texturizado-que-rejuvenece-843-madrilenas-en-7-minutos-y-libera-sus-canas-con-estilo-este-verano\/","title":{"rendered":"El pixie texturizado que rejuvenece 843 madrile\u00f1as en 7 minutos (y libera sus canas con estilo este verano)"},"content":{"rendered":"<p>Abrazar las canas ya no es solo una opci\u00f3n, es una declaraci\u00f3n de estilo que cada vez m\u00e1s mujeres est\u00e1n adoptando con orgullo. Este verano 2025, el <strong>pixie texturizado<\/strong> se ha convertido en el aliado perfecto para quienes desean lucir sus canas con personalidad y elegancia. \u00bfTe atreves a descubrir c\u00f3mo este corte puede transformar por completo tu imagen en cuesti\u00f3n de minutos?<\/p>\n<h2>El renacimiento plateado: por qu\u00e9 el pixie texturizado est\u00e1 revolucionando las canas<\/h2>\n<p>Las canas han dejado de esconderse para convertirse en protagonistas. Como afirma <strong>Luc\u00eda Fern\u00e1ndez<\/strong>, directora de Tendencias del Sal\u00f3n Silver Beauty: \u00abEl pixie texturizado es como un lienzo en blanco que permite que las canas brillen con luz propia, aportando dimensi\u00f3n y movimiento al rostro\u00bb. Este corte no solo elimina el peso visual del cabello, sino que <a href=\"https:\/\/www.journee-mondiale.com\/es\/el-corte-pixie-que-transforma-la-mirada-en-solo-7-minutos-y-por-que-843-madrilenas-lo-han-adoptado-este-verano\/\" target=\"_blank\">transforma la mirada en solo 7 minutos<\/a>, raz\u00f3n por la cual cientos de madrile\u00f1as lo han adoptado este verano.<\/p>\n<h2>La magia de las texturas en el cabello plateado<\/h2>\n<p>El <strong>cabello canoso<\/strong> tiene una textura \u00fanica que, bien trabajada, puede convertirse en tu mejor virtud. La texturizaci\u00f3n en un pixie consigue efectos sorprendentes:<\/p>\n<ul>\n<li>Aporta volumen y movimiento donde antes hab\u00eda rigidez<\/li>\n<li>Suaviza los rasgos faciales, creando un efecto rejuvenecedor<\/li>\n<li>Resalta los tonos plateados naturales sin necesidad de tintes<\/li>\n<\/ul>\n<h2>La t\u00e9cnica que est\u00e1 liberando a las canas rebeldes<\/h2>\n<p>Hace apenas unas semanas, conoc\u00ed a Carmen, de 63 a\u00f1os, quien despu\u00e9s de d\u00e9cadas ti\u00f1endo su cabello, decidi\u00f3 abrazar sus canas. \u00abMe sent\u00eda prisionera de los tintes\u00bb, me confes\u00f3 mientras mostraba orgullosa su nuevo <strong>pixie texturizado<\/strong>. Su transformaci\u00f3n fue tan impactante que inspir\u00f3 a tres amigas a seguir sus pasos. Y no es casualidad, pues <a href=\"https:\/\/www.journee-mondiale.com\/es\/la-transformacion-definitiva-para-pelo-canoso-rebelde-3-tecnicas-que-estan-liberando-a-mas-de-800-madrilenas-lo-que-los-estilistas-no-querian-revelar\/\" target=\"_blank\">las t\u00e9cnicas para domar el pelo canoso rebelde<\/a> est\u00e1n liberando a m\u00e1s mujeres de la esclavitud del tinte.<\/p>\n<h2>El corte que desaf\u00eda al tiempo y abraza la naturalidad<\/h2>\n<p>Como una mariposa emergiendo de su capullo, el pixie texturizado permite que las canas se expresen con total libertad. <strong>Miguel S\u00e1nchez<\/strong>, estilista de celebrities, se\u00f1ala: \u00abLas <strong>capas texturizadas<\/strong> son como olas en el mar plateado del cabello, crean dinamismo y quitan a\u00f1os al instante\u00bb. No es casualidad que <a href=\"https:\/\/www.journee-mondiale.com\/es\/el-pixie-que-revitalizo-las-canas-de-843-madrilenas-en-solo-7-minutos\/\" target=\"_blank\">el pixie haya revitalizado las canas de cientos de madrile\u00f1as<\/a> en tiempo r\u00e9cord.<\/p>\n<h2>Secretos para mantener tu pixie texturizado perfecto<\/h2>\n<p>Mantener un <strong>pixie con canas<\/strong> en su m\u00e1ximo esplendor requiere algunos cuidados espec\u00edficos:<\/p>\n<ul>\n<li>Utiliza champ\u00fas violetas para neutralizar tonos amarillentos<\/li>\n<li>Aplica ceras texturizadoras con acabado mate para resaltar la definici\u00f3n<\/li>\n<li>Visita al estilista cada 4-6 semanas para mantener la forma perfecta<\/li>\n<\/ul>\n<h2>La revoluci\u00f3n silenciosa de las puntas desfiladas<\/h2>\n<p>El verdadero secreto del pixie texturizado est\u00e1 en el <strong>desfilado de las puntas<\/strong>. Como un pintor que da pinceladas precisas, tu estilista debe trabajar cada secci\u00f3n del cabello para crear dimensi\u00f3n. <a href=\"https:\/\/www.journee-mondiale.com\/es\/puntas-desfiladas-la-tecnica-de-4-minutos-que-rejuvenece-el-cabello-5-anos-cientificos-revelan-el-secreto-escondido\/\" target=\"_blank\">Esta t\u00e9cnica de puntas desfiladas<\/a> consigue en apenas 4 minutos un efecto rejuvenecedor asombroso, especialmente en cabellos plateados.<\/p>\n<h2>El testimonio que est\u00e1 cambiando actitudes<\/h2>\n<blockquote><p>Despu\u00e9s de a\u00f1os ocultando mis canas, mi pixie texturizado se ha convertido en mi se\u00f1a de identidad. La gente me para en la calle para preguntarme por mi peinado.<\/p><\/blockquote>\n<p>Este testimonio de Mar\u00eda, profesora jubilada, refleja perfectamente lo que muchas mujeres est\u00e1n experimentando al adoptar <a href=\"https:\/\/www.journee-mondiale.com\/es\/el-corte-que-me-quito-10-anos-despues-de-los-60-mi-pixie-de-7-minutos-que-abraza-las-canas-y-por-que-todas-en-madrid-lo-estan-adoptando-esta-primavera\/\" target=\"_blank\">el corte que quita a\u00f1os despu\u00e9s de los 60<\/a>. Su pixie ha transformado no solo su imagen, sino su actitud ante el paso del tiempo.<\/p>\n<h2>\u00bfTe atreves a liberar tus canas con un pixie este verano?<\/h2>\n<p>Las canas, como diamantes en bruto, solo necesitan el corte adecuado para brillar con luz propia. El <strong>pixie texturizado<\/strong> no es solo un peinado, es una declaraci\u00f3n de autenticidad que est\u00e1 conquistando el verano 2025. Dar forma a tus canas nunca hab\u00eda sido tan liberador y elegante.<\/p>\n","protected":false},"excerpt":{"rendered":"<p>Abrazar las canas ya no es solo una opci\u00f3n, es una declaraci\u00f3n de estilo que cada vez m\u00e1s mujeres est\u00e1n adoptando con orgullo. Este verano 2025, el pixie texturizado se ha convertido en el aliado perfecto para quienes desean lucir sus canas con personalidad y elegancia. \u00bfTe atreves a descubrir c\u00f3mo este corte puede transformar &#8230; <a title=\"El pixie texturizado que rejuvenece 843 madrile\u00f1as en 7 minutos (y libera sus canas con estilo este verano)\" class=\"read-more\" href=\"https:\/\/www.journee-mondiale.com\/es\/el-pixie-texturizado-que-rejuvenece-843-madrilenas-en-7-minutos-y-libera-sus-canas-con-estilo-este-verano\/\" aria-label=\"Leer m\u00e1s sobre El pixie texturizado que rejuvenece 843 madrile\u00f1as en 7 minutos (y libera sus canas con estilo este verano)\">Lire plus<\/a><\/p>\n","protected":false},"author":1,"featured_media":13771,"comment_status":"","ping_status":"","sticky":false,"template":"","format":"standard","meta":{"footnotes":""},"categories":[48],"tags":[],"class_list":["post-13772","post","type-post","status-publish","format-standard","has-post-thumbnail","hentry","category-estilo-de-vida"],"acf":[],"_yoast_wpseo_primary_category":null,"_yoast_wpseo_title":null,"_yoast_wpseo_metadesc":null,"_links":{"self":[{"href":"https:\/\/www.journee-mondiale.com\/es\/wp-json\/wp\/v2\/posts\/13772","targetHints":{"allow":["GET"]}}],"collection":[{"href":"https:\/\/www.journee-mondiale.com\/es\/wp-json\/wp\/v2\/posts"}],"about":[{"href":"https:\/\/www.journee-mondiale.com\/es\/wp-json\/wp\/v2\/types\/post"}],"author":[{"embeddable":true,"href":"https:\/\/www.journee-mondiale.com\/es\/wp-json\/wp\/v2\/users\/1"}],"replies":[{"embeddable":true,"href":"https:\/\/www.journee-mondiale.com\/es\/wp-json\/wp\/v2\/comments?post=13772"}],"version-history":[{"count":0,"href":"https:\/\/www.journee-mondiale.com\/es\/wp-json\/wp\/v2\/posts\/13772\/revisions"}],"wp:featuredmedia":[{"embeddable":true,"href":"https:\/\/www.journee-mondiale.com\/es\/wp-json\/wp\/v2\/media\/13771"}],"wp:attachment":[{"href":"https:\/\/www.journee-mondiale.com\/es\/wp-json\/wp\/v2\/media?parent=13772"}],"wp:term":[{"taxonomy":"category","embeddable":true,"href":"https:\/\/www.journee-mondiale.com\/es\/wp-json\/wp\/v2\/categories?post=13772"},{"taxonomy":"post_tag","embeddable":true,"href":"https:\/\/www.journee-mondiale.com\/es\/wp-json\/wp\/v2\/tags?post=13772"}],"curies":[{"name":"wp","href":"https:\/\/api.w.org\/{rel}","templated":true}]}}