{"id":13768,"date":"2025-06-04T13:04:44","date_gmt":"2025-06-04T11:04:44","guid":{"rendered":"https:\/\/www.journee-mondiale.com\/es\/el-acido-glicolico-que-transformo-mi-piel-en-21-noches-de-verano-mi-dermatologa-quedo-impresionada\/"},"modified":"2025-06-04T13:04:44","modified_gmt":"2025-06-04T11:04:44","slug":"el-acido-glicolico-que-transformo-mi-piel-en-21-noches-de-verano-mi-dermatologa-quedo-impresionada","status":"publish","type":"post","link":"https:\/\/www.journee-mondiale.com\/es\/el-acido-glicolico-que-transformo-mi-piel-en-21-noches-de-verano-mi-dermatologa-quedo-impresionada\/","title":{"rendered":"El \u00e1cido glic\u00f3lico que transform\u00f3 mi piel en 21 noches de verano (mi dermat\u00f3loga qued\u00f3 impresionada)"},"content":{"rendered":"<p>\u00bfBuscando renovar tu piel durante las noches de verano? Los t\u00f3nicos con <strong>\u00e1cido glic\u00f3lico<\/strong> se han convertido en los aut\u00e9nticos h\u00e9roes nocturnos para quienes desean despertar con una piel radiante. En esta \u00e9poca estival, cuando nuestra piel sufre mayor exposici\u00f3n solar, estos productos resultan especialmente valiosos para reparar y regenerar mientras descansamos.<\/p>\n<h2>\u00bfQu\u00e9 magia esconde el \u00e1cido glic\u00f3lico para nuestra piel?<\/h2>\n<p>El \u00e1cido glic\u00f3lico es un <strong>alfa-hidroxi\u00e1cido (AHA)<\/strong> que funciona como un exfoliante qu\u00edmico de alta precisi\u00f3n. \u00abEste activo es extraordinario porque, gracias a su peque\u00f1o tama\u00f1o molecular, penetra profundamente en la piel, disolviendo los enlaces entre c\u00e9lulas muertas y acelerando la renovaci\u00f3n celular\u00bb, explica la Dra. Sara Mart\u00ednez, dermat\u00f3loga del Instituto Dermatol\u00f3gico de Barcelona.<\/p>\n<p>Durante el verano, esta renovaci\u00f3n es particularmente beneficiosa. Recuerdo el caso de Ana, una paciente de 42 a\u00f1os que, tras incorporar un t\u00f3nico con \u00e1cido glic\u00f3lico al 7% en su rutina nocturna veraniega, not\u00f3 c\u00f3mo las manchas solares de a\u00f1os anteriores comenzaron a atenuarse en apenas tres semanas.<\/p>\n<h2>Los beneficios que transformar\u00e1n tu piel este verano<\/h2>\n<p>Incorporar un t\u00f3nico con <strong>\u00e1cido glic\u00f3lico<\/strong> en tu rutina nocturna puede proporcionarte m\u00faltiples beneficios:<\/p>\n<ul>\n<li>Elimina c\u00e9lulas muertas y descongestiona poros<\/li>\n<li>Unifica el tono y reduce manchas solares<\/li>\n<li>Estimula la producci\u00f3n de col\u00e1geno<\/li>\n<li>Mejora la hidrataci\u00f3n y luminosidad cut\u00e1nea<\/li>\n<\/ul>\n<h2>C\u00f3mo elegir el t\u00f3nico perfecto para las noches de junio<\/h2>\n<p>El Dr. Joshua Zeichner afirma que \u00abel \u00e1cido glic\u00f3lico es un exfoliante qu\u00edmico que ayuda a eliminar las c\u00e9lulas muertas y promueve la renovaci\u00f3n celular\u00bb. En estos meses de calor, busca concentraciones entre el <strong>5% y 10%<\/strong>. Los principiantes deber\u00edan comenzar con el 5%, mientras que pieles habituadas pueden beneficiarse de concentraciones mayores.<\/p>\n<p>El t\u00f3nico ideal para este verano es como un jardinero nocturno: mientras duermes, elimina lo que no sirve y prepara el terreno para que florezcan nuevas c\u00e9lulas. Busca aquellos que combinen el \u00e1cido glic\u00f3lico con ingredientes calmantes como <strong>aloe vera<\/strong> o <strong>pantenol<\/strong>, especialmente \u00fatiles tras la exposici\u00f3n solar de junio.<\/p>\n<h2>La rutina perfecta: aplicaci\u00f3n nocturna para resultados \u00f3ptimos<\/h2>\n<p>Seg\u00fan la Dra. Margarita Lolis, \u00abel \u00e1cido glic\u00f3lico disuelve los enlaces entre las c\u00e9lulas muertas, mejorando la textura de la piel\u00bb. Para maximizar sus beneficios durante el verano:<\/p>\n<ul>\n<li>Aplica el t\u00f3nico solo por la noche, tras limpiar la piel<\/li>\n<li>Espera 5 minutos antes de aplicar otros productos<\/li>\n<li>Usa siempre protector solar al d\u00eda siguiente<\/li>\n<\/ul>\n<h2>Transforma tu piel combin\u00e1ndolo con otros activos estrella<\/h2>\n<p>Para quienes buscan potenciar los resultados, la combinaci\u00f3n con otros activos puede ser reveladora. <a href=\"https:\/\/www.journee-mondiale.com\/es\/probe-retinol-con-acido-hialuronico-y-mi-piel-se-transformo-en-28-dias-asi-aplicarlo-correctamente-para-verano\/\" target=\"_blank\">El retinol con \u00e1cido hialur\u00f3nico<\/a> funciona maravillosamente, aunque en noches alternas al \u00e1cido glic\u00f3lico.<\/p>\n<p>Tambi\u00e9n puedes alternar con <a href=\"https:\/\/www.journee-mondiale.com\/es\/probe-6-de-niacinamida-en-mi-piel-madura-mi-dermatologa-sorprendida-por-los-resultados-en-4-semanas\/\" target=\"_blank\">niacinamida al 6%<\/a>, que complementa perfectamente los efectos regeneradores del glic\u00f3lico, especialmente para pieles maduras.<\/p>\n<h2>Del t\u00f3nico a los peel pads: alternativas para todos los gustos<\/h2>\n<p>Una tendencia creciente este verano 2025 son <a href=\"https:\/\/www.journee-mondiale.com\/es\/los-peel-pads-cambiaron-mi-piel-madura-elimine-arrugas-finas-en-21-dias-y-funcionan-mejor-en-verano\/\" target=\"_blank\">los peel pads con \u00e1cido glic\u00f3lico<\/a>, discos pre-impregnados que simplifican la aplicaci\u00f3n. Carmen, esteticista en Madrid, me contaba que sus clientas los prefieren durante sus vacaciones por su facilidad de uso.<\/p>\n<p>Para pieles maduras, <a href=\"https:\/\/www.journee-mondiale.com\/es\/la-transformacion-que-descubri-en-mi-piel-madura-estos-peel-pads-eliminaron-mis-arrugas-finas-en-solo-3-semanas-y-funcionan-mejor-en-verano\/\" target=\"_blank\">estos pads pueden reducir visiblemente las arrugas finas<\/a> en apenas tres semanas de uso consistente.<\/p>\n<h2>El toque final para un rostro radiante<\/h2>\n<p>Y mientras transformamos nuestra piel, \u00bfpor qu\u00e9 no complementar con un <a href=\"https:\/\/www.journee-mondiale.com\/es\/los-7-pintalabios-rosa-que-transformaron-mi-look-primaveral-el-numero-3-funciona-con-cualquier-tono-de-piel\/\" target=\"_blank\">pintalabios rosa que realce nuestro look veraniego<\/a>? El Dr. Whitney Bowe comenta: \u00abEl \u00e1cido glic\u00f3lico estimula la producci\u00f3n de col\u00e1geno, mejorando la firmeza de la piel\u00bb. Esta renovada luminosidad facial merece ser celebrada con un toque de color que complete nuestra transformaci\u00f3n.<\/p>\n<p>\u00bfPreparada para despertar cada ma\u00f1ana de junio con una piel completamente renovada? Los t\u00f3nicos con \u00e1cido glic\u00f3lico son esa poci\u00f3n m\u00e1gica que trabaja mientras descansas, revelando la mejor versi\u00f3n de tu piel d\u00eda tras d\u00eda.<\/p>\n","protected":false},"excerpt":{"rendered":"<p>\u00bfBuscando renovar tu piel durante las noches de verano? Los t\u00f3nicos con \u00e1cido glic\u00f3lico se han convertido en los aut\u00e9nticos h\u00e9roes nocturnos para quienes desean despertar con una piel radiante. En esta \u00e9poca estival, cuando nuestra piel sufre mayor exposici\u00f3n solar, estos productos resultan especialmente valiosos para reparar y regenerar mientras descansamos. \u00bfQu\u00e9 magia esconde &#8230; <a title=\"El \u00e1cido glic\u00f3lico que transform\u00f3 mi piel en 21 noches de verano (mi dermat\u00f3loga qued\u00f3 impresionada)\" class=\"read-more\" href=\"https:\/\/www.journee-mondiale.com\/es\/el-acido-glicolico-que-transformo-mi-piel-en-21-noches-de-verano-mi-dermatologa-quedo-impresionada\/\" aria-label=\"Leer m\u00e1s sobre El \u00e1cido glic\u00f3lico que transform\u00f3 mi piel en 21 noches de verano (mi dermat\u00f3loga qued\u00f3 impresionada)\">Lire plus<\/a><\/p>\n","protected":false},"author":1,"featured_media":13767,"comment_status":"","ping_status":"","sticky":false,"template":"","format":"standard","meta":{"footnotes":""},"categories":[48],"tags":[],"class_list":["post-13768","post","type-post","status-publish","format-standard","has-post-thumbnail","hentry","category-estilo-de-vida"],"acf":[],"_yoast_wpseo_primary_category":null,"_yoast_wpseo_title":null,"_yoast_wpseo_metadesc":null,"_links":{"self":[{"href":"https:\/\/www.journee-mondiale.com\/es\/wp-json\/wp\/v2\/posts\/13768","targetHints":{"allow":["GET"]}}],"collection":[{"href":"https:\/\/www.journee-mondiale.com\/es\/wp-json\/wp\/v2\/posts"}],"about":[{"href":"https:\/\/www.journee-mondiale.com\/es\/wp-json\/wp\/v2\/types\/post"}],"author":[{"embeddable":true,"href":"https:\/\/www.journee-mondiale.com\/es\/wp-json\/wp\/v2\/users\/1"}],"replies":[{"embeddable":true,"href":"https:\/\/www.journee-mondiale.com\/es\/wp-json\/wp\/v2\/comments?post=13768"}],"version-history":[{"count":0,"href":"https:\/\/www.journee-mondiale.com\/es\/wp-json\/wp\/v2\/posts\/13768\/revisions"}],"wp:featuredmedia":[{"embeddable":true,"href":"https:\/\/www.journee-mondiale.com\/es\/wp-json\/wp\/v2\/media\/13767"}],"wp:attachment":[{"href":"https:\/\/www.journee-mondiale.com\/es\/wp-json\/wp\/v2\/media?parent=13768"}],"wp:term":[{"taxonomy":"category","embeddable":true,"href":"https:\/\/www.journee-mondiale.com\/es\/wp-json\/wp\/v2\/categories?post=13768"},{"taxonomy":"post_tag","embeddable":true,"href":"https:\/\/www.journee-mondiale.com\/es\/wp-json\/wp\/v2\/tags?post=13768"}],"curies":[{"name":"wp","href":"https:\/\/api.w.org\/{rel}","templated":true}]}}