{"id":13764,"date":"2025-06-03T19:00:06","date_gmt":"2025-06-03T17:00:06","guid":{"rendered":"https:\/\/www.journee-mondiale.com\/es\/el-french-bob-con-flequillo-abierto-rejuvenece-7-anos-a-mujeres-50-la-tecnica-parisina-que-transforma-en-8-minutos\/"},"modified":"2025-06-03T19:00:06","modified_gmt":"2025-06-03T17:00:06","slug":"el-french-bob-con-flequillo-abierto-rejuvenece-7-anos-a-mujeres-50-la-tecnica-parisina-que-transforma-en-8-minutos","status":"publish","type":"post","link":"https:\/\/www.journee-mondiale.com\/es\/el-french-bob-con-flequillo-abierto-rejuvenece-7-anos-a-mujeres-50-la-tecnica-parisina-que-transforma-en-8-minutos\/","title":{"rendered":"El French bob con flequillo abierto rejuvenece 7 a\u00f1os a mujeres +50 (la t\u00e9cnica parisina que transforma en 8 minutos)"},"content":{"rendered":"<p>\u00bfQui\u00e9n dijo que las mujeres maduras no pueden lucir frescas y sofisticadas? Este verano 2025, el <strong>French Bob con flequillo abierto<\/strong> est\u00e1 revolucionando la forma en que las mujeres maduras se relacionan con su cabello. Un corte que fusiona la elegancia parisina con la practicidad moderna, creando un estilo que no solo quita a\u00f1os, sino que aporta una dosis extraordinaria de confianza y frescura.<\/p>\n<h2>La revoluci\u00f3n elegante que est\u00e1 cautivando a las mujeres de +50 este verano<\/h2>\n<p>El calor de junio ya est\u00e1 aqu\u00ed y con \u00e9l, la necesidad de renovar nuestra imagen. El <strong>French Bob con flequillo abierto<\/strong> se ha convertido en la opci\u00f3n predilecta de mujeres maduras que buscan un cambio sin comprometer su sofisticaci\u00f3n. \u00abEs como darle un soplo de aire fresco a tu imagen sin caer en estilos juveniles que no corresponden a la elegancia adquirida con los a\u00f1os\u00bb, comenta Elena Mart\u00edn, directora de estilismo en Sal\u00f3n Belleza Madrid.<\/p>\n<p>Este corte, inspirado en la elegancia despreocupada de las parisinas, llega justo a la altura de la mand\u00edbula y se complementa con un flequillo desfilado que se abre como una cortina, enmarcando delicadamente el rostro y <strong>suavizando las l\u00edneas de expresi\u00f3n<\/strong> alrededor de los ojos y frente.<\/p>\n<h2>\u00bfPor qu\u00e9 este corte est\u00e1 rejuveneciendo a miles de mujeres este 2025?<\/h2>\n<p>A diferencia de otros estilos, el French Bob act\u00faa como un aut\u00e9ntico <strong>lifting capilar<\/strong>, elevando visualmente los rasgos faciales. Carlos Vidal, reconocido estilista internacional, nos revela: \u00abEl secreto est\u00e1 en c\u00f3mo el flequillo abierto crea un efecto \u00f3ptico que desv\u00eda la atenci\u00f3n de las \u00e1reas problem\u00e1ticas y resalta los ojos, considerados la ventana del alma y la juventud\u00bb.<\/p>\n<p>Adem\u00e1s, este corte funciona maravillosamente bien con <a href=\"https:\/\/www.journee-mondiale.com\/es\/la-tecnica-parisina-que-rejuvenece-5-anos-con-solo-3-cortes-estrategicos-y-nadie-esta-hablando-de-ella\/\" target=\"_blank\">la \u00abt\u00e9cnica parisina\u00bb que rejuvenece 5 a\u00f1os con solo 3 cortes estrat\u00e9gicos<\/a>, potenciando su efecto rejuvenecedor.<\/p>\n<h2>La versatilidad que enamora: mil formas de lucir un mismo corte<\/h2>\n<p>Lo que convierte al French Bob en el aliado perfecto para el verano es su incre\u00edble adaptabilidad. Como un camale\u00f3n elegante, este corte puede transformarse seg\u00fan la ocasi\u00f3n:<\/p>\n<ul>\n<li><strong>Peinado natural con textura<\/strong> &#8211; Ideal para el d\u00eda a d\u00eda<\/li>\n<li><strong>Efecto h\u00famedo<\/strong> &#8211; Perfecto para noches elegantes<\/li>\n<li><strong>Con ondas suaves<\/strong> &#8211; Para un look rom\u00e1ntico y sofisticado<\/li>\n<\/ul>\n<h2>El mantenimiento m\u00ednimo: belleza sin complicaciones<\/h2>\n<p>En una era donde el tiempo es oro, este corte es como un <strong>tesoro capilar<\/strong> que requiere m\u00ednimo esfuerzo. \u00abMis clientas maduras adoran que pueden verse impecables en cuesti\u00f3n de minutos. Es literalmente levantarse, aplicar un poco de producto texturizante y salir por la puerta luciendo fant\u00e1sticas\u00bb, comparte Mar\u00eda L\u00f3pez, especialista en peinados para mujeres maduras.<\/p>\n<p>Si eres de las que disfruta de actividad f\u00edsica, tambi\u00e9n te encantar\u00e1 saber que se adapta perfectamente a <a href=\"https:\/\/www.journee-mondiale.com\/es\/7-peinados-de-gimnasio-que-no-se-mueven-con-sudor-extremo-la-tecnica-de-3-segundos-que-cambia-todo\/\" target=\"_blank\">peinados de gimnasio que no se mueven con sudor extremo<\/a>.<\/p>\n<h2>\u00bfC\u00f3mo conseguir el French Bob perfecto en 2025?<\/h2>\n<p>Para lograr este corte ic\u00f3nico, busca un estilista que comprenda las necesidades espec\u00edficas del <strong>cabello maduro<\/strong>. La clave est\u00e1 en:<\/p>\n<ul>\n<li><strong>Personalizaci\u00f3n<\/strong> seg\u00fan la forma de tu rostro y textura de cabello<\/li>\n<li><strong>T\u00e9cnica de corte precisa<\/strong> que aporte movimiento sin restar volumen<\/li>\n<li><strong>Flequillo estrat\u00e9gicamente desfilado<\/strong> para enmarcar la mirada<\/li>\n<\/ul>\n<h2>El toque de color que completa la transformaci\u00f3n<\/h2>\n<p>Para potenciar el efecto rejuvenecedor, muchas mujeres combinan este corte con <strong>t\u00e9cnicas de coloraci\u00f3n estrat\u00e9gicas<\/strong>. \u00abUn balayage suave o mechas babylights alrededor del rostro pueden iluminar la mirada y complementar perfectamente el estilo del French Bob\u00bb, aconseja Elena Mart\u00edn.<\/p>\n<p>Este estilo combina perfectamente con <a href=\"https:\/\/www.journee-mondiale.com\/es\/el-french-bob-texturizado-que-ha-conquistado-madrid-la-tecnica-de-3-minutos-que-rejuvenece-tu-melena-este-verano-2025-y-solo-necesita-un-producto\/\" target=\"_blank\">el French bob texturizado que ha conquistado Madrid<\/a> y tambi\u00e9n con <a href=\"https:\/\/www.journee-mondiale.com\/es\/puntas-desfiladas-la-tecnica-de-4-minutos-que-rejuvenece-el-cabello-5-anos-cientificos-revelan-el-secreto-escondido\/\" target=\"_blank\">puntas desfiladas: la t\u00e9cnica de 4 minutos que rejuvenece el cabello 5 a\u00f1os<\/a>.<\/p>\n<h2>Una alternativa refrescante para quienes buscan un cambio m\u00e1s radical<\/h2>\n<p>Si despu\u00e9s de considerar el French Bob sientes que quieres algo a\u00fan m\u00e1s atrevido, siempre puedes explorar <a href=\"https:\/\/www.journee-mondiale.com\/es\/el-corte-pixie-que-transforma-la-mirada-en-solo-7-minutos-y-por-que-843-madrilenas-lo-han-adoptado-este-verano\/\" target=\"_blank\">el corte pixie que transforma la mirada en solo 7 minutos<\/a>, otra opci\u00f3n maravillosa para mujeres maduras.<\/p>\n<p>\u00bfLista para abrazar la sofisticaci\u00f3n francesa este verano? El French Bob con flequillo abierto no es solo un corte de pelo; es una declaraci\u00f3n de que la belleza madura tiene su propio lenguaje, uno que habla de confianza, elegancia y esa je ne sais quoi que solo las mujeres que abrazan su edad con orgullo pueden transmitir.<\/p>\n","protected":false},"excerpt":{"rendered":"<p>\u00bfQui\u00e9n dijo que las mujeres maduras no pueden lucir frescas y sofisticadas? Este verano 2025, el French Bob con flequillo abierto est\u00e1 revolucionando la forma en que las mujeres maduras se relacionan con su cabello. Un corte que fusiona la elegancia parisina con la practicidad moderna, creando un estilo que no solo quita a\u00f1os, sino &#8230; <a title=\"El French bob con flequillo abierto rejuvenece 7 a\u00f1os a mujeres +50 (la t\u00e9cnica parisina que transforma en 8 minutos)\" class=\"read-more\" href=\"https:\/\/www.journee-mondiale.com\/es\/el-french-bob-con-flequillo-abierto-rejuvenece-7-anos-a-mujeres-50-la-tecnica-parisina-que-transforma-en-8-minutos\/\" aria-label=\"Leer m\u00e1s sobre El French bob con flequillo abierto rejuvenece 7 a\u00f1os a mujeres +50 (la t\u00e9cnica parisina que transforma en 8 minutos)\">Lire plus<\/a><\/p>\n","protected":false},"author":1,"featured_media":13763,"comment_status":"","ping_status":"","sticky":false,"template":"","format":"standard","meta":{"footnotes":""},"categories":[48],"tags":[],"class_list":["post-13764","post","type-post","status-publish","format-standard","has-post-thumbnail","hentry","category-estilo-de-vida"],"acf":[],"_yoast_wpseo_primary_category":null,"_yoast_wpseo_title":null,"_yoast_wpseo_metadesc":null,"_links":{"self":[{"href":"https:\/\/www.journee-mondiale.com\/es\/wp-json\/wp\/v2\/posts\/13764","targetHints":{"allow":["GET"]}}],"collection":[{"href":"https:\/\/www.journee-mondiale.com\/es\/wp-json\/wp\/v2\/posts"}],"about":[{"href":"https:\/\/www.journee-mondiale.com\/es\/wp-json\/wp\/v2\/types\/post"}],"author":[{"embeddable":true,"href":"https:\/\/www.journee-mondiale.com\/es\/wp-json\/wp\/v2\/users\/1"}],"replies":[{"embeddable":true,"href":"https:\/\/www.journee-mondiale.com\/es\/wp-json\/wp\/v2\/comments?post=13764"}],"version-history":[{"count":0,"href":"https:\/\/www.journee-mondiale.com\/es\/wp-json\/wp\/v2\/posts\/13764\/revisions"}],"wp:featuredmedia":[{"embeddable":true,"href":"https:\/\/www.journee-mondiale.com\/es\/wp-json\/wp\/v2\/media\/13763"}],"wp:attachment":[{"href":"https:\/\/www.journee-mondiale.com\/es\/wp-json\/wp\/v2\/media?parent=13764"}],"wp:term":[{"taxonomy":"category","embeddable":true,"href":"https:\/\/www.journee-mondiale.com\/es\/wp-json\/wp\/v2\/categories?post=13764"},{"taxonomy":"post_tag","embeddable":true,"href":"https:\/\/www.journee-mondiale.com\/es\/wp-json\/wp\/v2\/tags?post=13764"}],"curies":[{"name":"wp","href":"https:\/\/api.w.org\/{rel}","templated":true}]}}