{"id":13758,"date":"2025-06-03T13:04:45","date_gmt":"2025-06-03T11:04:45","guid":{"rendered":"https:\/\/www.journee-mondiale.com\/es\/la-obsesion-vaquera-que-cambio-mi-verano-por-que-los-jeans-con-bandas-laterales-seran-la-prenda-que-todos-llevaremos-en-2025\/"},"modified":"2025-06-03T13:04:45","modified_gmt":"2025-06-03T11:04:45","slug":"la-obsesion-vaquera-que-cambio-mi-verano-por-que-los-jeans-con-bandas-laterales-seran-la-prenda-que-todos-llevaremos-en-2025","status":"publish","type":"post","link":"https:\/\/www.journee-mondiale.com\/es\/la-obsesion-vaquera-que-cambio-mi-verano-por-que-los-jeans-con-bandas-laterales-seran-la-prenda-que-todos-llevaremos-en-2025\/","title":{"rendered":"La obsesi\u00f3n vaquera que cambi\u00f3 mi verano: por qu\u00e9 los jeans con bandas laterales ser\u00e1n la prenda que todos llevaremos en 2025"},"content":{"rendered":"<p>Cuando el estilo deportivo se fusiona con el cl\u00e1sico denim, nacen tendencias que perduran. Este <strong>verano 2025<\/strong>, los pantalones vaqueros con bandas laterales se han convertido en la prenda estrella que combina el confort deportivo con la elegancia casual. \u00bfTe atreves a descubrir c\u00f3mo esta pieza revolucionar\u00e1 tu armario estival?<\/p>\n<h2>La evoluci\u00f3n deportiva que conquist\u00f3 el streetwear<\/h2>\n<p>Los vaqueros con bandas laterales representan la perfecta <strong>simbiosis entre comodidad y estilo<\/strong>. \u00abLa moda deportiva ha evolucionado hasta convertirse en parte integral del estilo urbano, permitiendo que prendas inicialmente dise\u00f1adas para actividades f\u00edsicas se integren naturalmente en nuestro d\u00eda a d\u00eda\u00bb, explica Mar\u00eda Fern\u00e1ndez, editora de moda de la revista Tendencias.<\/p>\n<p>Este verano, las pasarelas nos muestran c\u00f3mo las <strong>rayas deportivas<\/strong> en los laterales de los vaqueros aportan ese toque din\u00e1mico que refresca cualquier look. Si buscas inspiraci\u00f3n adicional, puedes explorar <a href=\"https:\/\/www.journee-mondiale.com\/es\/probe-los-overalls-que-usaba-a-los-7-anos-y-ahora-son-mi-obsesion-a-los-35-esto-es-lo-que-descubri-sobre-el-denim-de-nuestra-infancia\/\" target=\"_blank\">c\u00f3mo el denim de nuestra infancia regresa renovado<\/a> cada temporada.<\/p>\n<h2>Pantalones anchos: la tendencia que favorece a todos<\/h2>\n<p>Los <strong>vaqueros de pernera ancha<\/strong> con bandas laterales son los protagonistas indiscutibles este verano 2025. \u00abEstos dise\u00f1os h\u00edbridos combinan la frescura del denim tradicional con el confort de las prendas deportivas, creando una silueta que favorece a todos los tipos de cuerpo\u00bb, asegura Carlos Mart\u00ednez, estilista y consultor de imagen.<\/p>\n<p>Las marcas m\u00e1s reconocidas como PINKO est\u00e1n apostando por <strong>dise\u00f1os personalizados<\/strong> que incluyen detalles \u00fanicos en la cintura, complementando perfectamente esas bandas laterales que aportan un aire deportivo sofisticado. Estos pantalones son ideales para combinar con <a href=\"https:\/\/www.journee-mondiale.com\/es\/la-coleccion-boho-de-pull-bear-que-transformo-mi-estilo-de-verano-como-sus-vestidos-de-encaje-y-pantalones-efecto-tipazo-seran-mi-obsesion-en-2025\/\" target=\"_blank\">piezas boho que transformar\u00e1n tu estilo de verano<\/a>.<\/p>\n<h2>C\u00f3mo llevar los vaqueros con bandas este verano<\/h2>\n<p>Para un <strong>look veraniego perfecto<\/strong>, combina tus vaqueros con bandas laterales con:<\/p>\n<ul>\n<li>Camisetas crop top o blusas ligeras en tonos neutros<\/li>\n<li>Sandalias planas para un estilo casual o tacones para elevar el outfit<\/li>\n<li>Accesorios minimalistas que no compitan con el protagonismo del pantal\u00f3n<\/li>\n<\/ul>\n<p>\u00abLa versatilidad es la gran ventaja de estos pantalones. Pueden pasar de un look casual diurno a un outfit nocturno m\u00e1s elegante simplemente cambiando algunos accesorios\u00bb, comenta Luc\u00eda Torres, asesora de imagen. Si quieres complementar tu colecci\u00f3n, los <a href=\"https:\/\/www.journee-mondiale.com\/es\/los-vaqueros-con-bolsillos-xxl-que-revolucionaran-tu-verano-2025-y-como-estilizan-tu-figura-sin-esfuerzo\/\" target=\"_blank\">vaqueros con bolsillos XXL<\/a> son otra tendencia que estiliza sin esfuerzo.<\/p>\n<h2>Detalles que marcan la diferencia: tachuelas y personalizaci\u00f3n<\/h2>\n<p>Los <strong>vaqueros con tachuelas<\/strong> combinados con bandas laterales ofrecen ese punto extra de estilo que buscan los amantes de la moda. Este verano 2025, la personalizaci\u00f3n marca tendencia con detalles hechos a medida que convierten cada prenda en \u00fanica.<\/p>\n<p>Para completar tu armario veraniego, considera a\u00f1adir <a href=\"https:\/\/www.journee-mondiale.com\/es\/los-vestidos-midi-con-manga-corta-que-transformaron-mi-verano-por-que-se-adaptan-a-todos-los-brazos-y-donde-encontrarlos-por-menos-de-60e\/\" target=\"_blank\">vestidos midi con manga corta<\/a> que crear\u00e1n el contraste perfecto con tus vaqueros deportivos.<\/p>\n<h2>El equilibrio perfecto entre deportividad y elegancia<\/h2>\n<p>La <strong>inspiraci\u00f3n deportiva<\/strong> de estos vaqueros no significa sacrificar elegancia. \u00abEs precisamente esa dualidad lo que los hace tan especiales. Son como un lienzo en blanco que permite expresar personalidad a trav\u00e9s de la combinaci\u00f3n con otras prendas\u00bb, afirma Elena G\u00f3mez, dise\u00f1adora de moda.<\/p>\n<p>Para las noches m\u00e1s frescas, complementa con <a href=\"https:\/\/www.journee-mondiale.com\/es\/la-obsesion-de-primavera-que-nunca-imagine-por-que-los-cardigans-bordados-estan-revolucionando-mi-armario-y-como-transformaran-tus-looks-de-2025\/\" target=\"_blank\">cardigans bordados<\/a> que est\u00e1n revolucionando los armarios este 2025.<\/p>\n<h2>\u00bfPor qu\u00e9 esta tendencia ha llegado para quedarse?<\/h2>\n<p>Los vaqueros con bandas laterales representan el <strong>esp\u00edritu contempor\u00e1neo<\/strong> que busca funcionalidad sin renunciar al estilo. Son vers\u00e1tiles, c\u00f3modos y ofrecen ese punto deportivo que refresca cualquier look veraniego. Su capacidad para adaptarse a diferentes contextos los convierte en una inversi\u00f3n inteligente para tu guardarropa de 2025.<\/p>\n","protected":false},"excerpt":{"rendered":"<p>Cuando el estilo deportivo se fusiona con el cl\u00e1sico denim, nacen tendencias que perduran. Este verano 2025, los pantalones vaqueros con bandas laterales se han convertido en la prenda estrella que combina el confort deportivo con la elegancia casual. \u00bfTe atreves a descubrir c\u00f3mo esta pieza revolucionar\u00e1 tu armario estival? La evoluci\u00f3n deportiva que conquist\u00f3 &#8230; <a title=\"La obsesi\u00f3n vaquera que cambi\u00f3 mi verano: por qu\u00e9 los jeans con bandas laterales ser\u00e1n la prenda que todos llevaremos en 2025\" class=\"read-more\" href=\"https:\/\/www.journee-mondiale.com\/es\/la-obsesion-vaquera-que-cambio-mi-verano-por-que-los-jeans-con-bandas-laterales-seran-la-prenda-que-todos-llevaremos-en-2025\/\" aria-label=\"Leer m\u00e1s sobre La obsesi\u00f3n vaquera que cambi\u00f3 mi verano: por qu\u00e9 los jeans con bandas laterales ser\u00e1n la prenda que todos llevaremos en 2025\">Lire plus<\/a><\/p>\n","protected":false},"author":1,"featured_media":13757,"comment_status":"","ping_status":"","sticky":false,"template":"","format":"standard","meta":{"footnotes":""},"categories":[48],"tags":[],"class_list":["post-13758","post","type-post","status-publish","format-standard","has-post-thumbnail","hentry","category-estilo-de-vida"],"acf":[],"_yoast_wpseo_primary_category":null,"_yoast_wpseo_title":null,"_yoast_wpseo_metadesc":null,"_links":{"self":[{"href":"https:\/\/www.journee-mondiale.com\/es\/wp-json\/wp\/v2\/posts\/13758","targetHints":{"allow":["GET"]}}],"collection":[{"href":"https:\/\/www.journee-mondiale.com\/es\/wp-json\/wp\/v2\/posts"}],"about":[{"href":"https:\/\/www.journee-mondiale.com\/es\/wp-json\/wp\/v2\/types\/post"}],"author":[{"embeddable":true,"href":"https:\/\/www.journee-mondiale.com\/es\/wp-json\/wp\/v2\/users\/1"}],"replies":[{"embeddable":true,"href":"https:\/\/www.journee-mondiale.com\/es\/wp-json\/wp\/v2\/comments?post=13758"}],"version-history":[{"count":0,"href":"https:\/\/www.journee-mondiale.com\/es\/wp-json\/wp\/v2\/posts\/13758\/revisions"}],"wp:featuredmedia":[{"embeddable":true,"href":"https:\/\/www.journee-mondiale.com\/es\/wp-json\/wp\/v2\/media\/13757"}],"wp:attachment":[{"href":"https:\/\/www.journee-mondiale.com\/es\/wp-json\/wp\/v2\/media?parent=13758"}],"wp:term":[{"taxonomy":"category","embeddable":true,"href":"https:\/\/www.journee-mondiale.com\/es\/wp-json\/wp\/v2\/categories?post=13758"},{"taxonomy":"post_tag","embeddable":true,"href":"https:\/\/www.journee-mondiale.com\/es\/wp-json\/wp\/v2\/tags?post=13758"}],"curies":[{"name":"wp","href":"https:\/\/api.w.org\/{rel}","templated":true}]}}