{"id":13744,"date":"2025-06-01T19:00:09","date_gmt":"2025-06-01T17:00:09","guid":{"rendered":"https:\/\/www.journee-mondiale.com\/es\/la-tecnica-parisina-que-rejuvenece-5-anos-con-solo-3-cortes-estrategicos-y-nadie-esta-hablando-de-ella\/"},"modified":"2025-06-01T19:00:09","modified_gmt":"2025-06-01T17:00:09","slug":"la-tecnica-parisina-que-rejuvenece-5-anos-con-solo-3-cortes-estrategicos-y-nadie-esta-hablando-de-ella","status":"publish","type":"post","link":"https:\/\/www.journee-mondiale.com\/es\/la-tecnica-parisina-que-rejuvenece-5-anos-con-solo-3-cortes-estrategicos-y-nadie-esta-hablando-de-ella\/","title":{"rendered":"La \u00abt\u00e9cnica parisina\u00bb que rejuvenece 5 a\u00f1os con solo 3 cortes estrat\u00e9gicos (y nadie est\u00e1 hablando de ella&#8230;)"},"content":{"rendered":"<p>Este verano 2025 ha llegado con una tendencia que est\u00e1 revolucionando las peluquer\u00edas de toda Espa\u00f1a: el <strong>French Bob con capas exteriores<\/strong>. Este sofisticado corte parisino, reinventado para dar m\u00e1s volumen y movimiento, se ha convertido en la elecci\u00f3n perfecta para quienes buscan un cambio refrescante sin perder elegancia. \u00bfSu secreto? Una combinaci\u00f3n magistral de capas estrat\u00e9gicas en la superficie que aportan volumen, mientras se mantiene una base m\u00e1s recta y definida.<\/p>\n<h2>La revoluci\u00f3n del French Bob moderno: ligereza con estructura<\/h2>\n<p>El <strong>French Bob cl\u00e1sico<\/strong> siempre ha sido sin\u00f3nimo de elegancia atemporal, pero su versi\u00f3n 2025 va m\u00e1s all\u00e1. \u00abLas capas exteriores son como la espuma de una copa de champ\u00e1n: ligeras en la superficie pero sostenidas por una estructura s\u00f3lida\u00bb, explica Carlos Vidal, director creativo del Sal\u00f3n Belleza Madrid. Esta t\u00e9cnica crea un efecto visual de mayor densidad sin sacrificar la limpieza del corte, ideal para <a href=\"https:\/\/www.journee-mondiale.com\/es\/el-french-bob-texturizado-que-ha-conquistado-madrid-la-tecnica-de-3-minutos-que-rejuvenece-tu-melena-este-verano-2025-y-solo-necesita-un-producto\/\" target=\"_blank\">rejuvenecer la melena este verano 2025<\/a>.<\/p>\n<h2>La t\u00e9cnica de las \u00abghost layers\u00bb que est\u00e1 conquistando Madrid<\/h2>\n<p>La verdadera magia de este estilo reside en las llamadas <strong>capas invisibles<\/strong> o \u00abghost layers\u00bb. Estas son tan sutiles que apenas se perciben, pero transforman completamente el movimiento del cabello. \u00abSon como el viento que mueve las hojas de un \u00e1rbol: no lo ves, pero notas su efecto\u00bb, se\u00f1ala Mar\u00eda S\u00e1nchez, estilista especializada en t\u00e9cnicas francesas. El resultado es un cabello con cuerpo y dinamismo que mantiene la elegancia del corte recto en la base.<\/p>\n<h2>Por qu\u00e9 este corte favorece a todos los tipos de rostro<\/h2>\n<p>Una de las grandes ventajas de este estilo es su versatilidad. A diferencia de otros cortes, el <strong>French Bob con capas exteriores<\/strong> se adapta a diferentes formas faciales gracias a la personalizaci\u00f3n de las capas. Descubr\u00ed que <a href=\"https:\/\/www.journee-mondiale.com\/es\/mi-cambio-radical-con-capas-como-el-78-de-mujeres-elige-mal-su-corte-para-primavera-lo-que-mi-estilista-me-confeso-sobre-rostros-redondos\/\" target=\"_blank\">muchas mujeres eligen mal su corte para primavera<\/a>, especialmente quienes tienen rostros redondos, cuando las capas estrat\u00e9gicas pueden ser la soluci\u00f3n perfecta.<\/p>\n<h2>C\u00f3mo mantener el volumen sin sacrificar la definici\u00f3n<\/h2>\n<p>Para quienes desean adoptar este look, estos consejos son fundamentales:<\/p>\n<ul>\n<li>Utilizar <strong>productos texturizadores<\/strong> espec\u00edficos que aporten volumen en las ra\u00edces sin apelmazar<\/li>\n<li>Secar el cabello con la cabeza hacia abajo para maximizar el volumen natural<\/li>\n<li>Aplicar un spray fijador ligero para mantener la estructura sin rigidez<\/li>\n<\/ul>\n<h2>La t\u00e9cnica de las puntas que rejuvenece tu imagen<\/h2>\n<p>El acabado de las puntas es crucial en este estilo. Las <strong>puntas desfiladas<\/strong> aportan movimiento y quitan a\u00f1os a tu imagen, <a href=\"https:\/\/www.journee-mondiale.com\/es\/puntas-desfiladas-la-tecnica-de-4-minutos-que-rejuvenece-el-cabello-5-anos-cientificos-revelan-el-secreto-escondido\/\" target=\"_blank\">una t\u00e9cnica que seg\u00fan cient\u00edficos puede rejuvenecer visualmente el cabello<\/a>. Durante mi visita a un prestigioso sal\u00f3n en Barcelona, una clienta comentaba asombrada c\u00f3mo este simple detalle hab\u00eda transformado completamente su imagen.<\/p>\n<h2>\u00bfBob graduado o French Bob con capas? La diferencia est\u00e1 en los detalles<\/h2>\n<p>Muchas personas confunden ambos estilos, pero existen diferencias importantes:<\/p>\n<ul>\n<li>El <strong>Bob graduado<\/strong> presenta m\u00e1s volumen en la parte trasera y <a href=\"https:\/\/www.journee-mondiale.com\/es\/el-bob-graduado-que-disminuyo-mi-tiempo-frente-al-espejo-de-45-a-3-minutos-y-por-que-estiliza-mi-cuello-como-ningun-otro-corte\/\" target=\"_blank\">estiliza visualmente el cuello<\/a><\/li>\n<li>El French Bob con capas exteriores mantiene una base recta y concentra el volumen en la superficie<\/li>\n<li>Las capas del French Bob son m\u00e1s sutiles y menos evidentes<\/li>\n<\/ul>\n<h2>Combinaci\u00f3n perfecta para verano: ondas suaves en tu French Bob<\/h2>\n<p>Para elevar a\u00fan m\u00e1s este corte, las <strong>ondas suaves<\/strong> son el complemento ideal. \u00abEs como a\u00f1adir seda a un vestido de algod\u00f3n: eleva instant\u00e1neamente el look\u00bb, comenta Alberto Ruiz, estilista de celebridades. Para conseguirlas, <a href=\"https:\/\/www.journee-mondiale.com\/es\/ondas-suaves-primavera-2025-3-tecnicas-infalibles-que-revitalizan-tu-melena-en-8-minutos-incluso-con-cabello-danado\/\" target=\"_blank\">existen t\u00e9cnicas infalibles que revitalizan tu melena en minutos<\/a>, perfectas para el ritmo acelerado del verano.<\/p>\n<h2>\u00bfLista para reinventar tu imagen este verano?<\/h2>\n<p>El French Bob con capas exteriores no es solo un corte de pelo, es una declaraci\u00f3n de estilo que combina lo mejor de dos mundos: la sofisticaci\u00f3n parisina y el dinamismo moderno. Como el jazz en la m\u00fasica, este estilo sabe cu\u00e1ndo seguir las reglas y cu\u00e1ndo romperlas para crear algo verdaderamente especial. \u00bfTe atreves a descubrir c\u00f3mo estas sutiles capas pueden transformar tu imagen y elevar tu confianza este verano?<\/p>\n","protected":false},"excerpt":{"rendered":"<p>Este verano 2025 ha llegado con una tendencia que est\u00e1 revolucionando las peluquer\u00edas de toda Espa\u00f1a: el French Bob con capas exteriores. Este sofisticado corte parisino, reinventado para dar m\u00e1s volumen y movimiento, se ha convertido en la elecci\u00f3n perfecta para quienes buscan un cambio refrescante sin perder elegancia. \u00bfSu secreto? Una combinaci\u00f3n magistral de &#8230; <a title=\"La \u00abt\u00e9cnica parisina\u00bb que rejuvenece 5 a\u00f1os con solo 3 cortes estrat\u00e9gicos (y nadie est\u00e1 hablando de ella&#8230;)\" class=\"read-more\" href=\"https:\/\/www.journee-mondiale.com\/es\/la-tecnica-parisina-que-rejuvenece-5-anos-con-solo-3-cortes-estrategicos-y-nadie-esta-hablando-de-ella\/\" aria-label=\"Leer m\u00e1s sobre La \u00abt\u00e9cnica parisina\u00bb que rejuvenece 5 a\u00f1os con solo 3 cortes estrat\u00e9gicos (y nadie est\u00e1 hablando de ella&#8230;)\">Lire plus<\/a><\/p>\n","protected":false},"author":1,"featured_media":13743,"comment_status":"","ping_status":"","sticky":false,"template":"","format":"standard","meta":{"footnotes":""},"categories":[48],"tags":[],"class_list":["post-13744","post","type-post","status-publish","format-standard","has-post-thumbnail","hentry","category-estilo-de-vida"],"acf":[],"_yoast_wpseo_primary_category":null,"_yoast_wpseo_title":null,"_yoast_wpseo_metadesc":null,"_links":{"self":[{"href":"https:\/\/www.journee-mondiale.com\/es\/wp-json\/wp\/v2\/posts\/13744","targetHints":{"allow":["GET"]}}],"collection":[{"href":"https:\/\/www.journee-mondiale.com\/es\/wp-json\/wp\/v2\/posts"}],"about":[{"href":"https:\/\/www.journee-mondiale.com\/es\/wp-json\/wp\/v2\/types\/post"}],"author":[{"embeddable":true,"href":"https:\/\/www.journee-mondiale.com\/es\/wp-json\/wp\/v2\/users\/1"}],"replies":[{"embeddable":true,"href":"https:\/\/www.journee-mondiale.com\/es\/wp-json\/wp\/v2\/comments?post=13744"}],"version-history":[{"count":0,"href":"https:\/\/www.journee-mondiale.com\/es\/wp-json\/wp\/v2\/posts\/13744\/revisions"}],"wp:featuredmedia":[{"embeddable":true,"href":"https:\/\/www.journee-mondiale.com\/es\/wp-json\/wp\/v2\/media\/13743"}],"wp:attachment":[{"href":"https:\/\/www.journee-mondiale.com\/es\/wp-json\/wp\/v2\/media?parent=13744"}],"wp:term":[{"taxonomy":"category","embeddable":true,"href":"https:\/\/www.journee-mondiale.com\/es\/wp-json\/wp\/v2\/categories?post=13744"},{"taxonomy":"post_tag","embeddable":true,"href":"https:\/\/www.journee-mondiale.com\/es\/wp-json\/wp\/v2\/tags?post=13744"}],"curies":[{"name":"wp","href":"https:\/\/api.w.org\/{rel}","templated":true}]}}