{"id":13740,"date":"2025-06-01T13:05:04","date_gmt":"2025-06-01T11:05:04","guid":{"rendered":"https:\/\/www.journee-mondiale.com\/es\/cultive-7-hierbas-aromaticas-este-verano-y-asi-transformaron-mis-platos-mi-secreto-esta-en-el-pandan\/"},"modified":"2025-06-01T13:05:04","modified_gmt":"2025-06-01T11:05:04","slug":"cultive-7-hierbas-aromaticas-este-verano-y-asi-transformaron-mis-platos-mi-secreto-esta-en-el-pandan","status":"publish","type":"post","link":"https:\/\/www.journee-mondiale.com\/es\/cultive-7-hierbas-aromaticas-este-verano-y-asi-transformaron-mis-platos-mi-secreto-esta-en-el-pandan\/","title":{"rendered":"Cultiv\u00e9 7 hierbas arom\u00e1ticas este verano y as\u00ed transformaron mis platos (mi secreto est\u00e1 en el pandan&#8230;)"},"content":{"rendered":"<p>Ahora que estamos en pleno verano, es el momento perfecto para sumergirse en el mundo de las plantas arom\u00e1ticas y culinarias. Ese peque\u00f1o rinc\u00f3n verde en tu cocina o balc\u00f3n no solo embellece el espacio, sino que <strong>transforma radicalmente tus platos<\/strong>. Imagina despertar cada ma\u00f1ana y poder cortar unas hojas frescas para tus recetas&#8230; \u00bfTentador? Descubramos c\u00f3mo iniciar esta apasionante aventura verde que est\u00e1 revolucionando las cocinas en 2025.<\/p>\n<h2>El pandan: la estrella arom\u00e1tica que revoluciona la cocina de 2025<\/h2>\n<p>El <strong>pandan<\/strong> se ha consolidado como la hierba tendencia de este a\u00f1o. \u00abEsta planta asi\u00e1tica ofrece un perfil arom\u00e1tico \u00fanico, con notas que recuerdan a la vainilla y avellana, pero con una complejidad que la hace insustituible en preparaciones tanto dulces como saladas\u00bb, explica Carla Rodr\u00edguez, chef especializada en gastronom\u00eda asi\u00e1tica. Sus hojas pueden utilizarse frescas o en forma de extracto, aportando un toque ex\u00f3tico a tus creaciones culinarias.<\/p>\n<h2>Hierbas tradicionales que nunca pasan de moda<\/h2>\n<p>Mientras exploramos nuevos sabores, las <a href=\"https:\/\/www.journee-mondiale.com\/es\/plantas-aromaticas-tradicionales-guia-de-uso-culinario\/\" target=\"_blank\">plantas arom\u00e1ticas tradicionales<\/a> siguen siendo fundamentales. El romero, tomillo, albahaca y menta contin\u00faan siendo <strong>pilares imprescindibles<\/strong> en cualquier colecci\u00f3n. Como se\u00f1ala Miguel Torres, horticultor con 20 a\u00f1os de experiencia: \u00abEstas plantas son vers\u00e1tiles y resistentes, ideales para principiantes que quieren resultados garantizados mientras desarrollan su pulgar verde\u00bb.<\/p>\n<h2>Reinventando la cocina: del jard\u00edn al plato<\/h2>\n<p>Las hierbas arom\u00e1ticas est\u00e1n experimentando un renacimiento creativo gracias al <a href=\"https:\/\/www.journee-mondiale.com\/es\/uso-innovador-de-hierbas-en-la-cocina-molecular\/\" target=\"_blank\">uso innovador de hierbas en la cocina molecular<\/a>. Este verano, experimenta transformando tus plantas en espumas, geles o aires que sorprender\u00e1n a tus invitados. La Dra. Luisa M\u00e9ndez, bioqu\u00edmica gastron\u00f3mica, explica: \u00abLas plantas arom\u00e1ticas contienen <strong>compuestos vol\u00e1tiles<\/strong> que pueden aislarse y potenciarse mediante t\u00e9cnicas sencillas que cualquiera puede aplicar en casa\u00bb.<\/p>\n<h2>Potencia tus recetas con aceites infusionados caseros<\/h2>\n<p>Aprende a crear tus propios <a href=\"https:\/\/www.journee-mondiale.com\/es\/aceites-y-vinagres-aromatizados-para-potenciar-sabores\/\" target=\"_blank\">aceites y vinagres aromatizados<\/a> para elevar instant\u00e1neamente el sabor de tus platos. Son perfectos para:<\/p>\n<ul>\n<li>Realzar ensaladas frescas de verano<\/li>\n<li>Potenciar el sabor de pescados y mariscos<\/li>\n<li>Crear <a href=\"https:\/\/www.journee-mondiale.com\/es\/use-esta-marinada-para-carnes-y-note-un-40-mas-de-jugosidad-mi-secreto-esta-en-el-tiempo\/\" target=\"_blank\">marinadas jugosas para carnes<\/a><\/li>\n<\/ul>\n<h2>Cultivando en espacios reducidos: soluciones verticales e hidrop\u00f3nicas<\/h2>\n<p>\u00bfPoco espacio? No hay problema. Los <a href=\"https:\/\/www.journee-mondiale.com\/es\/cultivo-de-hierbas-en-jardines-hidroponicos\/\" target=\"_blank\">jardines hidrop\u00f3nicos<\/a> est\u00e1n revolucionando el cultivo urbano. \u00abUn sistema hidrop\u00f3nico b\u00e1sico puede producir hasta <strong>tres veces m\u00e1s plantas<\/strong> que los m\u00e9todos tradicionales en el mismo espacio\u00bb, asegura Javier S\u00e1nchez, ingeniero agr\u00f3nomo. Estos sistemas son como peque\u00f1os oasis productivos que funcionan como m\u00e1quinas bien engrasadas, proporcionando nutrientes directamente a las ra\u00edces.<\/p>\n<h2>C\u00f3mo iniciar tu colecci\u00f3n: pasos esenciales<\/h2>\n<p>Para comenzar tu huerto arom\u00e1tico necesitar\u00e1s:<\/p>\n<ul>\n<li>Recipientes con buen drenaje (macetas recicladas funcionan perfectamente)<\/li>\n<li>Sustrato espec\u00edfico para plantas arom\u00e1ticas<\/li>\n<li>Ubicaci\u00f3n con al menos 6 horas de luz solar (especialmente importante en verano)<\/li>\n<li>Sistema de riego regular pero moderado<\/li>\n<\/ul>\n<h2>M\u00e1s all\u00e1 de la cocina: beneficios hol\u00edsticos de tu jard\u00edn arom\u00e1tico<\/h2>\n<p>Tu colecci\u00f3n de hierbas es como una <strong>farmacia natural<\/strong> a tu alcance. La menta alivia problemas digestivos, el romero mejora la concentraci\u00f3n, y el tomillo fortalece el sistema inmunol\u00f3gico. Como destaca la Dra. Ana Guti\u00e9rrez, fitoterapeuta: \u00abCultivar plantas arom\u00e1ticas nos reconecta con ciclos naturales y aporta beneficios tanto culinarios como terap\u00e9uticos, algo especialmente valioso durante los meses estivales\u00bb.<\/p>\n<h2>\u00bfEst\u00e1s listo para transformar tu relaci\u00f3n con la cocina y el bienestar?<\/h2>\n<p>Iniciar tu propia colecci\u00f3n de plantas arom\u00e1ticas es como abrir una puerta a un universo de sabores, aromas y beneficios para la salud. En este verano de 2025, no hay mejor momento para conectar con la naturaleza desde tu hogar, experimentar con nuevos sabores y elevarte como chef casero. Tu viaje bot\u00e1nico espera, \u00bfqu\u00e9 plantar\u00e1s primero?<\/p>\n","protected":false},"excerpt":{"rendered":"<p>Ahora que estamos en pleno verano, es el momento perfecto para sumergirse en el mundo de las plantas arom\u00e1ticas y culinarias. Ese peque\u00f1o rinc\u00f3n verde en tu cocina o balc\u00f3n no solo embellece el espacio, sino que transforma radicalmente tus platos. Imagina despertar cada ma\u00f1ana y poder cortar unas hojas frescas para tus recetas&#8230; \u00bfTentador? &#8230; <a title=\"Cultiv\u00e9 7 hierbas arom\u00e1ticas este verano y as\u00ed transformaron mis platos (mi secreto est\u00e1 en el pandan&#8230;)\" class=\"read-more\" href=\"https:\/\/www.journee-mondiale.com\/es\/cultive-7-hierbas-aromaticas-este-verano-y-asi-transformaron-mis-platos-mi-secreto-esta-en-el-pandan\/\" aria-label=\"Leer m\u00e1s sobre Cultiv\u00e9 7 hierbas arom\u00e1ticas este verano y as\u00ed transformaron mis platos (mi secreto est\u00e1 en el pandan&#8230;)\">Lire plus<\/a><\/p>\n","protected":false},"author":1,"featured_media":13739,"comment_status":"","ping_status":"","sticky":false,"template":"","format":"standard","meta":{"footnotes":""},"categories":[48],"tags":[],"class_list":["post-13740","post","type-post","status-publish","format-standard","has-post-thumbnail","hentry","category-estilo-de-vida"],"acf":[],"_yoast_wpseo_primary_category":null,"_yoast_wpseo_title":null,"_yoast_wpseo_metadesc":null,"_links":{"self":[{"href":"https:\/\/www.journee-mondiale.com\/es\/wp-json\/wp\/v2\/posts\/13740","targetHints":{"allow":["GET"]}}],"collection":[{"href":"https:\/\/www.journee-mondiale.com\/es\/wp-json\/wp\/v2\/posts"}],"about":[{"href":"https:\/\/www.journee-mondiale.com\/es\/wp-json\/wp\/v2\/types\/post"}],"author":[{"embeddable":true,"href":"https:\/\/www.journee-mondiale.com\/es\/wp-json\/wp\/v2\/users\/1"}],"replies":[{"embeddable":true,"href":"https:\/\/www.journee-mondiale.com\/es\/wp-json\/wp\/v2\/comments?post=13740"}],"version-history":[{"count":0,"href":"https:\/\/www.journee-mondiale.com\/es\/wp-json\/wp\/v2\/posts\/13740\/revisions"}],"wp:featuredmedia":[{"embeddable":true,"href":"https:\/\/www.journee-mondiale.com\/es\/wp-json\/wp\/v2\/media\/13739"}],"wp:attachment":[{"href":"https:\/\/www.journee-mondiale.com\/es\/wp-json\/wp\/v2\/media?parent=13740"}],"wp:term":[{"taxonomy":"category","embeddable":true,"href":"https:\/\/www.journee-mondiale.com\/es\/wp-json\/wp\/v2\/categories?post=13740"},{"taxonomy":"post_tag","embeddable":true,"href":"https:\/\/www.journee-mondiale.com\/es\/wp-json\/wp\/v2\/tags?post=13740"}],"curies":[{"name":"wp","href":"https:\/\/api.w.org\/{rel}","templated":true}]}}