{"id":13736,"date":"2025-05-31T19:00:01","date_gmt":"2025-05-31T17:00:01","guid":{"rendered":"https:\/\/www.journee-mondiale.com\/es\/el-french-bob-texturizado-que-ha-conquistado-madrid-la-tecnica-de-3-minutos-que-rejuvenece-tu-melena-este-verano-2025-y-solo-necesita-un-producto\/"},"modified":"2025-05-31T19:00:01","modified_gmt":"2025-05-31T17:00:01","slug":"el-french-bob-texturizado-que-ha-conquistado-madrid-la-tecnica-de-3-minutos-que-rejuvenece-tu-melena-este-verano-2025-y-solo-necesita-un-producto","status":"publish","type":"post","link":"https:\/\/www.journee-mondiale.com\/es\/el-french-bob-texturizado-que-ha-conquistado-madrid-la-tecnica-de-3-minutos-que-rejuvenece-tu-melena-este-verano-2025-y-solo-necesita-un-producto\/","title":{"rendered":"El French bob texturizado que ha conquistado Madrid: la t\u00e9cnica de 3 minutos que rejuvenece tu melena este verano 2025 (y solo necesita un producto)"},"content":{"rendered":"<p>\u00bfHas notado c\u00f3mo <strong>las melenas texturizadas<\/strong> est\u00e1n dominando las calles de Madrid este verano 2025? El French bob, ese cl\u00e1sico parisino que nunca pasa de moda, ha evolucionado hacia versiones m\u00e1s desenfadadas que combinan elegancia y frescura. Descubre c\u00f3mo este corte est\u00e1 revolucionando la temporada estival con un toque de sofisticaci\u00f3n despreocupada que todas queremos adoptar.<\/p>\n<h2>La revoluci\u00f3n del French bob texturizado: elegancia sin esfuerzo<\/h2>\n<p>El <strong>French bob texturizado<\/strong> se caracteriza por su longitud a la altura de la mand\u00edbula y ese acabado ligeramente despeinado que parece no requerir esfuerzo. \u00abLo que hace especial a esta versi\u00f3n del bob franc\u00e9s es precisamente su imperfecci\u00f3n calculada\u00bb, explica Mar\u00eda S\u00e1nchez, directora creativa del Sal\u00f3n \u00c9lite de Madrid. \u00abYa no buscamos ese corte perfectamente recto, sino un acabado que parezca que el viento lo ha despeinado ligeramente\u00bb.<\/p>\n<h2>\u00bfPor qu\u00e9 est\u00e1 arrasando este verano?<\/h2>\n<p>La combinaci\u00f3n del calor veraniego y la b\u00fasqueda de practicidad ha convertido este estilo en el favorito de la temporada. Como una <strong>brisa fresca<\/strong> para tu imagen, este corte libera la nuca y aporta movimiento sin necesidad de largas sesiones de peinado. Perfecto para quienes, como yo, hemos pasado alguna vez 40 minutos frente al espejo intentando conseguir ese \u00ablook despeinado\u00bb que ir\u00f3nicamente requiere tanto trabajo.<\/p>\n<h2>Tres variaciones que est\u00e1n conquistando las calles<\/h2>\n<p>Cada rostro puede encontrar su versi\u00f3n ideal del <strong>French bob texturizado<\/strong>:<\/p>\n<ul>\n<li><strong>Micro French bob<\/strong>: La versi\u00f3n m\u00e1s corta, a la altura de los p\u00f3mulos, ideal para rostros ovalados<\/li>\n<li><strong>French bob con flequillo cortina<\/strong>: Perfecto para suavizar facciones angulosas<\/li>\n<li><strong>Long French bob<\/strong>: Llega hasta el ment\u00f3n, favorecedor para rostros redondos<\/li>\n<\/ul>\n<h2>La t\u00e9cnica de corte que marca la diferencia<\/h2>\n<p>\u00abEl secreto est\u00e1 en la t\u00e9cnica de <strong>texturizado en las puntas<\/strong>\u00ab, revela Carlos Ruiz, estilista de celebridades. \u00abUtilizamos tijeras de entresacar en los \u00faltimos 2-3 cent\u00edmetros para eliminar peso y crear ese efecto desfilado que da movimiento\u00bb. Esta t\u00e9cnica es similar a la que ha revolucionado <a href=\"https:\/\/www.journee-mondiale.com\/es\/puntas-desfiladas-la-tecnica-de-4-minutos-que-rejuvenece-el-cabello-5-anos-cientificos-revelan-el-secreto-escondido\/\" target=\"_blank\">el tratamiento de puntas desfiladas que rejuvenece el cabello<\/a>.<\/p>\n<h2>C\u00f3mo estilizarlo sin esfuerzo para d\u00edas calurosos<\/h2>\n<p>El <strong>mantenimiento m\u00ednimo<\/strong> es parte del atractivo de este corte. Como un jard\u00edn bien dise\u00f1ado que parece salvaje pero est\u00e1 meticulosamente planificado, el French bob texturizado requiere poco cuidado diario:<\/p>\n<ul>\n<li>Aplicar espuma de volumen ligera en ra\u00edces h\u00famedas<\/li>\n<li>Secar al aire o con difusor a baja potencia<\/li>\n<li>Finalizar con spray texturizante para ese efecto \u00abdespeinado chic\u00bb<\/li>\n<\/ul>\n<h2>La alternativa perfecta para quienes buscan un cambio radical<\/h2>\n<p>Si est\u00e1s considerando un cambio significativo pero no te atreves con <a href=\"https:\/\/www.journee-mondiale.com\/es\/el-corte-pixie-que-transforma-la-mirada-en-solo-7-minutos-y-por-que-843-madrilenas-lo-han-adoptado-este-verano\/\" target=\"_blank\">el corte pixie que est\u00e1 arrasando este verano<\/a>, el French bob texturizado ofrece ese punto intermedio perfecto. Mantiene suficiente longitud para experimentar mientras aporta frescura y modernidad.<\/p>\n<h2>Perfecto para cualquier tipo de cabello, incluso rizado<\/h2>\n<p>Contrario a lo que muchas piensan, este estilo funciona maravillosamente en <strong>cabellos con textura natural<\/strong>. De hecho, quienes tienen rizos pueden encontrar inspiraci\u00f3n en <a href=\"https:\/\/www.journee-mondiale.com\/es\/el-corte-rizado-que-esta-liberando-a-miles-de-mujeres-en-primavera-2025-y-solo-requiere-7-minutos-cada-manana\/\" target=\"_blank\">los cortes rizados que est\u00e1n liberando a miles de mujeres esta primavera<\/a>. El volumen natural potencia ese efecto desenfadado tan buscado.<\/p>\n<h2>Una opci\u00f3n ideal para cabellos maduros<\/h2>\n<p>Las mujeres con <strong>cabello canoso<\/strong> est\u00e1n adoptando este estilo por su capacidad para a\u00f1adir movimiento y juventud. \u00abEl texturizado crea la ilusi\u00f3n de mayor densidad y aporta dinamismo al cabello maduro\u00bb, comenta Luisa Mart\u00edn, especialista en <a href=\"https:\/\/www.journee-mondiale.com\/es\/la-transformacion-definitiva-para-pelo-canoso-rebelde-3-tecnicas-que-estan-liberando-a-mas-de-800-madrilenas-lo-que-los-estilistas-no-querian-revelar\/\" target=\"_blank\">transformaciones para pelo canoso<\/a>.<\/p>\n<h2>\u00bfTe atreves a probar el cambio m\u00e1s refrescante del verano?<\/h2>\n<p>Como <strong>tendencia estrella<\/strong> de la temporada, el French bob texturizado nos recuerda que la belleza m\u00e1s aut\u00e9ntica a menudo surge de abrazar cierta imperfecci\u00f3n. Si buscas inspiraci\u00f3n para versiones rizadas, no dudes en explorar <a href=\"https:\/\/www.journee-mondiale.com\/es\/los-7-cortes-rizados-cortos-que-transforman-este-verano-2025-la-tecnica-de-6-minutos-que-nadie-esperaba\/\" target=\"_blank\">los 7 cortes rizados cortos que est\u00e1n transformando este verano<\/a>. Este verano, la elegancia desenfadada del bob franc\u00e9s nos invita a todos a simplificar nuestra rutina sin sacrificar un \u00e1pice de estilo.<\/p>\n","protected":false},"excerpt":{"rendered":"<p>\u00bfHas notado c\u00f3mo las melenas texturizadas est\u00e1n dominando las calles de Madrid este verano 2025? El French bob, ese cl\u00e1sico parisino que nunca pasa de moda, ha evolucionado hacia versiones m\u00e1s desenfadadas que combinan elegancia y frescura. Descubre c\u00f3mo este corte est\u00e1 revolucionando la temporada estival con un toque de sofisticaci\u00f3n despreocupada que todas queremos &#8230; <a title=\"El French bob texturizado que ha conquistado Madrid: la t\u00e9cnica de 3 minutos que rejuvenece tu melena este verano 2025 (y solo necesita un producto)\" class=\"read-more\" href=\"https:\/\/www.journee-mondiale.com\/es\/el-french-bob-texturizado-que-ha-conquistado-madrid-la-tecnica-de-3-minutos-que-rejuvenece-tu-melena-este-verano-2025-y-solo-necesita-un-producto\/\" aria-label=\"Leer m\u00e1s sobre El French bob texturizado que ha conquistado Madrid: la t\u00e9cnica de 3 minutos que rejuvenece tu melena este verano 2025 (y solo necesita un producto)\">Lire plus<\/a><\/p>\n","protected":false},"author":1,"featured_media":13735,"comment_status":"","ping_status":"","sticky":false,"template":"","format":"standard","meta":{"footnotes":""},"categories":[48],"tags":[],"class_list":["post-13736","post","type-post","status-publish","format-standard","has-post-thumbnail","hentry","category-estilo-de-vida"],"acf":[],"_yoast_wpseo_primary_category":null,"_yoast_wpseo_title":null,"_yoast_wpseo_metadesc":null,"_links":{"self":[{"href":"https:\/\/www.journee-mondiale.com\/es\/wp-json\/wp\/v2\/posts\/13736","targetHints":{"allow":["GET"]}}],"collection":[{"href":"https:\/\/www.journee-mondiale.com\/es\/wp-json\/wp\/v2\/posts"}],"about":[{"href":"https:\/\/www.journee-mondiale.com\/es\/wp-json\/wp\/v2\/types\/post"}],"author":[{"embeddable":true,"href":"https:\/\/www.journee-mondiale.com\/es\/wp-json\/wp\/v2\/users\/1"}],"replies":[{"embeddable":true,"href":"https:\/\/www.journee-mondiale.com\/es\/wp-json\/wp\/v2\/comments?post=13736"}],"version-history":[{"count":0,"href":"https:\/\/www.journee-mondiale.com\/es\/wp-json\/wp\/v2\/posts\/13736\/revisions"}],"wp:featuredmedia":[{"embeddable":true,"href":"https:\/\/www.journee-mondiale.com\/es\/wp-json\/wp\/v2\/media\/13735"}],"wp:attachment":[{"href":"https:\/\/www.journee-mondiale.com\/es\/wp-json\/wp\/v2\/media?parent=13736"}],"wp:term":[{"taxonomy":"category","embeddable":true,"href":"https:\/\/www.journee-mondiale.com\/es\/wp-json\/wp\/v2\/categories?post=13736"},{"taxonomy":"post_tag","embeddable":true,"href":"https:\/\/www.journee-mondiale.com\/es\/wp-json\/wp\/v2\/tags?post=13736"}],"curies":[{"name":"wp","href":"https:\/\/api.w.org\/{rel}","templated":true}]}}