{"id":13730,"date":"2025-05-31T13:04:54","date_gmt":"2025-05-31T11:04:54","guid":{"rendered":"https:\/\/www.journee-mondiale.com\/es\/adopte-a-mi-perro-en-verano-los-3-cambios-sorprendentes-que-cambiaron-nuestras-vidas-bajo-el-sol-de-junio\/"},"modified":"2025-05-31T13:04:54","modified_gmt":"2025-05-31T11:04:54","slug":"adopte-a-mi-perro-en-verano-los-3-cambios-sorprendentes-que-cambiaron-nuestras-vidas-bajo-el-sol-de-junio","status":"publish","type":"post","link":"https:\/\/www.journee-mondiale.com\/es\/adopte-a-mi-perro-en-verano-los-3-cambios-sorprendentes-que-cambiaron-nuestras-vidas-bajo-el-sol-de-junio\/","title":{"rendered":"Adopt\u00e9 a mi perro en verano: los 3 cambios sorprendentes que cambiaron nuestras vidas bajo el sol de junio"},"content":{"rendered":"<p>La llegada del verano es el momento ideal para darle un hogar a un nuevo miembro peludo. Con m\u00e1s de <strong>250.000 perros abandonados cada a\u00f1o en Espa\u00f1a<\/strong>, la adopci\u00f3n responsable no solo cambia la vida de un animal, sino tambi\u00e9n la tuya. Este mes de junio, te gu\u00edo paso a paso para que la llegada de tu compa\u00f1ero canino sea tan c\u00e1lida como el sol estival.<\/p>\n<h2>Por qu\u00e9 la adopci\u00f3n es la mejor opci\u00f3n este verano 2025<\/h2>\n<p>La adopci\u00f3n responsable es un acto de amor que salva vidas. \u00abEn verano vemos un incremento del 30% en abandonos debido a las vacaciones, justo cuando las familias tienen m\u00e1s tiempo para adaptarse a un nuevo perro\u00bb, se\u00f1ala <strong>Elena Rodr\u00edguez, directora de la Protectora Huellitas de Madrid<\/strong>. Las largas tardes de junio y julio ofrecen horas extra de luz para paseos, juegos y ese v\u00ednculo inicial tan crucial.<\/p>\n<h2>Encuentra a tu compa\u00f1ero ideal: m\u00e1s all\u00e1 del amor a primera vista<\/h2>\n<p>La compatibilidad entre tu estilo de vida y las necesidades del perro es fundamental para una <a href=\"https:\/\/www.journee-mondiale.com\/es\/mi-cambio-radical-con-capas-como-el-78-de-mujeres-elige-mal-su-corte-para-primavera-lo-que-mi-estilista-me-confeso-sobre-rostros-redondos\/\" target=\"_blank\">adopci\u00f3n responsable<\/a>. Antes de visitar el refugio, preg\u00fantate:<\/p>\n<ul>\n<li>\u00bfDispongo de tiempo para paseos diarios, incluso cuando termine el verano?<\/li>\n<li>\u00bfMi hogar y estilo de vida se adaptan a un perro grande, mediano o peque\u00f1o?<\/li>\n<li>\u00bfPuedo asumir los gastos veterinarios y de alimentaci\u00f3n durante 10-15 a\u00f1os?<\/li>\n<\/ul>\n<h2>Transforma tu hogar en un para\u00edso canino seguro<\/h2>\n<p>El <strong>acondicionamiento de tu vivienda<\/strong> debe realizarse antes de la llegada del perro. \u00abComo el cuarto de un beb\u00e9, el espacio para tu perro debe estar listo desde el primer d\u00eda\u00bb, explica el <strong>Dr. Mart\u00edn S\u00e1nchez, veterinario especialista en etolog\u00eda<\/strong>. La <a href=\"https:\/\/www.journee-mondiale.com\/es\/la-revolucion-de-texturas-para-mi-hogar-esta-primavera-asi-combine-madera-oscura-y-metal-dorado-por-menos-de-200e\/\" target=\"_blank\">preparaci\u00f3n del hogar<\/a> incluye eliminar plantas t\u00f3xicas y cables accesibles, especialmente importantes durante las tormentas veraniegas que pueden asustar a tu nuevo amigo.<\/p>\n<h2>El kit de bienvenida: lo esencial para los primeros d\u00edas<\/h2>\n<p>Los primeros d\u00edas son como navegar un barco en aguas desconocidas: necesitas el equipamiento adecuado. Los <a href=\"https:\/\/www.journee-mondiale.com\/es\/use-esta-marinada-para-carnes-y-note-un-40-mas-de-jugosidad-mi-secreto-esta-en-el-tiempo\/\" target=\"_blank\">productos esenciales<\/a> incluyen:<\/p>\n<ul>\n<li>Comedero y bebedero elevados para mayor comodidad<\/li>\n<li>Cama fresca y transpirable (ideal para el calor veraniego)<\/li>\n<li>Juguetes resistentes al agua para diversi\u00f3n en el jard\u00edn<\/li>\n<li>Protector solar espec\u00edfico para perros si planeas actividades al aire libre<\/li>\n<\/ul>\n<h2>La adaptaci\u00f3n: paciencia bajo el sol de junio<\/h2>\n<p>La adaptaci\u00f3n es como una delicada flor veraniega que necesita tiempo para florecer. El primer mes tras la adopci\u00f3n es crucial para establecer rutinas. Un perro rescatado puede mostrar <strong>comportamientos derivados del estr\u00e9s<\/strong> como micci\u00f3n inadecuada o nerviosismo. La <a href=\"https:\/\/www.journee-mondiale.com\/es\/la-transformacion-que-descubri-en-mi-piel-madura-estos-peel-pads-eliminaron-mis-arrugas-finas-en-solo-3-semanas-y-funcionan-mejor-en-verano\/\" target=\"_blank\">educaci\u00f3n canina profesional<\/a> desde el primer d\u00eda previene problemas futuros.<\/p>\n<h2>Cuida su salud desde el primer momento<\/h2>\n<p>El verano trae consigo riesgos espec\u00edficos como golpes de calor y parasitosis. \u00abLa primera visita veterinaria debe producirse en la primera semana tras la adopci\u00f3n, independientemente de que el perro venga con revisiones previas\u00bb, recomienda la <strong>Dra. Laura Torres, veterinaria especializada en medicina preventiva<\/strong>. Esta visita establecer\u00e1 las bases del <a href=\"https:\/\/www.journee-mondiale.com\/es\/la-batalla-generacional-que-divide-los-gimnasios-por-que-la-gen-z-rechaza-nuestra-ropa-ajustada-y-que-dice-esto-sobre-nosotros\/\" target=\"_blank\">bienestar animal<\/a> a largo plazo.<\/p>\n<h2>\u00bfEs posible cambiar una vida con una adopci\u00f3n?<\/h2>\n<p>Absolutamente. Carmen L\u00f3pez, quien adopt\u00f3 a Lola hace tres veranos, lo describe perfectamente: \u00abAdoptar a mi perra no solo la salv\u00f3 a ella del calor asfixiante de la perrera; tambi\u00e9n me salv\u00f3 a m\u00ed de la soledad. Nuestros paseos al atardecer se han convertido en el momento m\u00e1s especial del d\u00eda\u00bb. Este verano 2025, t\u00fa tambi\u00e9n puedes ser parte de esta maravillosa experiencia de transformaci\u00f3n mutua.<\/p>\n","protected":false},"excerpt":{"rendered":"<p>La llegada del verano es el momento ideal para darle un hogar a un nuevo miembro peludo. Con m\u00e1s de 250.000 perros abandonados cada a\u00f1o en Espa\u00f1a, la adopci\u00f3n responsable no solo cambia la vida de un animal, sino tambi\u00e9n la tuya. Este mes de junio, te gu\u00edo paso a paso para que la llegada &#8230; <a title=\"Adopt\u00e9 a mi perro en verano: los 3 cambios sorprendentes que cambiaron nuestras vidas bajo el sol de junio\" class=\"read-more\" href=\"https:\/\/www.journee-mondiale.com\/es\/adopte-a-mi-perro-en-verano-los-3-cambios-sorprendentes-que-cambiaron-nuestras-vidas-bajo-el-sol-de-junio\/\" aria-label=\"Leer m\u00e1s sobre Adopt\u00e9 a mi perro en verano: los 3 cambios sorprendentes que cambiaron nuestras vidas bajo el sol de junio\">Lire plus<\/a><\/p>\n","protected":false},"author":1,"featured_media":13729,"comment_status":"","ping_status":"","sticky":false,"template":"","format":"standard","meta":{"footnotes":""},"categories":[48],"tags":[],"class_list":["post-13730","post","type-post","status-publish","format-standard","has-post-thumbnail","hentry","category-estilo-de-vida"],"acf":[],"_yoast_wpseo_primary_category":null,"_yoast_wpseo_title":null,"_yoast_wpseo_metadesc":null,"_links":{"self":[{"href":"https:\/\/www.journee-mondiale.com\/es\/wp-json\/wp\/v2\/posts\/13730","targetHints":{"allow":["GET"]}}],"collection":[{"href":"https:\/\/www.journee-mondiale.com\/es\/wp-json\/wp\/v2\/posts"}],"about":[{"href":"https:\/\/www.journee-mondiale.com\/es\/wp-json\/wp\/v2\/types\/post"}],"author":[{"embeddable":true,"href":"https:\/\/www.journee-mondiale.com\/es\/wp-json\/wp\/v2\/users\/1"}],"replies":[{"embeddable":true,"href":"https:\/\/www.journee-mondiale.com\/es\/wp-json\/wp\/v2\/comments?post=13730"}],"version-history":[{"count":0,"href":"https:\/\/www.journee-mondiale.com\/es\/wp-json\/wp\/v2\/posts\/13730\/revisions"}],"wp:featuredmedia":[{"embeddable":true,"href":"https:\/\/www.journee-mondiale.com\/es\/wp-json\/wp\/v2\/media\/13729"}],"wp:attachment":[{"href":"https:\/\/www.journee-mondiale.com\/es\/wp-json\/wp\/v2\/media?parent=13730"}],"wp:term":[{"taxonomy":"category","embeddable":true,"href":"https:\/\/www.journee-mondiale.com\/es\/wp-json\/wp\/v2\/categories?post=13730"},{"taxonomy":"post_tag","embeddable":true,"href":"https:\/\/www.journee-mondiale.com\/es\/wp-json\/wp\/v2\/tags?post=13730"}],"curies":[{"name":"wp","href":"https:\/\/api.w.org\/{rel}","templated":true}]}}