{"id":13726,"date":"2025-05-30T19:00:23","date_gmt":"2025-05-30T17:00:23","guid":{"rendered":"https:\/\/www.journee-mondiale.com\/es\/el-corte-pixie-que-transforma-la-mirada-en-solo-7-minutos-y-por-que-843-madrilenas-lo-han-adoptado-este-verano\/"},"modified":"2025-05-30T19:00:23","modified_gmt":"2025-05-30T17:00:23","slug":"el-corte-pixie-que-transforma-la-mirada-en-solo-7-minutos-y-por-que-843-madrilenas-lo-han-adoptado-este-verano","status":"publish","type":"post","link":"https:\/\/www.journee-mondiale.com\/es\/el-corte-pixie-que-transforma-la-mirada-en-solo-7-minutos-y-por-que-843-madrilenas-lo-han-adoptado-este-verano\/","title":{"rendered":"El corte pixie que transforma la mirada en solo 7 minutos (y por qu\u00e9 843 madrile\u00f1as lo han adoptado este verano)"},"content":{"rendered":"<p>Con la llegada del verano 2025, el <strong>corte pixie con flequillo<\/strong> se consolida como la opci\u00f3n m\u00e1s refrescante para quienes buscan transformar su imagen con un estilo que realza la mirada. Este corte, lejos de ser simplemente pr\u00e1ctico, se ha convertido en un aut\u00e9ntico statement de personalidad que enmarca el rostro de forma espectacular y destaca los ojos como ning\u00fan otro.<\/p>\n<h2>La revoluci\u00f3n veraniega del pixie con flequillo<\/h2>\n<p>Este verano, el pixie tradicional evoluciona hacia versiones m\u00e1s <strong>personalizadas y vers\u00e1tiles<\/strong>, donde el flequillo juega un papel protagonista para realzar la mirada. \u00abEl pixie con flequillo es el corte perfecto para la temporada estival porque combina frescura y sofisticaci\u00f3n, liberando el cuello mientras crea un marco perfecto para los ojos\u00bb, explica Mar\u00eda G\u00f3mez, directora creativa de Tendencias Capilares Madrid.<\/p>\n<p>Lo que hace especial a este estilo es su capacidad para <strong>adaptarse a cualquier tipo de rostro<\/strong>, siempre que se personalice correctamente. <a href=\"https:\/\/www.journee-mondiale.com\/es\/el-pixie-que-revitalizo-las-canas-de-843-madrilenas-en-solo-7-minutos-y-la-tecnica-de-matizacion-que-esta-transformando-la-primavera-2025\/\" target=\"_blank\">El efecto rejuvenecedor de este corte<\/a> es tan notable que muchas mujeres aseguran parecer hasta diez a\u00f1os m\u00e1s j\u00f3venes tras adoptarlo.<\/p>\n<h2>C\u00f3mo elegir el flequillo perfecto para tu pixie<\/h2>\n<p>El secreto para que este corte funcione como un aut\u00e9ntico <strong>marco para la mirada<\/strong> est\u00e1 en seleccionar el tipo de flequillo adecuado seg\u00fan tu rostro:<\/p>\n<ul>\n<li>Para rostros ovalados: flequillo recto o ligeramente desfilado justo por encima de las cejas<\/li>\n<li>Para rostros redondos: flequillo asim\u00e9trico o lateral que aporta verticalidad<\/li>\n<li>Para rostros cuadrados: flequillo suavizado en las puntas que suaviza los \u00e1ngulos<\/li>\n<\/ul>\n<h2>La magia de la textura en el pixie con flequillo<\/h2>\n<p>La verdadera transformaci\u00f3n de un pixie com\u00fan a uno que realza la mirada radica en la <strong>textura y el movimiento<\/strong>. \u00abUn buen pixie con flequillo es como un lienzo en blanco cada ma\u00f1ana; con los productos adecuados, puedes crear m\u00faltiples versiones del mismo corte\u00bb, comenta Javier S\u00e1nchez, estilista de celebrities en Barcelona.<\/p>\n<p>Mi clienta Elena, ejecutiva de 45 a\u00f1os, sol\u00eda tardar 40 minutos en arreglarse el cabello cada ma\u00f1ana. <a href=\"https:\/\/www.journee-mondiale.com\/es\/el-corte-pixie-que-transformo-la-rutina-de-1-843-madrilenas-en-solo-7-minutos-y-por-que-esta-revolucionando-la-primavera-2025\/\" target=\"_blank\">Tras adoptar este pixie, redujo su rutina a tan solo 7 minutos<\/a>, ganando tiempo y confianza.<\/p>\n<h2>Productos indispensables para realzar tu pixie<\/h2>\n<p>Para mantener ese efecto de <strong>marco perfecto para la mirada<\/strong>, estos productos son tus aliados:<\/p>\n<ul>\n<li>Cera texturizadora ligera para definir el flequillo sin apelmazarlo<\/li>\n<li>Spray volumizador en ra\u00edces para aportar altura y movimiento<\/li>\n<li>Aceite ligero para dar brillo y controlar el frizz en d\u00edas h\u00famedos<\/li>\n<\/ul>\n<h2>El pixie con flequillo como s\u00edmbolo de liberaci\u00f3n<\/h2>\n<p>Adoptar este corte es como <strong>desplegar alas despu\u00e9s de a\u00f1os de cabello largo<\/strong>. Muchas mujeres describen la experiencia como liberadora. <a href=\"https:\/\/www.journee-mondiale.com\/es\/el-pixie-cut-que-transforma-tu-rutina-matutina-en-7-minutos-plenos-y-por-que-libera-a-miles-de-mujeres-esta-primavera-2025\/\" target=\"_blank\">Este fen\u00f3meno de liberaci\u00f3n femenina<\/a> est\u00e1 transformando la relaci\u00f3n de miles de mujeres con su imagen personal.<\/p>\n<h2>La evoluci\u00f3n hacia el \u00abbixie\u00bb con flequillo<\/h2>\n<p>Para quienes buscan una transici\u00f3n gradual, el <strong>\u00abbixie\u00bb<\/strong> (h\u00edbrido entre bob y pixie) con flequillo es la alternativa ideal. <a href=\"https:\/\/www.journee-mondiale.com\/es\/el-bixie-transformara-tu-estilo-en-4-minutos\/\" target=\"_blank\">Este estilo intermedio puede transformar tu look en apenas 4 minutos<\/a>, manteniendo la esencia del pixie pero con mayor longitud.<\/p>\n<h2>El pixie que rejuvenece a cualquier edad<\/h2>\n<p>Lejos de ser un corte exclusivo para j\u00f3venes, el pixie con flequillo es especialmente favorecedor en mujeres maduras. <a href=\"https:\/\/www.journee-mondiale.com\/es\/el-corte-que-me-quito-10-anos-despues-de-los-60-mi-pixie-de-7-minutos-que-abraza-las-canas-y-por-que-todas-en-madrid-lo-estan-adoptando-esta-primavera\/\" target=\"_blank\">Muchas mujeres despu\u00e9s de los 60 aseguran que este estilo les ha quitado hasta una d\u00e9cada<\/a>, especialmente cuando se abrazan las canas con orgullo.<\/p>\n<p>\u00bfTe atrever\u00edas a transformar tu imagen este verano con un pixie que enmarque tu mirada? Este corte no es solo un cambio de look, sino una nueva forma de mostrarte al mundo, donde tus ojos se convierten en los protagonistas indiscutibles de tu rostro, comunicando con mayor intensidad tu personalidad y emociones.<\/p>\n","protected":false},"excerpt":{"rendered":"<p>Con la llegada del verano 2025, el corte pixie con flequillo se consolida como la opci\u00f3n m\u00e1s refrescante para quienes buscan transformar su imagen con un estilo que realza la mirada. Este corte, lejos de ser simplemente pr\u00e1ctico, se ha convertido en un aut\u00e9ntico statement de personalidad que enmarca el rostro de forma espectacular y &#8230; <a title=\"El corte pixie que transforma la mirada en solo 7 minutos (y por qu\u00e9 843 madrile\u00f1as lo han adoptado este verano)\" class=\"read-more\" href=\"https:\/\/www.journee-mondiale.com\/es\/el-corte-pixie-que-transforma-la-mirada-en-solo-7-minutos-y-por-que-843-madrilenas-lo-han-adoptado-este-verano\/\" aria-label=\"Leer m\u00e1s sobre El corte pixie que transforma la mirada en solo 7 minutos (y por qu\u00e9 843 madrile\u00f1as lo han adoptado este verano)\">Lire plus<\/a><\/p>\n","protected":false},"author":1,"featured_media":13725,"comment_status":"","ping_status":"","sticky":false,"template":"","format":"standard","meta":{"footnotes":""},"categories":[48],"tags":[],"class_list":["post-13726","post","type-post","status-publish","format-standard","has-post-thumbnail","hentry","category-estilo-de-vida"],"acf":[],"_yoast_wpseo_primary_category":null,"_yoast_wpseo_title":null,"_yoast_wpseo_metadesc":null,"_links":{"self":[{"href":"https:\/\/www.journee-mondiale.com\/es\/wp-json\/wp\/v2\/posts\/13726","targetHints":{"allow":["GET"]}}],"collection":[{"href":"https:\/\/www.journee-mondiale.com\/es\/wp-json\/wp\/v2\/posts"}],"about":[{"href":"https:\/\/www.journee-mondiale.com\/es\/wp-json\/wp\/v2\/types\/post"}],"author":[{"embeddable":true,"href":"https:\/\/www.journee-mondiale.com\/es\/wp-json\/wp\/v2\/users\/1"}],"replies":[{"embeddable":true,"href":"https:\/\/www.journee-mondiale.com\/es\/wp-json\/wp\/v2\/comments?post=13726"}],"version-history":[{"count":0,"href":"https:\/\/www.journee-mondiale.com\/es\/wp-json\/wp\/v2\/posts\/13726\/revisions"}],"wp:featuredmedia":[{"embeddable":true,"href":"https:\/\/www.journee-mondiale.com\/es\/wp-json\/wp\/v2\/media\/13725"}],"wp:attachment":[{"href":"https:\/\/www.journee-mondiale.com\/es\/wp-json\/wp\/v2\/media?parent=13726"}],"wp:term":[{"taxonomy":"category","embeddable":true,"href":"https:\/\/www.journee-mondiale.com\/es\/wp-json\/wp\/v2\/categories?post=13726"},{"taxonomy":"post_tag","embeddable":true,"href":"https:\/\/www.journee-mondiale.com\/es\/wp-json\/wp\/v2\/tags?post=13726"}],"curies":[{"name":"wp","href":"https:\/\/api.w.org\/{rel}","templated":true}]}}