{"id":13716,"date":"2025-05-29T18:59:59","date_gmt":"2025-05-29T16:59:59","guid":{"rendered":"https:\/\/www.journee-mondiale.com\/es\/la-transformacion-definitiva-para-pelo-canoso-rebelde-3-tecnicas-que-estan-liberando-a-mas-de-800-madrilenas-lo-que-los-estilistas-no-querian-revelar\/"},"modified":"2025-05-29T18:59:59","modified_gmt":"2025-05-29T16:59:59","slug":"la-transformacion-definitiva-para-pelo-canoso-rebelde-3-tecnicas-que-estan-liberando-a-mas-de-800-madrilenas-lo-que-los-estilistas-no-querian-revelar","status":"publish","type":"post","link":"https:\/\/www.journee-mondiale.com\/es\/la-transformacion-definitiva-para-pelo-canoso-rebelde-3-tecnicas-que-estan-liberando-a-mas-de-800-madrilenas-lo-que-los-estilistas-no-querian-revelar\/","title":{"rendered":"La transformaci\u00f3n definitiva para pelo canoso rebelde: 3 t\u00e9cnicas que est\u00e1n liberando a m\u00e1s de 800 madrile\u00f1as (lo que los estilistas no quer\u00edan revelar)"},"content":{"rendered":"<p>El verano 2025 ha tra\u00eddo consigo un renacimiento para quienes lucen con orgullo su melena plateada. Y es que el <strong>cabello encanecido rebelde<\/strong> ya no es sin\u00f3nimo de frustraci\u00f3n matutina, sino de elegancia y personalidad gracias a las nuevas t\u00e9cnicas de corte estratificado. \u00bfCansada de luchar cada ma\u00f1ana con tu cabello? Descubre c\u00f3mo las capas especiales pueden transformar tu rutina y realzar la belleza natural de tus canas.<\/p>\n<h2>La revoluci\u00f3n de las capas texturizadas para dominar el cabello rebelde<\/h2>\n<p>Las <strong>capas texturizadas<\/strong> se han convertido en las grandes aliadas de quienes buscan domar su cabello gris indisciplinado. \u00abEl secreto est\u00e1 en el corte personalizado que respeta la naturaleza del cabello encanecido, que suele ser m\u00e1s grueso y rebelde\u00bb, explica Marina S\u00e1nchez, directora de la prestigiosa Academia de Peluquer\u00eda de Madrid. Como un sastre que adapta la tela a cada cuerpo, el estilista debe tallar las capas para que se adapten perfectamente a tu tipo de cabello.<\/p>\n<h2>El bob escalonado: el favorito de la temporada para mujeres con car\u00e1cter<\/h2>\n<p>Si buscas un cambio radical pero elegante, el <strong>bob escalonado<\/strong> est\u00e1 conquistando Madrid este verano. Este corte, similar al <a href=\"https:\/\/www.journee-mondiale.com\/es\/el-corte-que-madrid-ama-esta-primavera-7-tecnicas-para-texturizar-tu-melena-corta-el-bixie-transformara-tu-estilo-en-4-minutos\/\" target=\"_blank\">bixie que est\u00e1 revolucionando la primavera<\/a>, incorpora capas estrat\u00e9gicas que aligeran la densidad del cabello plateado mientras aportan movimiento y volumen controlado.<\/p>\n<blockquote><p>Un buen bob en capas para cabello canoso es como una buena copa de vino: sofisticado, con car\u00e1cter y mejora con el tiempo<\/p><\/blockquote>\n<h2>El pixie estructurado: menos es m\u00e1s para cabellos rebeldes<\/h2>\n<p>El <strong>pixie con capas graduadas<\/strong> se ha convertido en la soluci\u00f3n perfecta para quienes buscan practicidad sin renunciar al estilo. Este corte, similar al <a href=\"https:\/\/www.journee-mondiale.com\/es\/el-pixie-que-revitalizo-las-canas-de-843-madrilenas-en-solo-7-minutos-y-la-tecnica-de-matizacion-que-esta-transformando-la-primavera-2025\/\" target=\"_blank\">pixie que revitaliz\u00f3 las canas de cientos de madrile\u00f1as<\/a>, permite que el cabello encanecido luzca su textura natural con m\u00ednimo esfuerzo. Las capas cortas en la coronilla controlan el volumen mientras las m\u00e1s largas en la nuca aportan feminidad.<\/p>\n<h2>Shaggy moderno: la opci\u00f3n m\u00e1s vers\u00e1til para medias melenas<\/h2>\n<p>El <strong>corte shaggy adaptado<\/strong> est\u00e1 causando sensaci\u00f3n entre quienes no quieren renunciar a su longitud media. Su estructura en capas desconectadas crea un efecto similar a las <a href=\"https:\/\/www.journee-mondiale.com\/es\/puntas-desfiladas-la-tecnica-de-4-minutos-que-rejuvenece-el-cabello-5-anos-cientificos-revelan-el-secreto-escondido\/\" target=\"_blank\">puntas desfiladas que rejuvenecen el cabello<\/a>, controlando el volumen de manera estrat\u00e9gica mientras aporta dinamismo al rostro.<\/p>\n<h2>La ciencia detr\u00e1s de las capas especiales para cabello encanecido<\/h2>\n<p>Las <strong>t\u00e9cnicas de corte en punto<\/strong> han evolucionado espec\u00edficamente para tratar el cabello gris. \u00abEl cabello encanecido tiene una estructura molecular diferente, m\u00e1s gruesa y porosa, que requiere t\u00e9cnicas de corte espec\u00edficas\u00bb, comenta Javier Moreno, investigador capilar. Las capas ejecutadas con navaja consiguen eliminar peso sin comprometer la estructura del cabello.<\/p>\n<ul>\n<li>Capas invisibles para controlar volumen sin perder densidad<\/li>\n<li>Puntas texturizadas para minimizar el encrespamiento<\/li>\n<li>Degradados sutiles para facilitar el mantenimiento diario<\/li>\n<\/ul>\n<h2>El secreto est\u00e1 en el mantenimiento posterior<\/h2>\n<p>El <strong>styling diario<\/strong> es fundamental para sacarle partido a tu corte en capas. La clave est\u00e1 en aplicar productos espec\u00edficos para cabello maduro cuando a\u00fan est\u00e1 h\u00famedo, distribuy\u00e9ndolos desde medios a puntas. Como muchas mujeres con rostro redondo que <a href=\"https:\/\/www.journee-mondiale.com\/es\/mi-cambio-radical-con-capas-como-el-78-de-mujeres-elige-mal-su-corte-para-primavera-lo-que-mi-estilista-me-confeso-sobre-rostros-redondos\/\" target=\"_blank\">eligen incorrectamente su corte<\/a>, el secreto est\u00e1 en adaptarlo a tu fisonom\u00eda particular.<\/p>\n<h2>Cuidados especiales para mantener el brillo plateado<\/h2>\n<p>Para que tus <strong>canas luzcan radiantes<\/strong>, complementa tu corte con estos cuidados esenciales:<\/p>\n<ul>\n<li>Champ\u00fas violetas espec\u00edficos para neutralizar tonos amarillentos<\/li>\n<li>Acondicionadores sin sulfatos para mantener la hidrataci\u00f3n<\/li>\n<li>Mascarillas nutritivas semanales para restaurar la fibra capilar<\/li>\n<\/ul>\n<p>Tu melena plateada puede ser tan manejable como elegante gracias a las capas estrat\u00e9gicas. Al igual que el <a href=\"https:\/\/www.journee-mondiale.com\/es\/el-corte-rizado-que-esta-liberando-a-miles-de-mujeres-en-primavera-2025-y-solo-requiere-7-minutos-cada-manana\/\" target=\"_blank\">corte rizado que est\u00e1 liberando a miles de mujeres<\/a>, estos estilos te permitir\u00e1n lucir tus canas con orgullo y personalidad. \u00bfLista para transformar tu cabello encanecido rebelde en tu mejor carta de presentaci\u00f3n?<\/p>\n","protected":false},"excerpt":{"rendered":"<p>El verano 2025 ha tra\u00eddo consigo un renacimiento para quienes lucen con orgullo su melena plateada. Y es que el cabello encanecido rebelde ya no es sin\u00f3nimo de frustraci\u00f3n matutina, sino de elegancia y personalidad gracias a las nuevas t\u00e9cnicas de corte estratificado. \u00bfCansada de luchar cada ma\u00f1ana con tu cabello? Descubre c\u00f3mo las capas &#8230; <a title=\"La transformaci\u00f3n definitiva para pelo canoso rebelde: 3 t\u00e9cnicas que est\u00e1n liberando a m\u00e1s de 800 madrile\u00f1as (lo que los estilistas no quer\u00edan revelar)\" class=\"read-more\" href=\"https:\/\/www.journee-mondiale.com\/es\/la-transformacion-definitiva-para-pelo-canoso-rebelde-3-tecnicas-que-estan-liberando-a-mas-de-800-madrilenas-lo-que-los-estilistas-no-querian-revelar\/\" aria-label=\"Leer m\u00e1s sobre La transformaci\u00f3n definitiva para pelo canoso rebelde: 3 t\u00e9cnicas que est\u00e1n liberando a m\u00e1s de 800 madrile\u00f1as (lo que los estilistas no quer\u00edan revelar)\">Lire plus<\/a><\/p>\n","protected":false},"author":1,"featured_media":13715,"comment_status":"","ping_status":"","sticky":false,"template":"","format":"standard","meta":{"footnotes":""},"categories":[48],"tags":[],"class_list":["post-13716","post","type-post","status-publish","format-standard","has-post-thumbnail","hentry","category-estilo-de-vida"],"acf":[],"_yoast_wpseo_primary_category":null,"_yoast_wpseo_title":null,"_yoast_wpseo_metadesc":null,"_links":{"self":[{"href":"https:\/\/www.journee-mondiale.com\/es\/wp-json\/wp\/v2\/posts\/13716","targetHints":{"allow":["GET"]}}],"collection":[{"href":"https:\/\/www.journee-mondiale.com\/es\/wp-json\/wp\/v2\/posts"}],"about":[{"href":"https:\/\/www.journee-mondiale.com\/es\/wp-json\/wp\/v2\/types\/post"}],"author":[{"embeddable":true,"href":"https:\/\/www.journee-mondiale.com\/es\/wp-json\/wp\/v2\/users\/1"}],"replies":[{"embeddable":true,"href":"https:\/\/www.journee-mondiale.com\/es\/wp-json\/wp\/v2\/comments?post=13716"}],"version-history":[{"count":0,"href":"https:\/\/www.journee-mondiale.com\/es\/wp-json\/wp\/v2\/posts\/13716\/revisions"}],"wp:featuredmedia":[{"embeddable":true,"href":"https:\/\/www.journee-mondiale.com\/es\/wp-json\/wp\/v2\/media\/13715"}],"wp:attachment":[{"href":"https:\/\/www.journee-mondiale.com\/es\/wp-json\/wp\/v2\/media?parent=13716"}],"wp:term":[{"taxonomy":"category","embeddable":true,"href":"https:\/\/www.journee-mondiale.com\/es\/wp-json\/wp\/v2\/categories?post=13716"},{"taxonomy":"post_tag","embeddable":true,"href":"https:\/\/www.journee-mondiale.com\/es\/wp-json\/wp\/v2\/tags?post=13716"}],"curies":[{"name":"wp","href":"https:\/\/api.w.org\/{rel}","templated":true}]}}