{"id":13712,"date":"2025-05-29T17:05:47","date_gmt":"2025-05-29T15:05:47","guid":{"rendered":"https:\/\/www.journee-mondiale.com\/es\/transforme-mi-cuerpo-en-8-semanas-el-plan-de-ejercicios-que-redujo-mi-presion-arterial-de-145-95-a-120-80-y-alivio-mi-dolor-lumbar-un-40\/"},"modified":"2025-05-29T17:05:47","modified_gmt":"2025-05-29T15:05:47","slug":"transforme-mi-cuerpo-en-8-semanas-el-plan-de-ejercicios-que-redujo-mi-presion-arterial-de-145-95-a-120-80-y-alivio-mi-dolor-lumbar-un-40","status":"publish","type":"post","link":"https:\/\/www.journee-mondiale.com\/es\/transforme-mi-cuerpo-en-8-semanas-el-plan-de-ejercicios-que-redujo-mi-presion-arterial-de-145-95-a-120-80-y-alivio-mi-dolor-lumbar-un-40\/","title":{"rendered":"Transform\u00e9 mi cuerpo en 8 semanas: el plan de ejercicios que redujo mi presi\u00f3n arterial de 145\/95 a 120\/80 (y alivi\u00f3 mi dolor lumbar un 40%)"},"content":{"rendered":"<p>Descubramos los secretos de un <strong>plan de acondicionamiento f\u00edsico<\/strong> completo que transformar\u00e1 tu salud y vitalidad. \u00bfAlguna vez te has preguntado por qu\u00e9 algunas personas consiguen resultados extraordinarios mientras otras parecen estancarse? La respuesta est\u00e1 en la <strong>diversificaci\u00f3n de ejercicios<\/strong>, un concepto que pocos comprenden en su totalidad.<\/p>\n<h2>El poder transformador de los ejercicios aer\u00f3bicos<\/h2>\n<p>Los <strong>ejercicios cardiovasculares<\/strong> son la columna vertebral de cualquier programa efectivo. \u00abEl entrenamiento aer\u00f3bico de 150 minutos semanales reduce el riesgo de enfermedades card\u00edacas hasta en un 30%\u00bb, afirma la Dra. Elena Mart\u00ednez, cardi\u00f3loga del Hospital Universitario La Paz. Actividades como correr, nadar o ciclismo no solo queman calor\u00edas, sino que oxigenan cada c\u00e9lula de tu cuerpo.<\/p>\n<p>Una paciente de 42 a\u00f1os logr\u00f3 reducir su presi\u00f3n arterial de 145\/95 a 120\/80 en solo ocho semanas incorporando 30 minutos diarios de <a href=\"https:\/\/www.journee-mondiale.com\/es\/mantuve-mi-motivacion-fitness-por-6-meses-cuando-todos-abandonan-al-mes-el-secreto-estaba-en-mis-rituales\/\" target=\"_blank\">caminata a paso r\u00e1pido<\/a>, demostrando que la constancia supera a la intensidad.<\/p>\n<h2>Entrenamiento de fuerza: construyendo un cuerpo resistente<\/h2>\n<p>Tu cuerpo es como una casa: sin <strong>columnas fuertes<\/strong>, toda la estructura se debilita con el tiempo. El entrenamiento con pesas o resistencia no solo esculpe m\u00fasculos, sino que crea una arquitectura corporal resiliente.<\/p>\n<p>Seg\u00fan el Dr. Carlos Romero, fisi\u00f3logo deportivo, \u00abincorporar dos sesiones semanales de entrenamiento de fuerza puede aumentar el <strong>metabolismo basal<\/strong> hasta un 15%, facilitando el control de peso incluso en reposo\u00bb. Las sentadillas, flexiones y peso muerto son ejercicios fundamentales que deber\u00edan estar en toda rutina.<\/p>\n<h2>Flexibilidad y movilidad: la clave olvidada<\/h2>\n<p>Los <strong>ejercicios de estiramiento<\/strong> son como el aceite para un motor: sin ellos, eventualmente todo se atasca. Un estudio reciente demostr\u00f3 que <a href=\"https:\/\/www.journee-mondiale.com\/es\/5-minutos-de-flexibilidad-transformaron-mis-articulaciones-y-eliminaron-mi-dolor-lumbar-un-40\/\" target=\"_blank\">dedicar apenas 5 minutos diarios a la flexibilidad<\/a> puede reducir el dolor lumbar hasta un 40%.<\/p>\n<ul>\n<li>Estiramientos din\u00e1micos antes del ejercicio<\/li>\n<li>Estiramientos est\u00e1ticos despu\u00e9s de entrenar<\/li>\n<li>T\u00e9cnicas de respiraci\u00f3n profunda durante los estiramientos<\/li>\n<\/ul>\n<h2>Entrenamiento funcional: preparando el cuerpo para la vida real<\/h2>\n<p>Los <strong>movimientos funcionales<\/strong> simulan acciones cotidianas, fortaleciendo los m\u00fasculos de forma integrada. \u00abEl cerebro no entiende de m\u00fasculos aislados, sino de patrones de movimiento\u00bb, explica la fisioterapeuta Marta S\u00e1nchez.<\/p>\n<p>Despu\u00e9s de incorporar ejercicios funcionales durante tres meses, un oficinista de 38 a\u00f1os elimin\u00f3 completamente sus dolores cervicales cr\u00f3nicos, algo que a\u00f1os de tratamientos convencionales no hab\u00edan conseguido.<\/p>\n<h2>Recuperaci\u00f3n activa: el componente invisible del \u00e9xito<\/h2>\n<p>La <strong>recuperaci\u00f3n<\/strong> no es simplemente descansar, sino permitir que el cuerpo se repare estrat\u00e9gicamente. Despu\u00e9s de sesiones intensas, considera estas t\u00e9cnicas probadas:<\/p>\n<ul>\n<li>Caminatas suaves de 15-20 minutos<\/li>\n<li>Hidrataci\u00f3n abundante con electrolitos<\/li>\n<li>Consumo de <a href=\"https:\/\/www.journee-mondiale.com\/es\/los-7-batidos-post-entrenamiento-que-redujeron-mi-tiempo-de-recuperacion-muscular-un-25-lo-que-descubri-en-la-ventana-anabolica-cambiara-tu-rutina\/\" target=\"_blank\">batidos post-entrenamiento<\/a> en la ventana anab\u00f3lica<\/li>\n<\/ul>\n<h2>Ejercicios de equilibrio: prevenir antes que curar<\/h2>\n<p>El <strong>entrenamiento de equilibrio<\/strong> act\u00faa como un seguro de vida contra lesiones futuras. Pacientes con artritis han reportado mejoras sustanciales en su movilidad tras incorporar <a href=\"https:\/\/www.journee-mondiale.com\/es\/recupere-mi-movilidad-tras-la-artrosis-8-semanas-de-ejercicios-con-bandas-elasticas-que-fortalecieron-mis-rodillas-un-23\/\" target=\"_blank\">ejercicios con bandas el\u00e1sticas<\/a> que fortalecen articulaciones vulnerables.<\/p>\n<h2>El secreto para aliviar la fatiga muscular<\/h2>\n<p>Tras entrenamientos intensos, la <strong>fatiga muscular<\/strong> puede desalentar a cualquiera. Implementar <a href=\"https:\/\/www.journee-mondiale.com\/es\/7-tecnicas-que-aliviaron-mi-fatiga-muscular-en-24-horas-sin-gastar-un-euro\/\" target=\"_blank\">t\u00e9cnicas espec\u00edficas de recuperaci\u00f3n<\/a> puede marcar la diferencia entre abandonar o perseverar en tu camino hacia una mejor condici\u00f3n f\u00edsica.<\/p>\n<p>\u00bfSer\u00e1 este el momento de revolucionar tu acondicionamiento f\u00edsico? Tu cuerpo es una m\u00e1quina perfecta dise\u00f1ada para el movimiento diverso. Al incorporar estos diferentes tipos de ejercicios, no solo mejorar\u00e1s tu rendimiento f\u00edsico, sino que construir\u00e1s una fortaleza interior que se manifestar\u00e1 en cada aspecto de tu vida. El verdadero acondicionamiento f\u00edsico no es solo transformar tu cuerpo, sino tambi\u00e9n tu mente y esp\u00edritu.<\/p>\n","protected":false},"excerpt":{"rendered":"<p>Descubramos los secretos de un plan de acondicionamiento f\u00edsico completo que transformar\u00e1 tu salud y vitalidad. \u00bfAlguna vez te has preguntado por qu\u00e9 algunas personas consiguen resultados extraordinarios mientras otras parecen estancarse? La respuesta est\u00e1 en la diversificaci\u00f3n de ejercicios, un concepto que pocos comprenden en su totalidad. El poder transformador de los ejercicios aer\u00f3bicos &#8230; <a title=\"Transform\u00e9 mi cuerpo en 8 semanas: el plan de ejercicios que redujo mi presi\u00f3n arterial de 145\/95 a 120\/80 (y alivi\u00f3 mi dolor lumbar un 40%)\" class=\"read-more\" href=\"https:\/\/www.journee-mondiale.com\/es\/transforme-mi-cuerpo-en-8-semanas-el-plan-de-ejercicios-que-redujo-mi-presion-arterial-de-145-95-a-120-80-y-alivio-mi-dolor-lumbar-un-40\/\" aria-label=\"Leer m\u00e1s sobre Transform\u00e9 mi cuerpo en 8 semanas: el plan de ejercicios que redujo mi presi\u00f3n arterial de 145\/95 a 120\/80 (y alivi\u00f3 mi dolor lumbar un 40%)\">Lire plus<\/a><\/p>\n","protected":false},"author":1,"featured_media":13711,"comment_status":"","ping_status":"","sticky":false,"template":"","format":"standard","meta":{"footnotes":""},"categories":[52],"tags":[],"class_list":["post-13712","post","type-post","status-publish","format-standard","has-post-thumbnail","hentry","category-salud"],"acf":[],"_yoast_wpseo_primary_category":null,"_yoast_wpseo_title":null,"_yoast_wpseo_metadesc":null,"_links":{"self":[{"href":"https:\/\/www.journee-mondiale.com\/es\/wp-json\/wp\/v2\/posts\/13712","targetHints":{"allow":["GET"]}}],"collection":[{"href":"https:\/\/www.journee-mondiale.com\/es\/wp-json\/wp\/v2\/posts"}],"about":[{"href":"https:\/\/www.journee-mondiale.com\/es\/wp-json\/wp\/v2\/types\/post"}],"author":[{"embeddable":true,"href":"https:\/\/www.journee-mondiale.com\/es\/wp-json\/wp\/v2\/users\/1"}],"replies":[{"embeddable":true,"href":"https:\/\/www.journee-mondiale.com\/es\/wp-json\/wp\/v2\/comments?post=13712"}],"version-history":[{"count":0,"href":"https:\/\/www.journee-mondiale.com\/es\/wp-json\/wp\/v2\/posts\/13712\/revisions"}],"wp:featuredmedia":[{"embeddable":true,"href":"https:\/\/www.journee-mondiale.com\/es\/wp-json\/wp\/v2\/media\/13711"}],"wp:attachment":[{"href":"https:\/\/www.journee-mondiale.com\/es\/wp-json\/wp\/v2\/media?parent=13712"}],"wp:term":[{"taxonomy":"category","embeddable":true,"href":"https:\/\/www.journee-mondiale.com\/es\/wp-json\/wp\/v2\/categories?post=13712"},{"taxonomy":"post_tag","embeddable":true,"href":"https:\/\/www.journee-mondiale.com\/es\/wp-json\/wp\/v2\/tags?post=13712"}],"curies":[{"name":"wp","href":"https:\/\/api.w.org\/{rel}","templated":true}]}}