{"id":13710,"date":"2025-05-29T13:05:28","date_gmt":"2025-05-29T11:05:28","guid":{"rendered":"https:\/\/www.journee-mondiale.com\/es\/probe-retinol-con-acido-hialuronico-y-mi-piel-se-transformo-en-28-dias-asi-aplicarlo-correctamente-para-verano\/"},"modified":"2025-05-29T13:05:28","modified_gmt":"2025-05-29T11:05:28","slug":"probe-retinol-con-acido-hialuronico-y-mi-piel-se-transformo-en-28-dias-asi-aplicarlo-correctamente-para-verano","status":"publish","type":"post","link":"https:\/\/www.journee-mondiale.com\/es\/probe-retinol-con-acido-hialuronico-y-mi-piel-se-transformo-en-28-dias-asi-aplicarlo-correctamente-para-verano\/","title":{"rendered":"Prob\u00e9 retinol con \u00e1cido hialur\u00f3nico y mi piel se transform\u00f3 en 28 d\u00edas (as\u00ed aplicarlo correctamente para verano)"},"content":{"rendered":"<p>El verano se acerca y es el momento perfecto para <strong>potenciar tus rutinas de belleza nocturnas<\/strong>. Mientras descansas, tu piel trabaja arduamente para regenerarse, y existe un d\u00fao din\u00e1mico que est\u00e1 revolucionando el cuidado facial: el retinol y el \u00e1cido hialur\u00f3nico. Esta combinaci\u00f3n estrat\u00e9gica promete transformar tu piel mientras duermes, especialmente beneficiosa ahora que nos preparamos para los meses m\u00e1s c\u00e1lidos.<\/p>\n<h2>El poder regenerador del retinol en noches de primavera<\/h2>\n<p>El <strong>retinol<\/strong>, derivado de la vitamina A, es reconocido como el ingrediente antiedad por excelencia. \u00abDurante la primavera y el verano, la piel necesita una regeneraci\u00f3n m\u00e1s intensa debido al estr\u00e9s oxidativo que sufre con la mayor exposici\u00f3n solar\u00bb, explica la Dra. Carmen V\u00e1zquez, dermat\u00f3loga del Instituto Dermatol\u00f3gico de Madrid. \u00abEl retinol acelera la renovaci\u00f3n celular y estimula la producci\u00f3n de col\u00e1geno justo cuando tu piel m\u00e1s lo necesita.\u00bb<\/p>\n<h2>\u00c1cido hialur\u00f3nico: el escudo hidratante perfecto para mayo<\/h2>\n<p>Con las temperaturas aumentando gradualmente en este final de mayo, nuestra piel demanda mayor hidrataci\u00f3n. El <strong>\u00e1cido hialur\u00f3nico<\/strong> retiene hasta 1000 veces su peso en agua, creando un efecto rellenador inmediato. \u00abEs como un oasis para la piel sedienta\u00bb, se\u00f1ala Lourdes Moreno, especialista en cuidado facial. \u00abLa combinaci\u00f3n de \u00e1cido hialur\u00f3nico y retinol es el d\u00fao perfecto para una piel luminosa, ya que permite una hidrataci\u00f3n profunda y una regeneraci\u00f3n \u00f3ptima sin resecar ni irritar\u00bb.<\/p>\n<h2>Protocolos de aplicaci\u00f3n: la ciencia detr\u00e1s del orden<\/h2>\n<p>El <strong>orden de aplicaci\u00f3n<\/strong> marca la diferencia entre buenos y extraordinarios resultados:<\/p>\n<ul>\n<li>Primero: limpiador suave sin fragancias<\/li>\n<li>Segundo: s\u00e9rum de \u00e1cido hialur\u00f3nico sobre piel h\u00fameda<\/li>\n<li>Tercero: retinol (comenzando con baja concentraci\u00f3n)<\/li>\n<li>Cuarto: crema hidratante selladora<\/li>\n<\/ul>\n<h2>La progresi\u00f3n inteligente: clave para pieles sensibles<\/h2>\n<p>He acompa\u00f1ado a Ana, 42 a\u00f1os, en su transici\u00f3n al retinol. Comenzamos con aplicaciones semanales, aumentando gradualmente la frecuencia. \u00abLa <strong>irritaci\u00f3n inicial<\/strong> me asust\u00f3, pero segu\u00ed el protocolo de alternancia. Despu\u00e9s de un mes, mi piel no solo lo toleraba perfectamente sino que luc\u00eda m\u00e1s firme y luminosa que nunca\u00bb, comparte emocionada.<\/p>\n<p>\u00abPara minimizar la irritaci\u00f3n, alterna el uso de retinol con productos calmantes o \u00e1cido hialur\u00f3nico por la noche. La clave est\u00e1 en la paciencia y la progresi\u00f3n\u00bb, aconseja la dermat\u00f3loga de <a href=\"https:\/\/www.journee-mondiale.com\/es\/probe-6-de-niacinamida-en-mi-piel-madura-mi-dermatologa-sorprendida-por-los-resultados-en-4-semanas\/\" target=\"_blank\">Ximena R\u00edos Clinic<\/a>, quien ha observado resultados notables en sus pacientes.<\/p>\n<h2>El ritual de verano 2025: concentraciones y frecuencias<\/h2>\n<p>Las <strong>nuevas formulaciones 2025<\/strong> permiten adaptar la rutina seg\u00fan la estaci\u00f3n:<\/p>\n<ul>\n<li>Primavera-verano: retinol 0.3% m\u00e1ximo, 2-3 veces por semana<\/li>\n<li>Oto\u00f1o-invierno: retinol hasta 0.5%, 3-4 veces por semana<\/li>\n<li>\u00c1cido hialur\u00f3nico: diariamente, ma\u00f1ana y noche<\/li>\n<\/ul>\n<h2>Complementos esenciales para maximizar resultados<\/h2>\n<p>La <strong>protecci\u00f3n solar<\/strong> es innegociable durante el d\u00eda. Como descubr\u00ed en este art\u00edculo sobre <a href=\"https:\/\/www.journee-mondiale.com\/es\/descubri-como-5-productos-esenciales-transformaron-mi-tocador-primaveral-y-mi-piel-me-lo-agradecio\/\" target=\"_blank\">productos esenciales para el cuidado facial<\/a>, complementar con antioxidantes matutinos potencia los resultados del retinol nocturno.<\/p>\n<p>El doctor Manuel Garc\u00eda, experto en dermatolog\u00eda cosm\u00e9tica, compara esta rutina con \u00abla agricultura regenerativa: preparas el terreno (hidrataci\u00f3n), plantas las semillas del cambio (retinol) y proteges el cultivo (barrera cut\u00e1nea). Los <a href=\"https:\/\/www.journee-mondiale.com\/es\/los-peel-pads-cambiaron-mi-piel-madura-elimine-arrugas-finas-en-21-dias-y-funcionan-mejor-en-verano\/\" target=\"_blank\">tratamientos antiedad efectivos en 2025<\/a> siguen este mismo principio\u00bb.<\/p>\n<h2>Innovaciones formulativas que est\u00e1n marcando tendencia<\/h2>\n<p>Las <strong>formulaciones encapsuladas<\/strong> de retinol son la revoluci\u00f3n de esta temporada. \u00abEl retinol seguir\u00e1 siendo el ingrediente estrella, pero el retinal ser\u00e1 su sucesor natural debido a su menor irritaci\u00f3n y alta efectividad\u00bb, confirma un especialista en dermatolog\u00eda citado en <a href=\"https:\/\/www.journee-mondiale.com\/es\/la-transformacion-que-descubri-en-mi-piel-madura-estos-peel-pads-eliminaron-mis-arrugas-finas-en-solo-3-semanas-y-funcionan-mejor-en-verano\/\" target=\"_blank\">rutinas faciales para pieles maduras<\/a>.<\/p>\n<h2>\u00bfEs posible ver resultados transformadores este verano?<\/h2>\n<p>Todos buscamos <a href=\"https:\/\/www.journee-mondiale.com\/es\/probe-8-tratamientos-para-cejas-despues-de-los-40-uno-restauro-mi-densidad-en-un-30-y-cambio-mi-rostro\/\" target=\"_blank\">resultados comprobados en tratamientos faciales<\/a>, y esta combinaci\u00f3n entrega promesas reales. La piel se renueva aproximadamente cada 28 d\u00edas, por lo que con constancia, los primeros signos de mejora aparecen tras un ciclo completo. Como una semilla que germina, tu piel revelar\u00e1 gradualmente su potencial de transformaci\u00f3n, prepar\u00e1ndote para lucir radiante cuando las temperaturas alcancen su m\u00e1ximo en los pr\u00f3ximos meses.<\/p>\n","protected":false},"excerpt":{"rendered":"<p>El verano se acerca y es el momento perfecto para potenciar tus rutinas de belleza nocturnas. Mientras descansas, tu piel trabaja arduamente para regenerarse, y existe un d\u00fao din\u00e1mico que est\u00e1 revolucionando el cuidado facial: el retinol y el \u00e1cido hialur\u00f3nico. Esta combinaci\u00f3n estrat\u00e9gica promete transformar tu piel mientras duermes, especialmente beneficiosa ahora que nos &#8230; <a title=\"Prob\u00e9 retinol con \u00e1cido hialur\u00f3nico y mi piel se transform\u00f3 en 28 d\u00edas (as\u00ed aplicarlo correctamente para verano)\" class=\"read-more\" href=\"https:\/\/www.journee-mondiale.com\/es\/probe-retinol-con-acido-hialuronico-y-mi-piel-se-transformo-en-28-dias-asi-aplicarlo-correctamente-para-verano\/\" aria-label=\"Leer m\u00e1s sobre Prob\u00e9 retinol con \u00e1cido hialur\u00f3nico y mi piel se transform\u00f3 en 28 d\u00edas (as\u00ed aplicarlo correctamente para verano)\">Lire plus<\/a><\/p>\n","protected":false},"author":1,"featured_media":13709,"comment_status":"","ping_status":"","sticky":false,"template":"","format":"standard","meta":{"footnotes":""},"categories":[48],"tags":[],"class_list":["post-13710","post","type-post","status-publish","format-standard","has-post-thumbnail","hentry","category-estilo-de-vida"],"acf":[],"_yoast_wpseo_primary_category":null,"_yoast_wpseo_title":null,"_yoast_wpseo_metadesc":null,"_links":{"self":[{"href":"https:\/\/www.journee-mondiale.com\/es\/wp-json\/wp\/v2\/posts\/13710","targetHints":{"allow":["GET"]}}],"collection":[{"href":"https:\/\/www.journee-mondiale.com\/es\/wp-json\/wp\/v2\/posts"}],"about":[{"href":"https:\/\/www.journee-mondiale.com\/es\/wp-json\/wp\/v2\/types\/post"}],"author":[{"embeddable":true,"href":"https:\/\/www.journee-mondiale.com\/es\/wp-json\/wp\/v2\/users\/1"}],"replies":[{"embeddable":true,"href":"https:\/\/www.journee-mondiale.com\/es\/wp-json\/wp\/v2\/comments?post=13710"}],"version-history":[{"count":0,"href":"https:\/\/www.journee-mondiale.com\/es\/wp-json\/wp\/v2\/posts\/13710\/revisions"}],"wp:featuredmedia":[{"embeddable":true,"href":"https:\/\/www.journee-mondiale.com\/es\/wp-json\/wp\/v2\/media\/13709"}],"wp:attachment":[{"href":"https:\/\/www.journee-mondiale.com\/es\/wp-json\/wp\/v2\/media?parent=13710"}],"wp:term":[{"taxonomy":"category","embeddable":true,"href":"https:\/\/www.journee-mondiale.com\/es\/wp-json\/wp\/v2\/categories?post=13710"},{"taxonomy":"post_tag","embeddable":true,"href":"https:\/\/www.journee-mondiale.com\/es\/wp-json\/wp\/v2\/tags?post=13710"}],"curies":[{"name":"wp","href":"https:\/\/api.w.org\/{rel}","templated":true}]}}