{"id":13706,"date":"2025-05-28T19:00:07","date_gmt":"2025-05-28T17:00:07","guid":{"rendered":"https:\/\/www.journee-mondiale.com\/es\/el-corte-rizado-que-esta-liberando-a-miles-de-mujeres-en-primavera-2025-y-solo-requiere-7-minutos-cada-manana\/"},"modified":"2025-05-28T19:00:07","modified_gmt":"2025-05-28T17:00:07","slug":"el-corte-rizado-que-esta-liberando-a-miles-de-mujeres-en-primavera-2025-y-solo-requiere-7-minutos-cada-manana","status":"publish","type":"post","link":"https:\/\/www.journee-mondiale.com\/es\/el-corte-rizado-que-esta-liberando-a-miles-de-mujeres-en-primavera-2025-y-solo-requiere-7-minutos-cada-manana\/","title":{"rendered":"El corte rizado que est\u00e1 liberando a miles de mujeres en primavera 2025 (y solo requiere 7 minutos cada ma\u00f1ana)"},"content":{"rendered":"<p>La primavera 2025 trae consigo una revoluci\u00f3n capilar que est\u00e1 cautivando a todas: el <strong>corte corto con rizos<\/strong>. Esta tendencia no solo redefine la elegancia veraniega, sino que libera a miles de mujeres de largas rutinas de peinado. \u00bfQui\u00e9n dijo que los rizos cortos no pueden ser vers\u00e1tiles y llenos de personalidad? Descubramos por qu\u00e9 este estilo se ha convertido en el favorito de la temporada y c\u00f3mo puedes sumarte a esta ola de frescura capilar.<\/p>\n<h2>El renacimiento del pixie rizado: libertad en cada espiral<\/h2>\n<p>El <a href=\"https:\/\/www.journee-mondiale.com\/es\/el-pixie-cut-que-transforma-tu-rutina-matutina-en-7-minutos-plenos-y-por-que-libera-a-miles-de-mujeres-esta-primavera-2025\/\" target=\"_blank\">pixie cut rizado<\/a> se presenta como la joya de la corona esta temporada. Como una mariposa emergiendo de su capullo, este estilo libera la verdadera naturaleza de tus rizos, permiti\u00e9ndoles expresarse con volumen y definici\u00f3n. <strong>Elena Mart\u00ednez<\/strong>, directora de Rizos Studio Madrid, comenta: \u00abEl pixie rizado no solo elimina peso del cabello, sino tambi\u00e9n de la rutina diaria de mis clientas, transformando completamente su relaci\u00f3n con su melena\u00bb.<\/p>\n<h2>La t\u00e9cnica del &#8216;scrunching invertido&#8217; que est\u00e1 revolucionando los salones<\/h2>\n<p>Una an\u00e9cdota curiosa: descubr\u00ed esta t\u00e9cnica cuando una clienta lleg\u00f3 desesperada tras un viaje a Grecia donde el agua salada hab\u00eda potenciado sus rizos como nunca. Ahora, los <strong>estilistas m\u00e1s vanguardistas<\/strong> est\u00e1n adaptando este fen\u00f3meno natural con el m\u00e9todo del scrunching invertido, que consiste en:<\/p>\n<ul>\n<li>Aplicar producto definidor desde las puntas hacia la ra\u00edz<\/li>\n<li>Realizar movimientos ascendentes con las palmas en forma de copa<\/li>\n<li>Secar con difusor inclinando la cabeza hacia abajo<\/li>\n<\/ul>\n<h2>7 variaciones de corte que se adaptan a cada tipo de rizo<\/h2>\n<p>Como un chef que ajusta su receta seg\u00fan los ingredientes disponibles, el estilista debe personalizar el corte seg\u00fan la <strong>textura natural<\/strong> de cada clienta. <a href=\"https:\/\/www.journee-mondiale.com\/es\/los-7-cortes-rizados-cortos-que-transforman-este-verano-2025-la-tecnica-de-6-minutos-que-nadie-esperaba\/\" target=\"_blank\">Los 7 cortes rizados cortos<\/a> que est\u00e1n transformando este verano se adaptan desde rizos definidos tipo 3A hasta los m\u00e1s apretados 4C.<\/p>\n<h2>El secreto est\u00e1 en las capas: desmitificando la t\u00e9cnica del desfilado<\/h2>\n<p>Carlos Vidal, del Sal\u00f3n Belleza Madrid, revela: \u00abEl error com\u00fan es creer que todos los rizos se cortan igual. La magia est\u00e1 en <strong>personalizar las capas<\/strong> seg\u00fan la densidad y el patr\u00f3n de rizo\u00bb. Las <a href=\"https:\/\/www.journee-mondiale.com\/es\/puntas-desfiladas-la-tecnica-de-4-minutos-que-rejuvenece-el-cabello-5-anos-cientificos-revelan-el-secreto-escondido\/\" target=\"_blank\">puntas desfiladas<\/a> son esenciales para crear movimiento sin generar el temido efecto tri\u00e1ngulo.<\/p>\n<h2>El corte \u00abBixie rizado\u00bb: la fusi\u00f3n que Madrid adora<\/h2>\n<p>Como un h\u00edbrido perfecto entre el bob y el pixie, <a href=\"https:\/\/www.journee-mondiale.com\/es\/el-corte-que-madrid-ama-esta-primavera-7-tecnicas-para-texturizar-tu-melena-corta-el-bixie-transformara-tu-estilo-en-4-minutos\/\" target=\"_blank\">el corte bixie<\/a> est\u00e1 conquistando las calles madrile\u00f1as esta primavera. Este estilo es como un buen vino espa\u00f1ol: <strong>sofisticado pero accesible<\/strong>, con el equilibrio perfecto entre estructura y movimiento natural.<\/p>\n<h2>La t\u00e9cnica express de 6 minutos que define cada espiral<\/h2>\n<p>Una clienta me confes\u00f3 que hab\u00eda abandonado sus rizos por falta de tiempo. Hoy, gracias a <a href=\"https:\/\/www.journee-mondiale.com\/es\/rizos-cortos-para-la-revolucion-2025-la-tecnica-de-6-minutos-que-define-cada-espiral-incluso-en-dias-de-90-de-humedad\/\" target=\"_blank\">la t\u00e9cnica de 6 minutos<\/a>, disfruta de sus rizos definidos incluso en d\u00edas de alta humedad. Los productos esenciales para esta rutina son:<\/p>\n<ul>\n<li>Crema definidora sin aclarado con <strong>prote\u00ednas de seda<\/strong><\/li>\n<li>Gel ligero de fijaci\u00f3n flexible<\/li>\n<li>Aceite de semillas de lino para sellar puntas<\/li>\n<\/ul>\n<h2>Coloraci\u00f3n para rizos cortos: t\u00e9cnicas que potencian la textura<\/h2>\n<p>Los <strong>reflejos estrat\u00e9gicos<\/strong> act\u00faan como luces sobre un escenario, destacando la arquitectura natural de tus rizos. La tendencia \u00abhoney curls\u00bb consiste en iluminar solo las zonas donde el sol tocar\u00eda naturalmente, creando dimensi\u00f3n sin comprometer la salud capilar.<\/p>\n<h2>\u00bfPor qu\u00e9 tus rizos cortos merecen brillar este verano?<\/h2>\n<p>Tus rizos son como huellas dactilares capilares: \u00fanicos, irrepetibles y dignos de ser celebrados. Abrazar tu textura natural con un corte corto no es solo una declaraci\u00f3n de estilo, sino un acto de <strong>autenticidad<\/strong> que resuena con la energ\u00eda renovadora de la primavera 2025. Lib\u00e9rate de la tiran\u00eda de las planchas y disfruta de esos minutos extra cada ma\u00f1ana para lo que realmente importa: vivir plenamente cada d\u00eda con la confianza que te brinda un cabello que habla de quien realmente eres.<\/p>\n","protected":false},"excerpt":{"rendered":"<p>La primavera 2025 trae consigo una revoluci\u00f3n capilar que est\u00e1 cautivando a todas: el corte corto con rizos. Esta tendencia no solo redefine la elegancia veraniega, sino que libera a miles de mujeres de largas rutinas de peinado. \u00bfQui\u00e9n dijo que los rizos cortos no pueden ser vers\u00e1tiles y llenos de personalidad? Descubramos por qu\u00e9 &#8230; <a title=\"El corte rizado que est\u00e1 liberando a miles de mujeres en primavera 2025 (y solo requiere 7 minutos cada ma\u00f1ana)\" class=\"read-more\" href=\"https:\/\/www.journee-mondiale.com\/es\/el-corte-rizado-que-esta-liberando-a-miles-de-mujeres-en-primavera-2025-y-solo-requiere-7-minutos-cada-manana\/\" aria-label=\"Leer m\u00e1s sobre El corte rizado que est\u00e1 liberando a miles de mujeres en primavera 2025 (y solo requiere 7 minutos cada ma\u00f1ana)\">Lire plus<\/a><\/p>\n","protected":false},"author":1,"featured_media":13705,"comment_status":"","ping_status":"","sticky":false,"template":"","format":"standard","meta":{"footnotes":""},"categories":[48],"tags":[],"class_list":["post-13706","post","type-post","status-publish","format-standard","has-post-thumbnail","hentry","category-estilo-de-vida"],"acf":[],"_yoast_wpseo_primary_category":null,"_yoast_wpseo_title":null,"_yoast_wpseo_metadesc":null,"_links":{"self":[{"href":"https:\/\/www.journee-mondiale.com\/es\/wp-json\/wp\/v2\/posts\/13706","targetHints":{"allow":["GET"]}}],"collection":[{"href":"https:\/\/www.journee-mondiale.com\/es\/wp-json\/wp\/v2\/posts"}],"about":[{"href":"https:\/\/www.journee-mondiale.com\/es\/wp-json\/wp\/v2\/types\/post"}],"author":[{"embeddable":true,"href":"https:\/\/www.journee-mondiale.com\/es\/wp-json\/wp\/v2\/users\/1"}],"replies":[{"embeddable":true,"href":"https:\/\/www.journee-mondiale.com\/es\/wp-json\/wp\/v2\/comments?post=13706"}],"version-history":[{"count":0,"href":"https:\/\/www.journee-mondiale.com\/es\/wp-json\/wp\/v2\/posts\/13706\/revisions"}],"wp:featuredmedia":[{"embeddable":true,"href":"https:\/\/www.journee-mondiale.com\/es\/wp-json\/wp\/v2\/media\/13705"}],"wp:attachment":[{"href":"https:\/\/www.journee-mondiale.com\/es\/wp-json\/wp\/v2\/media?parent=13706"}],"wp:term":[{"taxonomy":"category","embeddable":true,"href":"https:\/\/www.journee-mondiale.com\/es\/wp-json\/wp\/v2\/categories?post=13706"},{"taxonomy":"post_tag","embeddable":true,"href":"https:\/\/www.journee-mondiale.com\/es\/wp-json\/wp\/v2\/tags?post=13706"}],"curies":[{"name":"wp","href":"https:\/\/api.w.org\/{rel}","templated":true}]}}