{"id":13696,"date":"2025-05-27T19:00:05","date_gmt":"2025-05-27T17:00:05","guid":{"rendered":"https:\/\/www.journee-mondiale.com\/es\/el-corte-que-madrid-ama-esta-primavera-7-tecnicas-para-texturizar-tu-melena-corta-el-bixie-transformara-tu-estilo-en-4-minutos\/"},"modified":"2025-05-27T19:00:05","modified_gmt":"2025-05-27T17:00:05","slug":"el-corte-que-madrid-ama-esta-primavera-7-tecnicas-para-texturizar-tu-melena-corta-el-bixie-transformara-tu-estilo-en-4-minutos","status":"publish","type":"post","link":"https:\/\/www.journee-mondiale.com\/es\/el-corte-que-madrid-ama-esta-primavera-7-tecnicas-para-texturizar-tu-melena-corta-el-bixie-transformara-tu-estilo-en-4-minutos\/","title":{"rendered":"El corte que Madrid ama esta primavera: 7 t\u00e9cnicas para texturizar tu melena corta (el bixie transformar\u00e1 tu estilo en 4 minutos)"},"content":{"rendered":"<p>La <strong>primavera 2025<\/strong> llega con una propuesta refrescante que est\u00e1 conquistando las calles de Madrid: el corte corto con textura. Esta tendencia no solo redefine la imagen personal, sino que se posiciona como la opci\u00f3n perfecta para quienes buscan libertad, estilo y un toque de sofisticaci\u00f3n sin complicaciones. \u00bfEst\u00e1s lista para descubrir por qu\u00e9 este look se ha convertido en el favorito de las mujeres con m\u00e1s estilo esta temporada?<\/p>\n<h2>La revoluci\u00f3n de los cortes cortos texturizados: m\u00e1s que una tendencia<\/h2>\n<p>El <strong>corte corto con textura<\/strong> ha evolucionado significativamente desde aquellos pixies tradicionales. \u00abEste 2025 estamos viendo una verdadera revoluci\u00f3n en la forma de entender los cabellos cortos. Ya no hablamos solo de comodidad, sino de aut\u00e9nticas declaraciones de estilo\u00bb, explica Luc\u00eda Herrera, directora creativa del sal\u00f3n Trendy Cuts de Barcelona.<\/p>\n<p>La clave est\u00e1 en la versatilidad y el movimiento que aporta la textura. Como <a href=\"https:\/\/www.journee-mondiale.com\/es\/los-7-cortes-cortos-que-estan-revolucionando-la-primavera-2025-el-bixie-cambiara-como-ves-tu-melena-para-siempre\/\" target=\"_blank\">el bixie, uno de los cortes revolucionarios de esta primavera<\/a>, estos estilos permiten jugar con diferentes looks sin necesidad de herramientas complicadas.<\/p>\n<h2>El bixie texturizado: el h\u00edbrido que est\u00e1 cambiando las reglas<\/h2>\n<p>Entre todas las variantes, el <strong>bixie texturizado<\/strong> se corona como el rey de la temporada. Este h\u00edbrido entre bob y pixie ofrece lo mejor de ambos mundos: la elegancia del bob con la frescura desenfadada del pixie.<\/p>\n<p>\u00abEl bixie texturizado es como un lienzo en blanco que cada mujer personaliza seg\u00fan su estilo. Es ese corte que parece que te has levantado as\u00ed de espectacular\u00bb, comenta Miguel \u00c1ngel Rodr\u00edguez, estilista de celebridades en Madrid.<\/p>\n<h2>T\u00e9cnicas de texturizado que marcan la diferencia<\/h2>\n<p>Para conseguir ese efecto de <strong>textura perfectamente imperfecta<\/strong> existen varias t\u00e9cnicas que los profesionales est\u00e1n aplicando:<\/p>\n<ul>\n<li>Corte con tijeras dentadas para crear movimiento natural<\/li>\n<li>Degradado sutil en las puntas para aportar ligereza<\/li>\n<li>Texturizado en seco para definir secciones espec\u00edficas<\/li>\n<\/ul>\n<p>Un truco de experto es <a href=\"https:\/\/www.journee-mondiale.com\/es\/puntas-desfiladas-la-tecnica-de-4-minutos-que-rejuvenece-el-cabello-5-anos-cientificos-revelan-el-secreto-escondido\/\" target=\"_blank\">desfilar las puntas, una t\u00e9cnica que rejuvenece visualmente<\/a> y aporta ese movimiento tan deseado en los cortes cortos.<\/p>\n<h2>Productos imprescindibles para mantener la textura perfecta<\/h2>\n<p>Tu <strong>arsenal de estilismo<\/strong> para un corte corto texturizado debe incluir:<\/p>\n<ul>\n<li>Pasta moldeadora de fijaci\u00f3n media para definir sin apelmazar<\/li>\n<li>Spray de sal marina para un efecto playero instant\u00e1neo<\/li>\n<li>Cera mate para looks m\u00e1s estructurados pero naturales<\/li>\n<\/ul>\n<h2>El efecto glossy: la tendencia que eleva los cortes cortos<\/h2>\n<p>Si buscas darle un giro sofisticado a tu corte texturizado, <a href=\"https:\/\/www.journee-mondiale.com\/es\/el-efecto-glossy-que-transforma-el-cabello-corto-en-7-minutos-las-melenas-brillantes-que-dominan-madrid-y-como-conseguirlo-sin-productos-costosos\/\" target=\"_blank\">el efecto glossy est\u00e1 dominando las calles de Madrid<\/a> esta temporada. Es como darle a tu cabello ese brillo de roc\u00edo matinal que eleva cualquier corte.<\/p>\n<h2>El corte texturizado para cada tipo de cabello<\/h2>\n<p>Los <strong>cabellos ondulados o rizados<\/strong> encuentran en estos cortes su mejor aliado. <a href=\"https:\/\/www.journee-mondiale.com\/es\/los-7-cortes-rizados-cortos-que-transforman-este-verano-2025-la-tecnica-de-6-minutos-que-nadie-esperaba\/\" target=\"_blank\">Las t\u00e9cnicas espec\u00edficas para rizos cortos<\/a> potencian la textura natural sin necesidad de esfuerzo diario.<\/p>\n<p>Para cabellos finos, estos cortes son como un soplo de aire fresco que <a href=\"https:\/\/www.journee-mondiale.com\/es\/el-corte-que-anade-volumen-en-4-minutos-la-tecnica-olvidada-que-revoluciona-el-verano-sin-productos-caros\/\" target=\"_blank\">a\u00f1ade volumen instant\u00e1neo sin necesidad de productos costosos<\/a>.<\/p>\n<h2>\u00bfUn cambio de look para esta primavera?<\/h2>\n<p>El corte corto con textura es como reinventar tu armario completo: con un solo cambio, toda tu imagen se transforma. Si est\u00e1s considerando dar el salto, esta primavera 2025 es el momento perfecto para hacerlo. M\u00e1s que un peinado, estar\u00e1s adoptando una actitud: la de una mujer que valora tanto la practicidad como el estilo, que no teme destacar y que entiende que la verdadera belleza reside en la autenticidad y la confianza.<\/p>\n","protected":false},"excerpt":{"rendered":"<p>La primavera 2025 llega con una propuesta refrescante que est\u00e1 conquistando las calles de Madrid: el corte corto con textura. Esta tendencia no solo redefine la imagen personal, sino que se posiciona como la opci\u00f3n perfecta para quienes buscan libertad, estilo y un toque de sofisticaci\u00f3n sin complicaciones. \u00bfEst\u00e1s lista para descubrir por qu\u00e9 este &#8230; <a title=\"El corte que Madrid ama esta primavera: 7 t\u00e9cnicas para texturizar tu melena corta (el bixie transformar\u00e1 tu estilo en 4 minutos)\" class=\"read-more\" href=\"https:\/\/www.journee-mondiale.com\/es\/el-corte-que-madrid-ama-esta-primavera-7-tecnicas-para-texturizar-tu-melena-corta-el-bixie-transformara-tu-estilo-en-4-minutos\/\" aria-label=\"Leer m\u00e1s sobre El corte que Madrid ama esta primavera: 7 t\u00e9cnicas para texturizar tu melena corta (el bixie transformar\u00e1 tu estilo en 4 minutos)\">Lire plus<\/a><\/p>\n","protected":false},"author":1,"featured_media":13695,"comment_status":"","ping_status":"","sticky":false,"template":"","format":"standard","meta":{"footnotes":""},"categories":[48],"tags":[],"class_list":["post-13696","post","type-post","status-publish","format-standard","has-post-thumbnail","hentry","category-estilo-de-vida"],"acf":[],"_yoast_wpseo_primary_category":null,"_yoast_wpseo_title":null,"_yoast_wpseo_metadesc":null,"_links":{"self":[{"href":"https:\/\/www.journee-mondiale.com\/es\/wp-json\/wp\/v2\/posts\/13696","targetHints":{"allow":["GET"]}}],"collection":[{"href":"https:\/\/www.journee-mondiale.com\/es\/wp-json\/wp\/v2\/posts"}],"about":[{"href":"https:\/\/www.journee-mondiale.com\/es\/wp-json\/wp\/v2\/types\/post"}],"author":[{"embeddable":true,"href":"https:\/\/www.journee-mondiale.com\/es\/wp-json\/wp\/v2\/users\/1"}],"replies":[{"embeddable":true,"href":"https:\/\/www.journee-mondiale.com\/es\/wp-json\/wp\/v2\/comments?post=13696"}],"version-history":[{"count":0,"href":"https:\/\/www.journee-mondiale.com\/es\/wp-json\/wp\/v2\/posts\/13696\/revisions"}],"wp:featuredmedia":[{"embeddable":true,"href":"https:\/\/www.journee-mondiale.com\/es\/wp-json\/wp\/v2\/media\/13695"}],"wp:attachment":[{"href":"https:\/\/www.journee-mondiale.com\/es\/wp-json\/wp\/v2\/media?parent=13696"}],"wp:term":[{"taxonomy":"category","embeddable":true,"href":"https:\/\/www.journee-mondiale.com\/es\/wp-json\/wp\/v2\/categories?post=13696"},{"taxonomy":"post_tag","embeddable":true,"href":"https:\/\/www.journee-mondiale.com\/es\/wp-json\/wp\/v2\/tags?post=13696"}],"curies":[{"name":"wp","href":"https:\/\/api.w.org\/{rel}","templated":true}]}}