{"id":13690,"date":"2025-05-27T13:05:16","date_gmt":"2025-05-27T11:05:16","guid":{"rendered":"https:\/\/www.journee-mondiale.com\/es\/los-vestidos-midi-con-manga-corta-que-transformaron-mi-verano-por-que-se-adaptan-a-todos-los-brazos-y-donde-encontrarlos-por-menos-de-60e\/"},"modified":"2025-05-27T13:05:16","modified_gmt":"2025-05-27T11:05:16","slug":"los-vestidos-midi-con-manga-corta-que-transformaron-mi-verano-por-que-se-adaptan-a-todos-los-brazos-y-donde-encontrarlos-por-menos-de-60e","status":"publish","type":"post","link":"https:\/\/www.journee-mondiale.com\/es\/los-vestidos-midi-con-manga-corta-que-transformaron-mi-verano-por-que-se-adaptan-a-todos-los-brazos-y-donde-encontrarlos-por-menos-de-60e\/","title":{"rendered":"Los vestidos midi con manga corta que transformaron mi verano: por qu\u00e9 se adaptan a todos los brazos (y d\u00f3nde encontrarlos por menos de 60\u20ac)"},"content":{"rendered":"<p>Con la llegada del verano 2025, los <strong>vestidos midi con manga corta<\/strong> se posicionan como la prenda estrella de la temporada. Esta combinaci\u00f3n m\u00e1gica no solo resulta favorecedora para cualquier tipo de brazo, sino que adem\u00e1s ofrece esa versatilidad que todas buscamos cuando las temperaturas suben y queremos sentirnos c\u00f3modas sin renunciar al estilo.<\/p>\n<h2>La revoluci\u00f3n de las mangas que favorecen a todas<\/h2>\n<p>Los dise\u00f1adores han redefinido las mangas cortas para 2025, creando siluetas que se adaptan a cualquier tipo de brazo. \u00abLas mangas anchas en vestidos midi aportan un dramatismo elegante y favorecen a todos los tipos de brazos, siendo una de las tendencias m\u00e1s fuertes del 2025\u00bb, explica un experto de Eliria Collection. Desde las <strong>mangas abullonadas<\/strong> hasta las tipo campana, estas opciones realzan la feminidad mientras aportan un toque moderno.<\/p>\n<h2>La paleta crom\u00e1tica que dominar\u00e1 el verano<\/h2>\n<p>Este verano, los vestidos midi apuestan por <strong>colores vibrantes y estampados<\/strong> que transmiten energ\u00eda y optimismo. El tono Mocha Mousse (un marr\u00f3n c\u00e1lido) lidera las tendencias, seguido de intensos rojos y suaves tonos pastel como el rosa empolvado y el amarillo mantequilla. Para quienes prefieren opciones m\u00e1s vers\u00e1tiles, el negro y el blanco contin\u00faan siendo apuestas seguras que nunca fallan. Descubre m\u00e1s sobre las <a href=\"https:\/\/www.journee-mondiale.com\/es\/los-7-pintalabios-rosa-que-transformaron-mi-look-primaveral-el-numero-3-funciona-con-cualquier-tono-de-piel\/\" target=\"_blank\">tendencias de color para primavera-verano 2025<\/a> que complementar\u00e1n perfectamente tu vestido.<\/p>\n<h2>Detalles que marcan la diferencia<\/h2>\n<p>La cintura marcada es otro de los elementos clave en los vestidos midi de esta temporada. Patti Santamar\u00eda, experta en moda, afirma: \u00abLos vestidos midi para primavera-verano 2025 son la clave para un armario vers\u00e1til; las mangas cortas bien dise\u00f1adas se adaptan a cualquier figura, aportando frescura y elegancia\u00bb. Los <strong>cinturones incorporados<\/strong> o los cortes estrat\u00e9gicos consiguen estilizar la figura, adapt\u00e1ndose a diferentes morfolog\u00edas.<\/p>\n<h2>Tejidos que respiran con el calor<\/h2>\n<p>Los <strong>tejidos fluidos y naturales<\/strong> dominan las colecciones de vestidos midi para 2025, proporcionando ese movimiento y frescura tan necesarios cuando sube el term\u00f3metro. Estas texturas no solo resultan m\u00e1s c\u00f3modas, sino que a\u00f1aden un toque sofisticado a cualquier look. Explora otras <a href=\"https:\/\/www.journee-mondiale.com\/es\/la-revolucion-de-texturas-para-mi-hogar-esta-primavera-asi-combine-madera-oscura-y-metal-dorado-por-menos-de-200e\/\" target=\"_blank\">texturas para rejuvenecer tu look<\/a> esta temporada.<\/p>\n<blockquote><p>\u00abLa elecci\u00f3n de mangas cortas con cortes drapeados o con cinturones realza la figura femenina y se adapta a todas las morfolog\u00edas\u00bb, comenta una asesora de imagen de Massimo Dutti.<\/p><\/blockquote>\n<h2>C\u00f3mo combinar tu vestido midi este verano<\/h2>\n<p>Los vestidos midi con manga corta ofrecen infinitas posibilidades de combinaci\u00f3n. Para un look casual y c\u00f3modo, <strong>las sandalias planas<\/strong> son la opci\u00f3n perfecta, como se\u00f1alan desde Zara. Si buscas elevar tu outfit, opta por unas sandalias de tac\u00f3n medio o incluso zapatillas deportivas para un estilo m\u00e1s urbano. Completa tu look con <a href=\"https:\/\/www.journee-mondiale.com\/es\/como-conseguir-un-acabado-perfecto-para-tu-maquillaje\/\" target=\"_blank\">un maquillaje con acabado perfecto<\/a> que realce tu belleza natural.<\/p>\n<h2>Las marcas que apuestan por esta tendencia<\/h2>\n<p>Grandes cadenas como <strong>Zara y H&#038;M<\/strong> han llenado sus colecciones de vestidos midi con manga corta, ofreciendo opciones para todos los gustos y bolsillos. Seg\u00fan una consultora de moda de H&#038;M, \u00abla manga corta es esencial esta temporada, pues su equilibrio entre cobertura y frescura los hace perfectos para cualquier tipo de brazo y ocasi\u00f3n\u00bb. Descubre m\u00e1s sobre estos <a href=\"https:\/\/www.journee-mondiale.com\/es\/probe-estas-5-blusas-de-colores-vibrantes-y-la-romantica-victoriana-transformo-mi-look-primaveral-mi-favorita-cuesta-menos-de-40e\/\" target=\"_blank\">vestidos midi con manga corta para 2025<\/a> que est\u00e1n conquistando los armarios espa\u00f1oles.<\/p>\n<h2>La tendencia que une comodidad y sostenibilidad<\/h2>\n<p>Adem\u00e1s de su versatilidad est\u00e9tica, muchas marcas est\u00e1n apostando por <strong>materiales sostenibles<\/strong> para la confecci\u00f3n de estos vestidos. \u00abLos vestidos midi con mangas cortas en tejidos naturales son una opci\u00f3n consciente y adaptable para mujeres que buscan combinar moda y sostenibilidad\u00bb, explica una influencer especializada en moda ecol\u00f3gica. Combina esta filosof\u00eda con otras prendas sostenibles como <a href=\"https:\/\/www.journee-mondiale.com\/es\/los-vaqueros-con-bolsillos-xxl-que-revolucionaran-tu-verano-2025-y-como-estilizan-tu-figura-sin-esfuerzo\/\" target=\"_blank\">los vaqueros con bolsillos XXL<\/a> que tambi\u00e9n triunfar\u00e1n este verano.<\/p>\n<p>\u00bfEst\u00e1s lista para adoptar esta tendencia que favorece a todas? Los vestidos midi con manga corta se han consolidado como la f\u00f3rmula perfecta para lucir elegante, c\u00f3moda y actual este verano 2025. Una prenda que, sin duda, merece un lugar privilegiado en tu armario estacional.<\/p>\n","protected":false},"excerpt":{"rendered":"<p>Con la llegada del verano 2025, los vestidos midi con manga corta se posicionan como la prenda estrella de la temporada. Esta combinaci\u00f3n m\u00e1gica no solo resulta favorecedora para cualquier tipo de brazo, sino que adem\u00e1s ofrece esa versatilidad que todas buscamos cuando las temperaturas suben y queremos sentirnos c\u00f3modas sin renunciar al estilo. La &#8230; <a title=\"Los vestidos midi con manga corta que transformaron mi verano: por qu\u00e9 se adaptan a todos los brazos (y d\u00f3nde encontrarlos por menos de 60\u20ac)\" class=\"read-more\" href=\"https:\/\/www.journee-mondiale.com\/es\/los-vestidos-midi-con-manga-corta-que-transformaron-mi-verano-por-que-se-adaptan-a-todos-los-brazos-y-donde-encontrarlos-por-menos-de-60e\/\" aria-label=\"Leer m\u00e1s sobre Los vestidos midi con manga corta que transformaron mi verano: por qu\u00e9 se adaptan a todos los brazos (y d\u00f3nde encontrarlos por menos de 60\u20ac)\">Lire plus<\/a><\/p>\n","protected":false},"author":1,"featured_media":13689,"comment_status":"","ping_status":"","sticky":false,"template":"","format":"standard","meta":{"footnotes":""},"categories":[48],"tags":[],"class_list":["post-13690","post","type-post","status-publish","format-standard","has-post-thumbnail","hentry","category-estilo-de-vida"],"acf":[],"_yoast_wpseo_primary_category":null,"_yoast_wpseo_title":null,"_yoast_wpseo_metadesc":null,"_links":{"self":[{"href":"https:\/\/www.journee-mondiale.com\/es\/wp-json\/wp\/v2\/posts\/13690","targetHints":{"allow":["GET"]}}],"collection":[{"href":"https:\/\/www.journee-mondiale.com\/es\/wp-json\/wp\/v2\/posts"}],"about":[{"href":"https:\/\/www.journee-mondiale.com\/es\/wp-json\/wp\/v2\/types\/post"}],"author":[{"embeddable":true,"href":"https:\/\/www.journee-mondiale.com\/es\/wp-json\/wp\/v2\/users\/1"}],"replies":[{"embeddable":true,"href":"https:\/\/www.journee-mondiale.com\/es\/wp-json\/wp\/v2\/comments?post=13690"}],"version-history":[{"count":0,"href":"https:\/\/www.journee-mondiale.com\/es\/wp-json\/wp\/v2\/posts\/13690\/revisions"}],"wp:featuredmedia":[{"embeddable":true,"href":"https:\/\/www.journee-mondiale.com\/es\/wp-json\/wp\/v2\/media\/13689"}],"wp:attachment":[{"href":"https:\/\/www.journee-mondiale.com\/es\/wp-json\/wp\/v2\/media?parent=13690"}],"wp:term":[{"taxonomy":"category","embeddable":true,"href":"https:\/\/www.journee-mondiale.com\/es\/wp-json\/wp\/v2\/categories?post=13690"},{"taxonomy":"post_tag","embeddable":true,"href":"https:\/\/www.journee-mondiale.com\/es\/wp-json\/wp\/v2\/tags?post=13690"}],"curies":[{"name":"wp","href":"https:\/\/api.w.org\/{rel}","templated":true}]}}