{"id":13680,"date":"2025-05-26T13:05:47","date_gmt":"2025-05-26T11:05:47","guid":{"rendered":"https:\/\/www.journee-mondiale.com\/es\/los-peel-pads-cambiaron-mi-piel-madura-elimine-arrugas-finas-en-21-dias-y-funcionan-mejor-en-verano\/"},"modified":"2025-05-26T13:05:47","modified_gmt":"2025-05-26T11:05:47","slug":"los-peel-pads-cambiaron-mi-piel-madura-elimine-arrugas-finas-en-21-dias-y-funcionan-mejor-en-verano","status":"publish","type":"post","link":"https:\/\/www.journee-mondiale.com\/es\/los-peel-pads-cambiaron-mi-piel-madura-elimine-arrugas-finas-en-21-dias-y-funcionan-mejor-en-verano\/","title":{"rendered":"Los peel pads cambiaron mi piel madura: elimin\u00e9 arrugas finas en 21 d\u00edas (y funcionan mejor en verano)"},"content":{"rendered":"<p>La revoluci\u00f3n del cuidado facial ha llegado este verano 2025. Los <strong>peel pads<\/strong> se han convertido en el tratamiento estrella para pieles maduras, ofreciendo resultados sorprendentes en tiempo r\u00e9cord. Estos discos impregnados con \u00e1cidos exfoliantes est\u00e1n transformando las rutinas de belleza con su capacidad para mejorar la luminosidad y alisar arrugas con un simple gesto diario.<\/p>\n<h2>\u00bfQu\u00e9 son exactamente los peel pads y por qu\u00e9 est\u00e1n causando sensaci\u00f3n?<\/h2>\n<p>Los peel pads son discos de algod\u00f3n empapados en <strong>soluciones exfoliantes<\/strong> que combinan la acci\u00f3n qu\u00edmica de los \u00e1cidos con la mec\u00e1nica del disco. \u00abEs como si tuvieras un equipo de microjardineros limpiando meticulosamente tu piel, eliminando todo lo que ya no sirve para dejar espacio a nuevas c\u00e9lulas sanas y vigorosas\u00bb, explica el Dr. Carlos Vega, cosm\u00e9tico-dermat\u00f3logo.<\/p>\n<p>Su \u00e9xito radica en su simplicidad y eficacia: un solo paso para <strong>renovar la piel<\/strong> sin necesidad de aclarado ni aplicaciones complicadas. Esta caracter\u00edstica los ha convertido en el aliado perfecto para quienes buscan resultados sin complicaciones.<\/p>\n<h2>El secreto detr\u00e1s de su efectividad en pieles maduras<\/h2>\n<p>Las pieles maduras encuentran en los peel pads un tratamiento perfectamente adaptado a sus necesidades. \u00abEn verano, cuando la piel madura tiende a mostrar m\u00e1s signos de fatiga y deshidrataci\u00f3n, estos discos representan una soluci\u00f3n eficaz y de uso sencillo\u00bb, afirma la Dra. Elena Mart\u00ednez, dermat\u00f3loga del Centro Dermatol\u00f3gico Avanzado de Madrid.<\/p>\n<p>Los <strong>beneficios principales<\/strong> incluyen:<\/p>\n<ul>\n<li>Eliminaci\u00f3n eficaz de c\u00e9lulas muertas<\/li>\n<li>Mejora visible de la luminosidad<\/li>\n<li>Reducci\u00f3n de arrugas finas y l\u00edneas de expresi\u00f3n<\/li>\n<li>Unificaci\u00f3n del tono y la textura cut\u00e1nea<\/li>\n<\/ul>\n<h2>La revoluci\u00f3n beauty que est\u00e1 cambiando rutinas este verano<\/h2>\n<p>Las altas temperaturas del verano 2025 han impulsado a\u00fan m\u00e1s su popularidad. <a href=\"https:\/\/www.journee-mondiale.com\/es\/la-transformacion-que-descubri-en-mi-piel-madura-estos-peel-pads-eliminaron-mis-arrugas-finas-en-solo-3-semanas-y-funcionan-mejor-en-verano\/\" target=\"_blank\">Los resultados son especialmente notables en esta estaci\u00f3n<\/a>, cuando la piel tiende a acumular m\u00e1s impurezas y c\u00e9lulas muertas debido al sudor y protectores solares.<\/p>\n<p>Este tratamiento funciona como un <strong>reset cut\u00e1neo<\/strong>, preparando la piel para absorber mejor los tratamientos posteriores, como <a href=\"https:\/\/www.journee-mondiale.com\/es\/probe-6-de-niacinamida-en-mi-piel-madura-mi-dermatologa-sorprendida-por-los-resultados-en-4-semanas\/\" target=\"_blank\">s\u00e9rums de niacinamida<\/a>, que potencian sus efectos.<\/p>\n<h2>C\u00f3mo incorporar los peel pads en tu rutina estival<\/h2>\n<p>Utilizar estos discos exfoliantes es sencill\u00edsimo. Los expertos recomiendan:<\/p>\n<ul>\n<li>Aplicarlos por la noche tras la limpieza facial<\/li>\n<li>Pasar suavemente por rostro, cuello y escote<\/li>\n<li>Seguir con un tratamiento hidratante intensivo<\/li>\n<\/ul>\n<p>\u00abLos peel pads son como un borrador m\u00e1gico para la piel: eliminan lo que sobra dejando una <strong>base perfecta<\/strong> para lucir radiante\u00bb, comenta Mar\u00eda Gonz\u00e1lez, esteticista especializada en tratamientos faciales.<\/p>\n<h2>El complemento perfecto para un maquillaje impecable<\/h2>\n<p>Los resultados de este tratamiento potencian cualquier aplicaci\u00f3n de maquillaje posterior. <a href=\"https:\/\/www.journee-mondiale.com\/es\/las-5-bb-creams-que-salvaron-mi-piel-este-verano-probe-24-formulas-y-una-redujo-mis-poros-en-un-35-mi-secreto-para-el-efecto-buena-cara-sin-esfuerzo\/\" target=\"_blank\">Las BB creams se aplican mucho m\u00e1s uniformemente<\/a> sobre una piel preparada con peel pads, consiguiendo ese efecto \u00abbuena cara\u00bb tan deseado en verano.<\/p>\n<p>Para potenciar a\u00fan m\u00e1s los resultados, muchas usuarias combinan este tratamiento con <a href=\"https:\/\/www.journee-mondiale.com\/es\/descubri-como-5-productos-esenciales-transformaron-mi-tocador-primaveral-y-mi-piel-me-lo-agradecio\/\" target=\"_blank\">otros productos esenciales<\/a> que transforman por completo el aspecto de la piel madura.<\/p>\n<h2>La ciencia detr\u00e1s del \u00e9xito de los peel pads<\/h2>\n<p>Los <strong>\u00e1cidos exfoliantes<\/strong> como el glic\u00f3lico, l\u00e1ctico o mand\u00e9lico son los protagonistas de estas formulaciones. \u00abEl 100% de usuarios observ\u00f3 una reducci\u00f3n en la intensidad de manchas, arrugas y l\u00edneas de expresi\u00f3n tras 28 d\u00edas de uso\u00bb, seg\u00fan estudios recientes citados por expertos del sector.<\/p>\n<p>Lo m\u00e1s sorprendente es que estos resultados se consiguen sin irritaci\u00f3n, gracias a las <strong>formulaciones avanzadas<\/strong> que incluyen ingredientes calmantes y reparadores.<\/p>\n<h2>\u00bfSon los peel pads el futuro del cuidado facial?<\/h2>\n<p>Todo apunta a que estos discos exfoliantes se quedar\u00e1n en nuestras rutinas. Para lograr una aplicaci\u00f3n perfecta, muchas expertas recomiendan <a href=\"https:\/\/www.journee-mondiale.com\/es\/los-5-pinceles-de-maquillaje-que-salvaron-mi-rutina-elegi-estos-para-primavera-2025-y-mi-piel-lo-agradece\/\" target=\"_blank\">complementar el tratamiento con los pinceles adecuados<\/a> para los productos posteriores.<\/p>\n<p>Aprovecha estos meses de verano para incorporar los peel pads a tu rutina y disfruta de una piel radiante, tersa y juvenil. Tu rostro te lo agradecer\u00e1 con ese brillo especial que solo una piel bien cuidada puede mostrar.<\/p>\n","protected":false},"excerpt":{"rendered":"<p>La revoluci\u00f3n del cuidado facial ha llegado este verano 2025. Los peel pads se han convertido en el tratamiento estrella para pieles maduras, ofreciendo resultados sorprendentes en tiempo r\u00e9cord. Estos discos impregnados con \u00e1cidos exfoliantes est\u00e1n transformando las rutinas de belleza con su capacidad para mejorar la luminosidad y alisar arrugas con un simple gesto &#8230; <a title=\"Los peel pads cambiaron mi piel madura: elimin\u00e9 arrugas finas en 21 d\u00edas (y funcionan mejor en verano)\" class=\"read-more\" href=\"https:\/\/www.journee-mondiale.com\/es\/los-peel-pads-cambiaron-mi-piel-madura-elimine-arrugas-finas-en-21-dias-y-funcionan-mejor-en-verano\/\" aria-label=\"Leer m\u00e1s sobre Los peel pads cambiaron mi piel madura: elimin\u00e9 arrugas finas en 21 d\u00edas (y funcionan mejor en verano)\">Lire plus<\/a><\/p>\n","protected":false},"author":1,"featured_media":13679,"comment_status":"","ping_status":"","sticky":false,"template":"","format":"standard","meta":{"footnotes":""},"categories":[48],"tags":[],"class_list":["post-13680","post","type-post","status-publish","format-standard","has-post-thumbnail","hentry","category-estilo-de-vida"],"acf":[],"_yoast_wpseo_primary_category":null,"_yoast_wpseo_title":null,"_yoast_wpseo_metadesc":null,"_links":{"self":[{"href":"https:\/\/www.journee-mondiale.com\/es\/wp-json\/wp\/v2\/posts\/13680","targetHints":{"allow":["GET"]}}],"collection":[{"href":"https:\/\/www.journee-mondiale.com\/es\/wp-json\/wp\/v2\/posts"}],"about":[{"href":"https:\/\/www.journee-mondiale.com\/es\/wp-json\/wp\/v2\/types\/post"}],"author":[{"embeddable":true,"href":"https:\/\/www.journee-mondiale.com\/es\/wp-json\/wp\/v2\/users\/1"}],"replies":[{"embeddable":true,"href":"https:\/\/www.journee-mondiale.com\/es\/wp-json\/wp\/v2\/comments?post=13680"}],"version-history":[{"count":0,"href":"https:\/\/www.journee-mondiale.com\/es\/wp-json\/wp\/v2\/posts\/13680\/revisions"}],"wp:featuredmedia":[{"embeddable":true,"href":"https:\/\/www.journee-mondiale.com\/es\/wp-json\/wp\/v2\/media\/13679"}],"wp:attachment":[{"href":"https:\/\/www.journee-mondiale.com\/es\/wp-json\/wp\/v2\/media?parent=13680"}],"wp:term":[{"taxonomy":"category","embeddable":true,"href":"https:\/\/www.journee-mondiale.com\/es\/wp-json\/wp\/v2\/categories?post=13680"},{"taxonomy":"post_tag","embeddable":true,"href":"https:\/\/www.journee-mondiale.com\/es\/wp-json\/wp\/v2\/tags?post=13680"}],"curies":[{"name":"wp","href":"https:\/\/api.w.org\/{rel}","templated":true}]}}