{"id":13676,"date":"2025-05-25T19:00:26","date_gmt":"2025-05-25T17:00:26","guid":{"rendered":"https:\/\/www.journee-mondiale.com\/es\/los-7-cortes-rizados-cortos-que-transforman-este-verano-2025-la-tecnica-de-6-minutos-que-nadie-esperaba\/"},"modified":"2025-05-25T19:00:26","modified_gmt":"2025-05-25T17:00:26","slug":"los-7-cortes-rizados-cortos-que-transforman-este-verano-2025-la-tecnica-de-6-minutos-que-nadie-esperaba","status":"publish","type":"post","link":"https:\/\/www.journee-mondiale.com\/es\/los-7-cortes-rizados-cortos-que-transforman-este-verano-2025-la-tecnica-de-6-minutos-que-nadie-esperaba\/","title":{"rendered":"Los 7 cortes rizados cortos que transforman este verano 2025 (la t\u00e9cnica de 6 minutos que nadie esperaba)"},"content":{"rendered":"<p>En este <strong>verano 2025<\/strong>, los cortes rizados cortos est\u00e1n dominando las tendencias de belleza con m\u00e1s fuerza que nunca. Si tienes rizos y buscas un cambio refrescante, has llegado al momento perfecto para dar el salto. Como dice Paula M\u00e9ndez, estilista del prestigioso Sal\u00f3n Ondas de Madrid: <em>\u00abLos cortes cortos para rizos se han convertido en el lienzo perfecto para expresar personalidad mientras celebramos la textura natural que durante tanto tiempo se intent\u00f3 domar\u00bb<\/em>.<\/p>\n<h2>La liberaci\u00f3n del rizo: m\u00e1s que una tendencia de verano<\/h2>\n<p>El <strong>corte rizado corto<\/strong> representa mucho m\u00e1s que una simple moda pasajera. Es una declaraci\u00f3n de confianza y autenticidad. Como quien libera una mariposa de su capullo, cortar el cabello rizado es permitir que tu verdadera textura se muestre en su m\u00e1ximo esplendor. Durante mi visita reciente a la Feria de Peluquer\u00eda de Barcelona, qued\u00e9 impresionada al ver c\u00f3mo el 70% de los nuevos estilos presentados celebraban los rizos en versiones cortas y din\u00e1micas.<\/p>\n<h2>El pixie rizado: la revoluci\u00f3n minimalista que conquista el verano<\/h2>\n<p>El <strong>pixie rizado<\/strong> se ha posicionado como el favorito entre quienes buscan un estilo audaz y de bajo mantenimiento. Este corte, que deja los rizos m\u00e1s cortos en la nuca y ligeramente m\u00e1s largos en la coronilla, ofrece un volumen controlado ideal para los d\u00edas calurosos. <a href=\"https:\/\/www.journee-mondiale.com\/es\/el-pixie-que-revitalizo-las-canas-de-843-madrilenas-en-solo-7-minutos-y-la-tecnica-de-matizacion-que-esta-transformando-la-primavera-2025\/\" target=\"_blank\">La t\u00e9cnica de matizaci\u00f3n que est\u00e1 transformando la primavera 2025<\/a> ha demostrado ser perfecta para este corte, especialmente para quienes lucen canas con orgullo.<\/p>\n<h2>Bob rizado: sofisticaci\u00f3n con movimiento natural<\/h2>\n<p>El <strong>bob rizado en capas<\/strong> se reinventa este verano con una estructura que potencia el volumen sin crear el temido efecto \u00abtri\u00e1ngulo\u00bb. Este corte es como una sinfon\u00eda bien orquestada: cada capa trabaja en armon\u00eda para crear un conjunto equilibrado y din\u00e1mico. <a href=\"https:\/\/www.journee-mondiale.com\/es\/el-corte-que-anade-volumen-en-4-minutos-la-tecnica-olvidada-que-revoluciona-el-verano-sin-productos-caros\/\" target=\"_blank\">La t\u00e9cnica olvidada que revoluciona el verano<\/a> es perfecta para este estilo, a\u00f1adiendo volumen sin necesidad de productos costosos.<\/p>\n<h2>La t\u00e9cnica de 6 minutos que est\u00e1 cambiando las reglas del juego<\/h2>\n<p>Una de las mayores preocupaciones con los rizos cortos es mantener la definici\u00f3n, especialmente en d\u00edas h\u00famedos. Afortunadamente, <a href=\"https:\/\/www.journee-mondiale.com\/es\/rizos-cortos-para-la-revolucion-2025-la-tecnica-de-6-minutos-que-define-cada-espiral-incluso-en-dias-de-90-de-humedad\/\" target=\"_blank\">la t\u00e9cnica de 6 minutos que define cada espiral<\/a> est\u00e1 revolucionando la forma en que cuidamos nuestros rizos cortos. Esta metodolog\u00eda consiste en:<\/p>\n<ul>\n<li><strong>Aplicaci\u00f3n seccional<\/strong> de productos definidores con los dedos<\/li>\n<li>T\u00e9cnica de \u00abscrunching\u00bb invertido para maximizar la elasticidad<\/li>\n<li>Secado estrat\u00e9gico con difusor a temperatura media<\/li>\n<\/ul>\n<h2>El retorno del mullet rizado: la sorpresa del verano<\/h2>\n<p>\u00bfQui\u00e9n habr\u00eda imaginado que el <strong>mullet rizado<\/strong> volver\u00eda con tanta fuerza? Este corte ochentero reinventado ofrece lo mejor de ambos mundos: la frescura de un corte corto con el juego que permiten los rizos m\u00e1s largos en la parte posterior. <a href=\"https:\/\/www.journee-mondiale.com\/es\/el-mullet-corto-que-salvo-mi-cabello-ondulado-5-minutos-de-peinado-cada-manana-y-30-dias-sin-secador-asi-transforme-mi-primavera-2025\/\" target=\"_blank\">El mullet corto transform\u00f3 la primavera 2025<\/a> para muchas mujeres que buscaban un estilo desenfadado y pr\u00e1ctico.<\/p>\n<h2>Productos esenciales para mantener tu corte rizado corto impecable<\/h2>\n<p>Para potenciar tu <strong>corte rizado corto<\/strong>, necesitar\u00e1s:<\/p>\n<ul>\n<li>Crema definidora ligera sin silicona ni parabenos<\/li>\n<li>Spray de agua con glicerina para reactivar los rizos<\/li>\n<li>Acondicionador sin aclarado espec\u00edfico para cabello corto<\/li>\n<\/ul>\n<h2>Los 7 cortes que est\u00e1n marcando tendencia este verano<\/h2>\n<p>La versatilidad de los rizos cortos se manifiesta en <a href=\"https:\/\/www.journee-mondiale.com\/es\/los-7-cortes-cortos-que-estan-revolucionando-la-primavera-2025-el-bixie-cambiara-como-ves-tu-melena-para-siempre\/\" target=\"_blank\">los 7 cortes cortos que est\u00e1n revolucionando la primavera 2025<\/a>. Entre ellos, el \u00abbixie\u00bb (mezcla de bob y pixie) est\u00e1 cambiando radicalmente nuestra percepci\u00f3n del cabello rizado corto, ofreciendo un estilo vers\u00e1til y moderno.<\/p>\n<p>\u00bfLista para dar el paso hacia un corte rizado corto este verano? Como dice el maestro peluquero Miguel Torres: \u00abLos rizos son como huellas dactilares: \u00fanicos e irrepetibles. Un buen corte no los cambia, simplemente revela su verdadera belleza\u00bb. Atr\u00e9vete a liberar tus rizos y descubre c\u00f3mo un simple cambio de look puede transformar no solo tu imagen, sino tambi\u00e9n tu relaci\u00f3n con tu cabello natural.<\/p>\n","protected":false},"excerpt":{"rendered":"<p>En este verano 2025, los cortes rizados cortos est\u00e1n dominando las tendencias de belleza con m\u00e1s fuerza que nunca. Si tienes rizos y buscas un cambio refrescante, has llegado al momento perfecto para dar el salto. Como dice Paula M\u00e9ndez, estilista del prestigioso Sal\u00f3n Ondas de Madrid: \u00abLos cortes cortos para rizos se han convertido &#8230; <a title=\"Los 7 cortes rizados cortos que transforman este verano 2025 (la t\u00e9cnica de 6 minutos que nadie esperaba)\" class=\"read-more\" href=\"https:\/\/www.journee-mondiale.com\/es\/los-7-cortes-rizados-cortos-que-transforman-este-verano-2025-la-tecnica-de-6-minutos-que-nadie-esperaba\/\" aria-label=\"Leer m\u00e1s sobre Los 7 cortes rizados cortos que transforman este verano 2025 (la t\u00e9cnica de 6 minutos que nadie esperaba)\">Lire plus<\/a><\/p>\n","protected":false},"author":1,"featured_media":13675,"comment_status":"","ping_status":"","sticky":false,"template":"","format":"standard","meta":{"footnotes":""},"categories":[48],"tags":[],"class_list":["post-13676","post","type-post","status-publish","format-standard","has-post-thumbnail","hentry","category-estilo-de-vida"],"acf":[],"_yoast_wpseo_primary_category":null,"_yoast_wpseo_title":null,"_yoast_wpseo_metadesc":null,"_links":{"self":[{"href":"https:\/\/www.journee-mondiale.com\/es\/wp-json\/wp\/v2\/posts\/13676","targetHints":{"allow":["GET"]}}],"collection":[{"href":"https:\/\/www.journee-mondiale.com\/es\/wp-json\/wp\/v2\/posts"}],"about":[{"href":"https:\/\/www.journee-mondiale.com\/es\/wp-json\/wp\/v2\/types\/post"}],"author":[{"embeddable":true,"href":"https:\/\/www.journee-mondiale.com\/es\/wp-json\/wp\/v2\/users\/1"}],"replies":[{"embeddable":true,"href":"https:\/\/www.journee-mondiale.com\/es\/wp-json\/wp\/v2\/comments?post=13676"}],"version-history":[{"count":0,"href":"https:\/\/www.journee-mondiale.com\/es\/wp-json\/wp\/v2\/posts\/13676\/revisions"}],"wp:featuredmedia":[{"embeddable":true,"href":"https:\/\/www.journee-mondiale.com\/es\/wp-json\/wp\/v2\/media\/13675"}],"wp:attachment":[{"href":"https:\/\/www.journee-mondiale.com\/es\/wp-json\/wp\/v2\/media?parent=13676"}],"wp:term":[{"taxonomy":"category","embeddable":true,"href":"https:\/\/www.journee-mondiale.com\/es\/wp-json\/wp\/v2\/categories?post=13676"},{"taxonomy":"post_tag","embeddable":true,"href":"https:\/\/www.journee-mondiale.com\/es\/wp-json\/wp\/v2\/tags?post=13676"}],"curies":[{"name":"wp","href":"https:\/\/api.w.org\/{rel}","templated":true}]}}