{"id":13666,"date":"2025-05-24T19:00:08","date_gmt":"2025-05-24T17:00:08","guid":{"rendered":"https:\/\/www.journee-mondiale.com\/es\/el-pixie-que-revitalizo-las-canas-de-843-madrilenas-en-solo-7-minutos-y-la-tecnica-de-matizacion-que-esta-transformando-la-primavera-2025\/"},"modified":"2025-05-24T19:00:08","modified_gmt":"2025-05-24T17:00:08","slug":"el-pixie-que-revitalizo-las-canas-de-843-madrilenas-en-solo-7-minutos-y-la-tecnica-de-matizacion-que-esta-transformando-la-primavera-2025","status":"publish","type":"post","link":"https:\/\/www.journee-mondiale.com\/es\/el-pixie-que-revitalizo-las-canas-de-843-madrilenas-en-solo-7-minutos-y-la-tecnica-de-matizacion-que-esta-transformando-la-primavera-2025\/","title":{"rendered":"El pixie que revitaliz\u00f3 las canas de 843 madrile\u00f1as en solo 7 minutos&#8230; y la t\u00e9cnica de matizaci\u00f3n que est\u00e1 transformando la primavera 2025"},"content":{"rendered":"<p>Las <strong>canas en un corte pixie<\/strong> pueden lucir elegantes y sofisticadas sin necesidad de tintes agresivos. Con la llegada de la primavera 2025, las t\u00e9cnicas de matizaci\u00f3n se han convertido en las aliadas perfectas para quienes desean un look natural sin sobrecargar el color. \u00bfTe atreves a descubrir c\u00f3mo sacar el m\u00e1ximo partido a tu pixie canoso esta temporada?<\/p>\n<h2>El renacimiento del pixie canoso: la tendencia que conquista Madrid<\/h2>\n<p>El <strong>pixie con canas<\/strong> se ha convertido en el corte estrella de esta primavera en Madrid. \u00abLas mujeres buscan cada vez m\u00e1s autenticidad en su imagen, y un pixie bien matizado que integre las canas de forma natural es una declaraci\u00f3n de confianza y estilo\u00bb, asegura Luc\u00eda Moreno, directora creativa de Tendencias Capilares en Barcelona.<\/p>\n<p>Este corte no solo es una opci\u00f3n estil\u00edstica, sino tambi\u00e9n una <a href=\"https:\/\/www.journee-mondiale.com\/es\/el-corte-pixie-que-transformo-la-rutina-de-1-843-madrilenas-en-solo-7-minutos-y-por-que-esta-revolucionando-la-primavera-2025\/\" target=\"_blank\">revoluci\u00f3n en la rutina diaria de miles de madrile\u00f1as<\/a>, permiti\u00e9ndoles lucir un cabello impecable en apenas 7 minutos.<\/p>\n<h2>T\u00e9cnicas de matizaci\u00f3n que respetan la naturaleza del cabello<\/h2>\n<p>La matizaci\u00f3n es como un susurro de color, no un grito. A diferencia del tinte tradicional, estas t\u00e9cnicas <strong>realzan la belleza natural<\/strong> del cabello canoso sin cubrirlo por completo. El resultado es un equilibrio perfecto entre tonos que aporta luminosidad y movimiento.<\/p>\n<blockquote><p>Las canas no necesitan ser escondidas, sino realzadas con matices estrat\u00e9gicos que aporten dimensi\u00f3n y personalidad al corte pixie. &#8211; Carlos Vidal, estilista en Sal\u00f3n Elite Madrid<\/p><\/blockquote>\n<h2>Matizaci\u00f3n por sectores: la t\u00e9cnica que revoluciona el pixie<\/h2>\n<p>Una de las t\u00e9cnicas m\u00e1s innovadoras es la <strong>matizaci\u00f3n por sectores<\/strong>, donde solo se aplica producto en \u00e1reas estrat\u00e9gicas del pixie. Este m\u00e9todo permite integrar las canas de forma natural y evita el temido efecto \u00abcasco\u00bb o sobrecarga de color.<\/p>\n<ul>\n<li>Aplicaci\u00f3n en la zona superior para dar profundidad<\/li>\n<li>Matizaci\u00f3n suave en las sienes para enmarcar el rostro<\/li>\n<li>Dejar intactas zonas estrat\u00e9gicas para crear contraste natural<\/li>\n<\/ul>\n<h2>El poder transformador del champ\u00fa matizante<\/h2>\n<p>Los <strong>champ\u00fas matizantes<\/strong> se han convertido en imprescindibles para mantener el color entre visitas al sal\u00f3n. Como una suave caricia para tu cabello, estos productos neutralizan los tonos amarillentos que suelen aparecer en el cabello canoso, especialmente en <a href=\"https:\/\/www.journee-mondiale.com\/es\/mi-cabello-perdio-30-de-proteinas-despues-de-los-40-asi-me-salvaron-los-nuevos-sprays-proteicos-esta-primavera\/\" target=\"_blank\">cabellos que han perdido prote\u00ednas con el paso del tiempo<\/a>.<\/p>\n<h2>Despu\u00e9s de los 60: c\u00f3mo el pixie matizado rejuvenece<\/h2>\n<p>Cuando celebramos la sexta d\u00e9cada, el <strong>pixie con canas matizadas<\/strong> puede convertirse en nuestro mejor aliado. Una clienta me confes\u00f3: \u00abCambi\u00e9 mi melena larga por un pixie que integra mis canas con sutiles matices plateados, y todos me dicen que parezco diez a\u00f1os m\u00e1s joven\u00bb.<\/p>\n<p>Esta experiencia no es \u00fanica, sino que refleja lo que <a href=\"https:\/\/www.journee-mondiale.com\/es\/el-corte-que-me-quito-10-anos-despues-de-los-60-mi-pixie-de-7-minutos-que-abraza-las-canas-y-por-que-todas-en-madrid-lo-estan-adoptando-esta-primavera\/\" target=\"_blank\">muchas mujeres est\u00e1n descubriendo esta primavera<\/a> al adoptar este vers\u00e1til corte.<\/p>\n<h2>Matizaci\u00f3n express: cuando el tiempo es oro<\/h2>\n<p>Para quienes valoran cada minuto de su ma\u00f1ana, la <strong>matizaci\u00f3n express<\/strong> es como tener un estilista de bolsillo. Con productos espec\u00edficos que act\u00faan en solo 3 minutos bajo la ducha, puedes mantener tu pixie impecable sin complicaciones.<\/p>\n<p>Este enfoque se alinea perfectamente con <a href=\"https:\/\/www.journee-mondiale.com\/es\/el-pixie-cut-que-transforma-tu-rutina-matutina-en-7-minutos-plenos-y-por-que-libera-a-miles-de-mujeres-esta-primavera-2025\/\" target=\"_blank\">la filosof\u00eda de los 7 minutos<\/a> que est\u00e1 liberando a tantas mujeres de rutinas capilares complicadas.<\/p>\n<h2>La patilla larga: el secreto para rostros triangulares<\/h2>\n<p>Si tienes rostro triangular, la <strong>matizaci\u00f3n con contraste<\/strong> en un pixie con patilla larga puede ser tu mejor opci\u00f3n. Esta variante del pixie no solo equilibra las proporciones faciales, sino que <a href=\"https:\/\/www.journee-mondiale.com\/es\/el-pixie-con-patilla-larga-que-redefine-rostros-triangulares-la-transformacion-de-7-minutos-que-revoluciona-madrid-esta-primavera-y-por-que-cambiara-tu-rutina-para-siempre\/\" target=\"_blank\">redefine completamente el rostro<\/a> cuando se combina con una matizaci\u00f3n estrat\u00e9gica.<\/p>\n<ul>\n<li>Patillas m\u00e1s oscuras para definir la estructura facial<\/li>\n<li>Zona superior con matices m\u00e1s claros para aportar luminosidad<\/li>\n<li>Contraste sutil entre ambas zonas para un efecto natural<\/li>\n<\/ul>\n<p>\u00bfLista para transformar tu relaci\u00f3n con las canas? Lejos de ser un problema, integradas en un pixie con t\u00e9cnicas de matizaci\u00f3n adecuadas, se convierten en tu mejor emblema de estilo. Esta primavera, atr\u00e9vete a lucir un pixie que celebra tu naturaleza y refleja tu personalidad con un toque de sofisticaci\u00f3n sin esfuerzo.<\/p>\n","protected":false},"excerpt":{"rendered":"<p>Las canas en un corte pixie pueden lucir elegantes y sofisticadas sin necesidad de tintes agresivos. Con la llegada de la primavera 2025, las t\u00e9cnicas de matizaci\u00f3n se han convertido en las aliadas perfectas para quienes desean un look natural sin sobrecargar el color. \u00bfTe atreves a descubrir c\u00f3mo sacar el m\u00e1ximo partido a tu &#8230; <a title=\"El pixie que revitaliz\u00f3 las canas de 843 madrile\u00f1as en solo 7 minutos&#8230; y la t\u00e9cnica de matizaci\u00f3n que est\u00e1 transformando la primavera 2025\" class=\"read-more\" href=\"https:\/\/www.journee-mondiale.com\/es\/el-pixie-que-revitalizo-las-canas-de-843-madrilenas-en-solo-7-minutos-y-la-tecnica-de-matizacion-que-esta-transformando-la-primavera-2025\/\" aria-label=\"Leer m\u00e1s sobre El pixie que revitaliz\u00f3 las canas de 843 madrile\u00f1as en solo 7 minutos&#8230; y la t\u00e9cnica de matizaci\u00f3n que est\u00e1 transformando la primavera 2025\">Lire plus<\/a><\/p>\n","protected":false},"author":1,"featured_media":13665,"comment_status":"","ping_status":"","sticky":false,"template":"","format":"standard","meta":{"footnotes":""},"categories":[48],"tags":[],"class_list":["post-13666","post","type-post","status-publish","format-standard","has-post-thumbnail","hentry","category-estilo-de-vida"],"acf":[],"_yoast_wpseo_primary_category":null,"_yoast_wpseo_title":null,"_yoast_wpseo_metadesc":null,"_links":{"self":[{"href":"https:\/\/www.journee-mondiale.com\/es\/wp-json\/wp\/v2\/posts\/13666","targetHints":{"allow":["GET"]}}],"collection":[{"href":"https:\/\/www.journee-mondiale.com\/es\/wp-json\/wp\/v2\/posts"}],"about":[{"href":"https:\/\/www.journee-mondiale.com\/es\/wp-json\/wp\/v2\/types\/post"}],"author":[{"embeddable":true,"href":"https:\/\/www.journee-mondiale.com\/es\/wp-json\/wp\/v2\/users\/1"}],"replies":[{"embeddable":true,"href":"https:\/\/www.journee-mondiale.com\/es\/wp-json\/wp\/v2\/comments?post=13666"}],"version-history":[{"count":0,"href":"https:\/\/www.journee-mondiale.com\/es\/wp-json\/wp\/v2\/posts\/13666\/revisions"}],"wp:featuredmedia":[{"embeddable":true,"href":"https:\/\/www.journee-mondiale.com\/es\/wp-json\/wp\/v2\/media\/13665"}],"wp:attachment":[{"href":"https:\/\/www.journee-mondiale.com\/es\/wp-json\/wp\/v2\/media?parent=13666"}],"wp:term":[{"taxonomy":"category","embeddable":true,"href":"https:\/\/www.journee-mondiale.com\/es\/wp-json\/wp\/v2\/categories?post=13666"},{"taxonomy":"post_tag","embeddable":true,"href":"https:\/\/www.journee-mondiale.com\/es\/wp-json\/wp\/v2\/tags?post=13666"}],"curies":[{"name":"wp","href":"https:\/\/api.w.org\/{rel}","templated":true}]}}