{"id":13660,"date":"2025-05-24T13:04:46","date_gmt":"2025-05-24T11:04:46","guid":{"rendered":"https:\/\/www.journee-mondiale.com\/es\/probe-7-tonos-de-fucsia-este-verano-y-uno-cambio-completamente-mi-rutina-de-maquillaje-esto-es-lo-que-aprendi-despues-de-3-semanas\/"},"modified":"2025-05-24T13:04:46","modified_gmt":"2025-05-24T11:04:46","slug":"probe-7-tonos-de-fucsia-este-verano-y-uno-cambio-completamente-mi-rutina-de-maquillaje-esto-es-lo-que-aprendi-despues-de-3-semanas","status":"publish","type":"post","link":"https:\/\/www.journee-mondiale.com\/es\/probe-7-tonos-de-fucsia-este-verano-y-uno-cambio-completamente-mi-rutina-de-maquillaje-esto-es-lo-que-aprendi-despues-de-3-semanas\/","title":{"rendered":"Prob\u00e9 7 tonos de fucsia este verano y uno cambi\u00f3 completamente mi rutina de maquillaje (esto es lo que aprend\u00ed despu\u00e9s de 3 semanas)"},"content":{"rendered":"<p>\u00bfAlguna vez has sentido que un <strong>labial fucsia<\/strong> te llama la atenci\u00f3n, pero temes que desentone con el resto de tu maquillaje? Con la llegada del verano 2025, este tono vibrante se ha convertido en protagonista de las tendencias de belleza, aportando frescura y personalidad a cualquier look. Descubramos juntos c\u00f3mo incorporar este color audaz sin cometer errores.<\/p>\n<h2>El renacimiento del fucsia: por qu\u00e9 es el color del verano 2025<\/h2>\n<p>El <strong>labial fucsia<\/strong> representa energ\u00eda y confianza, perfectas para la temporada estival. \u00abLos tonos atrevidos y expresivos como el fucsia son ideales para quienes buscan destacar; este color aporta vitalidad y personalidad instant\u00e1neas a cualquier rostro\u00bb, explica Millie Morales, maquilladora de celebridades con m\u00e1s de 15 a\u00f1os de experiencia.<\/p>\n<p>Este verano, las texturas cremosas y satinadas est\u00e1n ganando terreno frente a los acabados mate, proporcionando hidrataci\u00f3n adicional que nuestros labios agradecen bajo el intenso sol veraniego.<\/p>\n<h2>El equilibrio perfecto: la regla de oro para usar fucsia<\/h2>\n<p>Franz Mu\u00f1oz, reconocido experto en belleza, se\u00f1ala: \u00abLos <strong>labiales audaces<\/strong>, como el fucsia, deben combinarse con ojos suaves para equilibrar el look\u00bb. Esta regla es fundamental para evitar un maquillaje sobrecargado que compita por atenci\u00f3n.<\/p>\n<p>Piensa en tu rostro como un lienzo art\u00edstico donde solo debe existir un punto focal. Si tus labios lucen un vibrante fucsia, el resto de elementos deben actuar como un marco que realce, no que compita.<\/p>\n<h2>Base perfecta: el primer paso para un fucsia impecable<\/h2>\n<p>Antes de aplicar cualquier labial intenso, necesitas una <strong>base uniforme<\/strong>. Los <a href=\"https:\/\/www.journee-mondiale.com\/es\/los-5-pinceles-de-maquillaje-que-salvaron-mi-rutina-elegi-estos-para-primavera-2025-y-mi-piel-lo-agradece\/\" target=\"_blank\">pinceles de maquillaje adecuados<\/a> marcan la diferencia entre un acabado profesional y uno amateur.<\/p>\n<p>Para un look veraniego natural con labios fucsia, opta por <a href=\"https:\/\/www.journee-mondiale.com\/es\/las-5-bb-creams-que-salvaron-mi-piel-este-verano-probe-24-formulas-y-una-redujo-mis-poros-en-un-35-mi-secreto-para-el-efecto-buena-cara-sin-esfuerzo\/\" target=\"_blank\">BB creams ligeras<\/a> que unifiquen el tono sin apelmazar, permitiendo que la piel respire durante los calurosos d\u00edas de verano.<\/p>\n<h2>El poder del contraste: neutros que hacen brillar al fucsia<\/h2>\n<p>Para que tu labial fucsia destaque sin desentonar, estos <strong>tonos neutros<\/strong> son tus aliados:<\/p>\n<ul>\n<li>Beige champagne para p\u00e1rpados<\/li>\n<li>Marrones suaves para definir el contorno de ojos<\/li>\n<li>Iluminadores discretos en tonos dorados<\/li>\n<\/ul>\n<p>Silvana Rumi, maquilladora profesional, recomienda: \u00abEl fucsia es ideal para un maquillaje de fiesta, pero si lo combinas con ojos sencillos e iluminador estrat\u00e9gico, funciona perfectamente para el d\u00eda a d\u00eda veraniego\u00bb.<\/p>\n<h2>El arte de la aplicaci\u00f3n: t\u00e9cnicas para un fucsia perfecto<\/h2>\n<p>La aplicaci\u00f3n precisa es esencial con colores intensos. Utiliza un <strong>delineador de labios<\/strong> en tono similar para evitar que el color se corra, especialmente \u00fatil en los d\u00edas calurosos de verano.<\/p>\n<p>Un truco profesional es aplicar el labial con pincel para mayor precisi\u00f3n y difuminar ligeramente los bordes para un efecto m\u00e1s natural y moderno, perfecto para looks veraniegos desenfadados.<\/p>\n<h2>Complementos ideales: cejas y mejillas<\/h2>\n<p>Unas <strong>cejas bien definidas<\/strong> enmarcan el rostro y equilibran la intensidad del fucsia. <a href=\"https:\/\/www.journee-mondiale.com\/es\/probe-8-tratamientos-para-cejas-despues-de-los-40-uno-restauro-mi-densidad-en-un-30-y-cambio-mi-rostro\/\" target=\"_blank\">Mantener tus cejas en \u00f3ptimas condiciones<\/a> es crucial para un look armonioso.<\/p>\n<p>Para las mejillas, Mineth Blancarte sugiere: \u00abEl fucsia como rubor es ideal para un efecto sunset blush, que aporta un look fresco y moderno\u00bb. Aplica un toque muy sutil del mismo tono de tu labial para crear cohesi\u00f3n crom\u00e1tica.<\/p>\n<h2>Alternativas vers\u00e1tiles: cuando el fucsia puro intimida<\/h2>\n<p>Si el fucsia te parece demasiado atrevido, los <a href=\"https:\/\/www.journee-mondiale.com\/es\/el-labial-coral-que-ilumino-mi-rostro-esta-primavera-probe-8-tonos-y-uno-funciono-perfectamente-en-pieles-claras-y-morenas\/\" target=\"_blank\">tonos coral<\/a> ofrecen una alternativa m\u00e1s sutil pero igualmente veraniega. Estos tonos funcionan especialmente bien en pieles tanto claras como morenas, adapt\u00e1ndose perfectamente al bronceado estival.<\/p>\n<p>Otra opci\u00f3n es comenzar con <strong>b\u00e1lsamos tintados<\/strong> en tono fucsia que ofrecen color pero con menor intensidad, ideales para acostumbrarse gradualmente a este tono vibrante.<\/p>\n<h2>\u00bfLista para brillar este verano con labios fucsia?<\/h2>\n<p>El labial fucsia es como ese amigo extrovertido que te anima a salir de tu zona de confort para descubrir nuevas experiencias. Este verano 2025, atr\u00e9vete a experimentar con este tono vibrante siguiendo nuestros consejos para un look equilibrado y sofisticado. Recuerda que <a href=\"https:\/\/www.journee-mondiale.com\/es\/descubri-como-5-productos-esenciales-transformaron-mi-tocador-primaveral-y-mi-piel-me-lo-agradecio\/\" target=\"_blank\">menos es m\u00e1s cuando se trata de productos<\/a>, especialmente al incorporar un color tan poderoso como el fucsia en tu rutina veraniega.<\/p>\n","protected":false},"excerpt":{"rendered":"<p>\u00bfAlguna vez has sentido que un labial fucsia te llama la atenci\u00f3n, pero temes que desentone con el resto de tu maquillaje? Con la llegada del verano 2025, este tono vibrante se ha convertido en protagonista de las tendencias de belleza, aportando frescura y personalidad a cualquier look. Descubramos juntos c\u00f3mo incorporar este color audaz &#8230; <a title=\"Prob\u00e9 7 tonos de fucsia este verano y uno cambi\u00f3 completamente mi rutina de maquillaje (esto es lo que aprend\u00ed despu\u00e9s de 3 semanas)\" class=\"read-more\" href=\"https:\/\/www.journee-mondiale.com\/es\/probe-7-tonos-de-fucsia-este-verano-y-uno-cambio-completamente-mi-rutina-de-maquillaje-esto-es-lo-que-aprendi-despues-de-3-semanas\/\" aria-label=\"Leer m\u00e1s sobre Prob\u00e9 7 tonos de fucsia este verano y uno cambi\u00f3 completamente mi rutina de maquillaje (esto es lo que aprend\u00ed despu\u00e9s de 3 semanas)\">Lire plus<\/a><\/p>\n","protected":false},"author":1,"featured_media":13659,"comment_status":"","ping_status":"","sticky":false,"template":"","format":"standard","meta":{"footnotes":""},"categories":[48],"tags":[],"class_list":["post-13660","post","type-post","status-publish","format-standard","has-post-thumbnail","hentry","category-estilo-de-vida"],"acf":[],"_yoast_wpseo_primary_category":null,"_yoast_wpseo_title":null,"_yoast_wpseo_metadesc":null,"_links":{"self":[{"href":"https:\/\/www.journee-mondiale.com\/es\/wp-json\/wp\/v2\/posts\/13660","targetHints":{"allow":["GET"]}}],"collection":[{"href":"https:\/\/www.journee-mondiale.com\/es\/wp-json\/wp\/v2\/posts"}],"about":[{"href":"https:\/\/www.journee-mondiale.com\/es\/wp-json\/wp\/v2\/types\/post"}],"author":[{"embeddable":true,"href":"https:\/\/www.journee-mondiale.com\/es\/wp-json\/wp\/v2\/users\/1"}],"replies":[{"embeddable":true,"href":"https:\/\/www.journee-mondiale.com\/es\/wp-json\/wp\/v2\/comments?post=13660"}],"version-history":[{"count":0,"href":"https:\/\/www.journee-mondiale.com\/es\/wp-json\/wp\/v2\/posts\/13660\/revisions"}],"wp:featuredmedia":[{"embeddable":true,"href":"https:\/\/www.journee-mondiale.com\/es\/wp-json\/wp\/v2\/media\/13659"}],"wp:attachment":[{"href":"https:\/\/www.journee-mondiale.com\/es\/wp-json\/wp\/v2\/media?parent=13660"}],"wp:term":[{"taxonomy":"category","embeddable":true,"href":"https:\/\/www.journee-mondiale.com\/es\/wp-json\/wp\/v2\/categories?post=13660"},{"taxonomy":"post_tag","embeddable":true,"href":"https:\/\/www.journee-mondiale.com\/es\/wp-json\/wp\/v2\/tags?post=13660"}],"curies":[{"name":"wp","href":"https:\/\/api.w.org\/{rel}","templated":true}]}}