{"id":13656,"date":"2025-05-23T19:00:23","date_gmt":"2025-05-23T17:00:23","guid":{"rendered":"https:\/\/www.journee-mondiale.com\/es\/el-corte-pixie-que-transformo-la-rutina-de-1-843-madrilenas-en-solo-7-minutos-y-por-que-esta-revolucionando-la-primavera-2025\/"},"modified":"2025-05-23T19:00:23","modified_gmt":"2025-05-23T17:00:23","slug":"el-corte-pixie-que-transformo-la-rutina-de-1-843-madrilenas-en-solo-7-minutos-y-por-que-esta-revolucionando-la-primavera-2025","status":"publish","type":"post","link":"https:\/\/www.journee-mondiale.com\/es\/el-corte-pixie-que-transformo-la-rutina-de-1-843-madrilenas-en-solo-7-minutos-y-por-que-esta-revolucionando-la-primavera-2025\/","title":{"rendered":"El corte pixie que transform\u00f3 la rutina de 1.843 madrile\u00f1as en solo 7 minutos (y por qu\u00e9 est\u00e1 revolucionando la primavera 2025)"},"content":{"rendered":"<p>\u00bfAburrida de tu look actual? La <strong>primavera 2025<\/strong> nos trae una tendencia que est\u00e1 revolucionando Madrid y promete transformar tu imagen en cuesti\u00f3n de minutos. El Pixie Crop ultra corto no es solo un corte de pelo, es una declaraci\u00f3n de intenciones que realza tus rasgos faciales como ning\u00fan otro estilo. Este fen\u00f3meno capilar est\u00e1 conquistando a mujeres de todas las edades que buscan frescura, personalidad y m\u00ednimo mantenimiento.<\/p>\n<h2>El pixie crop: un corte con historia que vuelve renovado<\/h2>\n<p>El <strong>corte pixie<\/strong> naci\u00f3 en los a\u00f1os 50 con iconos como Audrey Hepburn, pero la versi\u00f3n ultra corta de 2025 est\u00e1 redefiniendo este cl\u00e1sico. \u00abEste corte despeja el rostro completamente, creando un marco perfecto para que los rasgos faciales brillen con luz propia\u00bb, explica Alejandra M\u00e9ndez, directora de Scissors Academy en Madrid.<\/p>\n<p>La clave est\u00e1 en su nombre: pixie significa \u00abduende\u00bb o \u00abhada\u00bb en ingl\u00e9s, evocando esa sensaci\u00f3n et\u00e9rea y juguetona que caracteriza a este <strong>estilo vanguardista<\/strong>. Lejos de masculinizar, este corte potencia la feminidad desde otro \u00e1ngulo.<\/p>\n<h2>Por qu\u00e9 est\u00e1 arrasando esta primavera en Espa\u00f1a<\/h2>\n<p>La estilista Luc\u00eda Ferrer, del exclusivo sal\u00f3n Metamorfosis, comparte: \u00abEl <a href=\"https:\/\/www.journee-mondiale.com\/es\/el-corte-que-me-quito-10-anos-despues-de-los-60-mi-pixie-de-7-minutos-que-abraza-las-canas-y-por-que-todas-en-madrid-lo-estan-adoptando-esta-primavera\/\" target=\"_blank\">pixie ultra corto est\u00e1 quitando a\u00f1os<\/a> a mis clientas, especialmente a las mayores de 40, al concentrar toda la atenci\u00f3n en sus ojos y p\u00f3mulos\u00bb.<\/p>\n<p>Este <strong>renacimiento del pixie<\/strong> responde a tres factores clave:<\/p>\n<ul>\n<li>La necesidad de practicidad sin renunciar al estilo<\/li>\n<li>El movimiento de aceptaci\u00f3n de las canas, que lucen espectaculares en este corte<\/li>\n<li>La b\u00fasqueda de frescura tras a\u00f1os de peinados m\u00e1s conservadores<\/li>\n<\/ul>\n<h2>\u00bfC\u00f3mo determinar si el pixie ultra corto es para ti?<\/h2>\n<p>Contrario a lo que muchos piensan, el pixie crop favorece a casi todas las formas de rostro, siendo especialmente beneficioso para quienes desean <strong>suavizar facciones angulosas<\/strong> o a\u00f1adir estructura a rostros redondos.<\/p>\n<p>Si tienes <a href=\"https:\/\/www.journee-mondiale.com\/es\/el-pixie-con-patilla-larga-que-redefine-rostros-triangulares-la-transformacion-de-7-minutos-que-revoluciona-madrid-esta-primavera-y-por-que-cambiara-tu-rutina-para-siempre\/\" target=\"_blank\">rostro triangular<\/a>, el pixie con patilla larga ser\u00e1 tu mejor aliado para equilibrar proporciones.<\/p>\n<h2>La revoluci\u00f3n de los 7 minutos: rutina expr\u00e9s<\/h2>\n<p>Como una mariposa que emerge de su cris\u00e1lida, con el pixie ultra corto tu <strong>rutina matutina<\/strong> se transforma radicalmente. \u00abEs el corte perfecto para mujeres din\u00e1micas que valoran su tiempo\u00bb, asegura Ferrer.<\/p>\n<p>En apenas <a href=\"https:\/\/www.journee-mondiale.com\/es\/el-pixie-cut-que-transforma-tu-rutina-matutina-en-7-minutos-plenos-y-por-que-libera-a-miles-de-mujeres-esta-primavera-2025\/\" target=\"_blank\">7 minutos puedes conseguir<\/a> un peinado perfecto siguiendo estos pasos:<\/p>\n<ul>\n<li>Lavado r\u00e1pido con champ\u00fa voluminizador<\/li>\n<li>Secado natural o con secador a baja temperatura<\/li>\n<li>Aplicaci\u00f3n de una cera o pomada ligera para definir<\/li>\n<\/ul>\n<h2>Variantes que est\u00e1n marcando tendencia<\/h2>\n<p>El pixie no es un corte uniforme, sino una familia de estilos que se adaptan a cada personalidad. Entre <a href=\"https:\/\/www.journee-mondiale.com\/es\/los-7-cortes-cortos-que-estan-revolucionando-la-primavera-2025-el-bixie-cambiara-como-ves-tu-melena-para-siempre\/\" target=\"_blank\">los cortes cortos revolucionarios<\/a> destacan:<\/p>\n<p>El <strong>pixie asim\u00e9trico<\/strong>, que juega con diferentes longitudes para crear dinamismo visual. El <strong>bixie<\/strong>, fusi\u00f3n entre bob y pixie, ideal para quienes buscan una transici\u00f3n gradual. Y el <a href=\"https:\/\/www.journee-mondiale.com\/es\/el-corte-pixie-futurista-que-domina-madrid-en-2025-transforma-tu-rutina-en-7-minutos-y-por-que-todas-lo-llevan-esta-primavera\/\" target=\"_blank\">pixie futurista<\/a>, con l\u00edneas m\u00e1s definidas y atrevidas.<\/p>\n<h2>El renacimiento personal tras las tijeras<\/h2>\n<p>Carmen Velasco, de 52 a\u00f1os, cuenta su experiencia: \u00abDespu\u00e9s de d\u00e9cadas con melena media, el pixie ultra corto ha sido como abrir una ventana en una habitaci\u00f3n cerrada. Me siento m\u00e1s fresca, m\u00e1s yo misma\u00bb.<\/p>\n<p>Este <strong>corte transformador<\/strong> act\u00faa como un espejo que refleja nuestra esencia, eliminando capas no solo de cabello, sino tambi\u00e9n de inseguridades.<\/p>\n<h2>\u00bfLista para dar el salto esta primavera?<\/h2>\n<p>El pixie crop ultra corto es m\u00e1s que una tendencia pasajera; es una declaraci\u00f3n de libertad personal que est\u00e1 conquistando Madrid. Como un lienzo reci\u00e9n preparado, tu rostro se convierte en protagonista, tus rasgos en arte. \u00bfTe atreves a descubrir la versi\u00f3n m\u00e1s aut\u00e9ntica de ti misma con este corte revolucionario?<\/p>\n","protected":false},"excerpt":{"rendered":"<p>\u00bfAburrida de tu look actual? La primavera 2025 nos trae una tendencia que est\u00e1 revolucionando Madrid y promete transformar tu imagen en cuesti\u00f3n de minutos. El Pixie Crop ultra corto no es solo un corte de pelo, es una declaraci\u00f3n de intenciones que realza tus rasgos faciales como ning\u00fan otro estilo. Este fen\u00f3meno capilar est\u00e1 &#8230; <a title=\"El corte pixie que transform\u00f3 la rutina de 1.843 madrile\u00f1as en solo 7 minutos (y por qu\u00e9 est\u00e1 revolucionando la primavera 2025)\" class=\"read-more\" href=\"https:\/\/www.journee-mondiale.com\/es\/el-corte-pixie-que-transformo-la-rutina-de-1-843-madrilenas-en-solo-7-minutos-y-por-que-esta-revolucionando-la-primavera-2025\/\" aria-label=\"Leer m\u00e1s sobre El corte pixie que transform\u00f3 la rutina de 1.843 madrile\u00f1as en solo 7 minutos (y por qu\u00e9 est\u00e1 revolucionando la primavera 2025)\">Lire plus<\/a><\/p>\n","protected":false},"author":1,"featured_media":13655,"comment_status":"","ping_status":"","sticky":false,"template":"","format":"standard","meta":{"footnotes":""},"categories":[48],"tags":[],"class_list":["post-13656","post","type-post","status-publish","format-standard","has-post-thumbnail","hentry","category-estilo-de-vida"],"acf":[],"_yoast_wpseo_primary_category":null,"_yoast_wpseo_title":null,"_yoast_wpseo_metadesc":null,"_links":{"self":[{"href":"https:\/\/www.journee-mondiale.com\/es\/wp-json\/wp\/v2\/posts\/13656","targetHints":{"allow":["GET"]}}],"collection":[{"href":"https:\/\/www.journee-mondiale.com\/es\/wp-json\/wp\/v2\/posts"}],"about":[{"href":"https:\/\/www.journee-mondiale.com\/es\/wp-json\/wp\/v2\/types\/post"}],"author":[{"embeddable":true,"href":"https:\/\/www.journee-mondiale.com\/es\/wp-json\/wp\/v2\/users\/1"}],"replies":[{"embeddable":true,"href":"https:\/\/www.journee-mondiale.com\/es\/wp-json\/wp\/v2\/comments?post=13656"}],"version-history":[{"count":0,"href":"https:\/\/www.journee-mondiale.com\/es\/wp-json\/wp\/v2\/posts\/13656\/revisions"}],"wp:featuredmedia":[{"embeddable":true,"href":"https:\/\/www.journee-mondiale.com\/es\/wp-json\/wp\/v2\/media\/13655"}],"wp:attachment":[{"href":"https:\/\/www.journee-mondiale.com\/es\/wp-json\/wp\/v2\/media?parent=13656"}],"wp:term":[{"taxonomy":"category","embeddable":true,"href":"https:\/\/www.journee-mondiale.com\/es\/wp-json\/wp\/v2\/categories?post=13656"},{"taxonomy":"post_tag","embeddable":true,"href":"https:\/\/www.journee-mondiale.com\/es\/wp-json\/wp\/v2\/tags?post=13656"}],"curies":[{"name":"wp","href":"https:\/\/api.w.org\/{rel}","templated":true}]}}