{"id":13650,"date":"2025-05-23T13:05:38","date_gmt":"2025-05-23T11:05:38","guid":{"rendered":"https:\/\/www.journee-mondiale.com\/es\/la-obsesion-de-primavera-que-nunca-imagine-por-que-los-cardigans-bordados-estan-revolucionando-mi-armario-y-como-transformaran-tus-looks-de-2025\/"},"modified":"2025-05-23T13:05:38","modified_gmt":"2025-05-23T11:05:38","slug":"la-obsesion-de-primavera-que-nunca-imagine-por-que-los-cardigans-bordados-estan-revolucionando-mi-armario-y-como-transformaran-tus-looks-de-2025","status":"publish","type":"post","link":"https:\/\/www.journee-mondiale.com\/es\/la-obsesion-de-primavera-que-nunca-imagine-por-que-los-cardigans-bordados-estan-revolucionando-mi-armario-y-como-transformaran-tus-looks-de-2025\/","title":{"rendered":"La obsesi\u00f3n de primavera que nunca imagin\u00e9: por qu\u00e9 los c\u00e1rdigans bordados est\u00e1n revolucionando mi armario (y c\u00f3mo transformar\u00e1n tus looks de 2025)"},"content":{"rendered":"<p>La <strong>obsesi\u00f3n con los c\u00e1rdigans bordados<\/strong> ha inundado las colecciones de primavera 2025, transformando esta prenda tradicional en el objeto de deseo m\u00e1s inesperado de la temporada. Con los d\u00edas c\u00e1lidos llegando a Espa\u00f1a, descubramos c\u00f3mo esta pieza, antes asociada con el armario de nuestras abuelas, se ha convertido en el elemento imprescindible para looks frescos y sofisticados que conquistar\u00e1n tus outfits primaverales.<\/p>\n<h2>El renacimiento del \u00abgrandpacore\u00bb: la tendencia que transforma lo vintage en actual<\/h2>\n<p>El estilo \u00abgrandpacore\u00bb ha revolucionado la moda primaveral con c\u00e1rdigans que evocan nostalgia pero con un giro contempor\u00e1neo. Como se\u00f1ala Jeanne Damas, reconocida influencer de moda: \u00ab<strong>Los c\u00e1rdigans bordados son una forma de modernizar un cl\u00e1sico, mezclando la tradici\u00f3n con el estilo contempor\u00e1neo<\/strong>\u00ab. Esta tendencia no solo recupera piezas oversize con aires vintage, sino que las reinventa con detalles artesanales que capturan la esencia de lo atemporal.<\/p>\n<h2>Bordados que cuentan historias: del eyelet a las flores tridimensionales<\/h2>\n<p>Los <strong>bordados artesanales<\/strong> son el alma de esta tendencia, destacando especialmente el bordado ingl\u00e9s o \u00abeyelet\u00bb. \u00abEl bordado ingl\u00e9s es la tendencia rom\u00e1ntica que no sab\u00edas que necesitabas\u00bb, afirma el equipo de Lolitas&#038;L, especialistas en moda femenina. Desde motivos florales delicados hasta patrones geom\u00e9tricos audaces, estos detalles transforman una prenda b\u00e1sica en una declaraci\u00f3n de estilo que combina a la perfecci\u00f3n con <a href=\"https:\/\/www.journee-mondiale.com\/es\/el-corte-que-anade-volumen-en-4-minutos-la-tecnica-olvidada-que-revoluciona-el-verano-sin-productos-caros\/\" target=\"_blank\">cortes de pelo voluminosos<\/a> para un look primaveral completo.<\/p>\n<h2>La paleta crom\u00e1tica: pasteles y neutros que dominan la estaci\u00f3n<\/h2>\n<p>Los tonos que lideran esta tendencia van desde los <strong>suaves pasteles<\/strong> hasta neutros vers\u00e1tiles que combinan con todo. Los azules celestes, rosas empolvados y beiges resultan perfectos para la primavera, mientras que los estampados florales aportan ese toque de frescura que la temporada demanda. Estos colores armonizan especialmente bien con <a href=\"https:\/\/www.journee-mondiale.com\/es\/las-5-bb-creams-que-salvaron-mi-piel-este-verano-probe-24-formulas-y-una-redujo-mis-poros-en-un-35-mi-secreto-para-el-efecto-buena-cara-sin-esfuerzo\/\" target=\"_blank\">BB creams ligeras<\/a> que completan el efecto natural tan buscado esta temporada.<\/p>\n<h2>El arte de las capas: c\u00f3mo lucir tu c\u00e1rdigan bordado con estilo<\/h2>\n<p>Seg\u00fan InStyle, \u00ab<strong>El juego con las capas es tendencia; la chaqueta de punto se lleva sobre vestidos ligeros y pantalones de sastrer\u00eda para un look refinado<\/strong>\u00ab. Los expertos recomiendan estas combinaciones ganadoras:<\/p>\n<ul>\n<li>C\u00e1rdigan largo sobre vestido midi vaporoso con <a href=\"https:\/\/www.journee-mondiale.com\/es\/los-vaqueros-con-bolsillos-xxl-que-revolucionaran-tu-verano-2025-y-como-estilizan-tu-figura-sin-esfuerzo\/\" target=\"_blank\">vaqueros con bolsillos XXL<\/a> para un contraste moderno<\/li>\n<li>Versi\u00f3n crop sobre blusa rom\u00e1ntica y pantal\u00f3n de talle alto<\/li>\n<li>Estilo oversize con minifalda y botines para un look de transici\u00f3n<\/li>\n<\/ul>\n<h2>De las pasarelas a las calles: firmas que lideran la obsesi\u00f3n<\/h2>\n<p>Marcas de lujo como Chanel y Gucci incorporan <strong>c\u00e1rdigans bordados<\/strong> en sus colecciones primavera 2025, mientras firmas espa\u00f1olas como Zara y Massimo Dutti ofrecen versiones accesibles que mantienen la esencia artesanal. Harper&#8217;s Bazaar recomienda: \u00abPara despojar al c\u00e1rdigan de su aspecto retro, comb\u00ednalo con prendas semitransparentes y complementos actuales\u00bb, haciendo que esta prenda sea perfecta junto a <a href=\"https:\/\/www.journee-mondiale.com\/es\/la-transformacion-que-descubri-en-mi-piel-madura-estos-peel-pads-eliminaron-mis-arrugas-finas-en-solo-3-semanas-y-funcionan-mejor-en-verano\/\" target=\"_blank\">una piel radiante<\/a>.<\/p>\n<h2>Accesorios que elevan tu c\u00e1rdigan bordado a otro nivel<\/h2>\n<p>Los <strong>complementos ideales<\/strong> para acompa\u00f1ar esta tendencia incluyen:<\/p>\n<ul>\n<li>Bolsos de rafia o mimbre que refuerzan el aire artesanal<\/li>\n<li>Mocasines chunky para un contraste moderno<\/li>\n<li>Lazos para el pelo que complementan el estilo rom\u00e1ntico<\/li>\n<li>Pa\u00f1uelos de seda anudados al cuello para un toque vintage renovado<\/li>\n<\/ul>\n<h2>\u00bfC\u00f3mo adaptar\u00e1s esta tendencia a tu estilo personal?<\/h2>\n<p>\u00abLa fiebre por los c\u00e1rdigans bordados demuestra que las prendas con historia pueden reinventarse y conquistar nuestros corazones\u00bb, afirma Journaln\u00e8e Mondiale. Esta primavera 2025, los <strong>c\u00e1rdigans bordados<\/strong> no son solo una prenda, sino una declaraci\u00f3n de intenciones que combina lo mejor del pasado con la frescura del presente. Perfectos para complementar <a href=\"https:\/\/www.journee-mondiale.com\/es\/el-nuevo-corte-de-verano-que-multiplica-por-3-el-movimiento-de-tu-melena-y-rejuvenece-al-instante\/\" target=\"_blank\">cortes de pelo din\u00e1micos<\/a>, estos tesoros textiles prometen transformar cualquier look en una expresi\u00f3n de estilo \u00fanico y personal.<\/p>\n","protected":false},"excerpt":{"rendered":"<p>La obsesi\u00f3n con los c\u00e1rdigans bordados ha inundado las colecciones de primavera 2025, transformando esta prenda tradicional en el objeto de deseo m\u00e1s inesperado de la temporada. Con los d\u00edas c\u00e1lidos llegando a Espa\u00f1a, descubramos c\u00f3mo esta pieza, antes asociada con el armario de nuestras abuelas, se ha convertido en el elemento imprescindible para looks &#8230; <a title=\"La obsesi\u00f3n de primavera que nunca imagin\u00e9: por qu\u00e9 los c\u00e1rdigans bordados est\u00e1n revolucionando mi armario (y c\u00f3mo transformar\u00e1n tus looks de 2025)\" class=\"read-more\" href=\"https:\/\/www.journee-mondiale.com\/es\/la-obsesion-de-primavera-que-nunca-imagine-por-que-los-cardigans-bordados-estan-revolucionando-mi-armario-y-como-transformaran-tus-looks-de-2025\/\" aria-label=\"Leer m\u00e1s sobre La obsesi\u00f3n de primavera que nunca imagin\u00e9: por qu\u00e9 los c\u00e1rdigans bordados est\u00e1n revolucionando mi armario (y c\u00f3mo transformar\u00e1n tus looks de 2025)\">Lire plus<\/a><\/p>\n","protected":false},"author":1,"featured_media":13649,"comment_status":"","ping_status":"","sticky":false,"template":"","format":"standard","meta":{"footnotes":""},"categories":[48],"tags":[],"class_list":["post-13650","post","type-post","status-publish","format-standard","has-post-thumbnail","hentry","category-estilo-de-vida"],"acf":[],"_yoast_wpseo_primary_category":null,"_yoast_wpseo_title":null,"_yoast_wpseo_metadesc":null,"_links":{"self":[{"href":"https:\/\/www.journee-mondiale.com\/es\/wp-json\/wp\/v2\/posts\/13650","targetHints":{"allow":["GET"]}}],"collection":[{"href":"https:\/\/www.journee-mondiale.com\/es\/wp-json\/wp\/v2\/posts"}],"about":[{"href":"https:\/\/www.journee-mondiale.com\/es\/wp-json\/wp\/v2\/types\/post"}],"author":[{"embeddable":true,"href":"https:\/\/www.journee-mondiale.com\/es\/wp-json\/wp\/v2\/users\/1"}],"replies":[{"embeddable":true,"href":"https:\/\/www.journee-mondiale.com\/es\/wp-json\/wp\/v2\/comments?post=13650"}],"version-history":[{"count":0,"href":"https:\/\/www.journee-mondiale.com\/es\/wp-json\/wp\/v2\/posts\/13650\/revisions"}],"wp:featuredmedia":[{"embeddable":true,"href":"https:\/\/www.journee-mondiale.com\/es\/wp-json\/wp\/v2\/media\/13649"}],"wp:attachment":[{"href":"https:\/\/www.journee-mondiale.com\/es\/wp-json\/wp\/v2\/media?parent=13650"}],"wp:term":[{"taxonomy":"category","embeddable":true,"href":"https:\/\/www.journee-mondiale.com\/es\/wp-json\/wp\/v2\/categories?post=13650"},{"taxonomy":"post_tag","embeddable":true,"href":"https:\/\/www.journee-mondiale.com\/es\/wp-json\/wp\/v2\/tags?post=13650"}],"curies":[{"name":"wp","href":"https:\/\/api.w.org\/{rel}","templated":true}]}}