{"id":13647,"date":"2025-05-22T19:00:35","date_gmt":"2025-05-22T17:00:35","guid":{"rendered":"https:\/\/www.journee-mondiale.com\/es\/el-corte-que-anade-volumen-en-4-minutos-la-tecnica-olvidada-que-revoluciona-el-verano-sin-productos-caros\/"},"modified":"2025-05-22T19:00:35","modified_gmt":"2025-05-22T17:00:35","slug":"el-corte-que-anade-volumen-en-4-minutos-la-tecnica-olvidada-que-revoluciona-el-verano-sin-productos-caros","status":"publish","type":"post","link":"https:\/\/www.journee-mondiale.com\/es\/el-corte-que-anade-volumen-en-4-minutos-la-tecnica-olvidada-que-revoluciona-el-verano-sin-productos-caros\/","title":{"rendered":"El corte que a\u00f1ade volumen en 4 minutos: la t\u00e9cnica olvidada que revoluciona el verano (sin productos caros)"},"content":{"rendered":"<p>Lleg\u00f3 el verano de 2025 y con \u00e9l, la oportunidad perfecta para renovar tu imagen con un corte corto lleno de personalidad. \u00bfCansada de luchar contra el calor con melenas largas? El <strong>volumen natural<\/strong> en cabello corto se ha convertido en la tendencia m\u00e1s refrescante de la temporada. Descubre c\u00f3mo lograr ese efecto profesional sin salir de casa, con t\u00e9cnicas que realzan tu belleza y simplifican tu rutina diaria.<\/p>\n<h2>La magia de las capas para potenciar el volumen<\/h2>\n<p>El secreto de un corte corto con volumen reside en las capas estrat\u00e9gicas. \u00abLa t\u00e9cnica de <strong>superposici\u00f3n graduada<\/strong> crea la ilusi\u00f3n de densidad incluso en cabellos finos\u00bb, explica Mar\u00eda Jim\u00e9nez, estilista principal de Tendencias Madrid. Para conseguirlo en casa, divide tu cabello en secciones y corta peque\u00f1os mechones a diferentes alturas, manteniendo m\u00e1s longitud en la parte superior.<\/p>\n<p>Recuerdo cuando intent\u00e9 un pixie por primera vez: tem\u00eda parecer un erizo, pero descubr\u00ed que el truco estaba en texturizar solo las puntas. Como dice el refr\u00e1n del mundo de la peluquer\u00eda: \u00abUn buen corte es como una buena arquitectura, todo depende de la estructura\u00bb.<\/p>\n<blockquote><p>El error m\u00e1s com\u00fan es cortar todo a la misma longitud. El volumen natural surge de la contraposici\u00f3n entre zonas m\u00e1s cortas y otras ligeramente m\u00e1s largas\u00bb, afirma Carlos Vidal, director creativo de Belleza Natural.<\/p><\/blockquote>\n<h2>Preparaci\u00f3n imprescindible antes de dar el primer tijeretazo<\/h2>\n<p>Antes de comenzar tu <strong>transformaci\u00f3n capilar<\/strong>, necesitas:<\/p>\n<ul>\n<li>Tijeras profesionales espec\u00edficas para cabello<\/li>\n<li>Pulverizador con agua<\/li>\n<li>Peine de dientes finos y otro de dientes anchos<\/li>\n<li>Espejo adicional para ver la parte trasera<\/li>\n<\/ul>\n<p>El cabello debe estar ligeramente h\u00famedo, nunca empapado. Es como trabajar con arcilla: demasiado seca se quiebra, demasiado mojada pierde forma. La humedad justa facilita un corte preciso y <strong>predecible<\/strong>.<\/p>\n<h2>T\u00e9cnica del punto 90 para volumen instant\u00e1neo<\/h2>\n<p>Una de las t\u00e9cnicas m\u00e1s eficaces es el \u00abpunto 90\u00bb. Consiste en levantar peque\u00f1as secciones de cabello en \u00e1ngulo recto respecto al cuero cabelludo y cortar siguiendo una l\u00ednea diagonal descendente. Esta <strong>angulaci\u00f3n<\/strong> crea volumen natural sin necesidad de productos adicionales.<\/p>\n<p>Mi vecina Sof\u00eda pas\u00f3 de un cabello aplastado a un look con cuerpo incre\u00edble utilizando esta t\u00e9cnica. \u00abEs como darle andamios internos a tu cabello\u00bb, suele decir para explicar c\u00f3mo funciona.<\/p>\n<h2>El secreto del deshilachado para cabello con movimiento<\/h2>\n<p>Para conseguir un acabado profesional, el <strong>deshilachado<\/strong> es fundamental. Sost\u00e9n las tijeras en vertical y realiza peque\u00f1os cortes en las puntas, aproximadamente medio cent\u00edmetro. Esta t\u00e9cnica elimina peso sin acortar demasiado, creando textura y movimiento natural.<\/p>\n<p>Complementa tu nuevo corte con el <a href=\"https:\/\/www.journee-mondiale.com\/es\/el-corte-garcon-que-rejuvenece-7-anos-en-30-minutos-la-revolucion-francesa-que-transforma-madrid-este-verano-2025-2\/\" target=\"_blank\">corte gar\u00e7on que rejuvenece<\/a>, perfecta inspiraci\u00f3n para tu transformaci\u00f3n veraniega.<\/p>\n<h2>Potencia el volumen con estas t\u00e9cnicas de secado<\/h2>\n<p>Para maximizar el volumen despu\u00e9s del corte:<\/p>\n<ul>\n<li>Seca tu cabello con la cabeza hacia abajo<\/li>\n<li>Utiliza un <strong>cepillo redondo<\/strong> para elevar las ra\u00edces<\/li>\n<li>Aplica aire fr\u00edo al final para fijar el volumen<\/li>\n<\/ul>\n<h2>Productos caseros que transforman tu corte<\/h2>\n<p>No necesitas productos caros para mantener tu volumen. Una mezcla de agua con una cucharadita de sal marina crea un <strong>spray texturizador<\/strong> perfecto para dar cuerpo a tu melena corta. Apl\u00edcalo en ra\u00edces h\u00famedas antes de secar.<\/p>\n<p>Si buscas m\u00e1s opciones de estilo con poco mantenimiento, los <a href=\"https:\/\/www.journee-mondiale.com\/es\/los-7-cortes-cortos-que-estan-revolucionando-la-primavera-2025-el-bixie-cambiara-como-ves-tu-melena-para-siempre\/\" target=\"_blank\">7 cortes cortos que est\u00e1n revolucionando la primavera 2025<\/a> te dar\u00e1n ideas frescas.<\/p>\n<h2>Evita estos errores comunes en cortes caseros<\/h2>\n<p>La estilista Laura Mart\u00ednez advierte: \u00abEl mayor error es cortar demasiado de una vez. Ve de menos a m\u00e1s, siempre puedes <strong>recortar<\/strong> m\u00e1s, pero no puedes pegar lo que ya cortaste\u00bb. Comienza con peque\u00f1os ajustes y eval\u00faa constantemente el resultado desde diferentes \u00e1ngulos.<\/p>\n<p>Para quienes tienen rostro redondo, <a href=\"https:\/\/www.journee-mondiale.com\/es\/mi-cambio-radical-con-capas-como-el-78-de-mujeres-elige-mal-su-corte-para-primavera-lo-que-mi-estilista-me-confeso-sobre-rostros-redondos\/\" target=\"_blank\">este art\u00edculo sobre capas estrat\u00e9gicas<\/a> te ayudar\u00e1 a elegir el estilo m\u00e1s favorecedor.<\/p>\n<h2>\u00bfLista para experimentar con tu nuevo look?<\/h2>\n<p>El <a href=\"https:\/\/www.journee-mondiale.com\/es\/el-bob-graduado-que-disminuyo-mi-tiempo-frente-al-espejo-de-45-a-3-minutos-y-por-que-estiliza-mi-cuello-como-ningun-otro-corte\/\" target=\"_blank\">bob graduado<\/a> es otra excelente alternativa si buscas reducir tu tiempo de peinado. Comb\u00ednalo con las t\u00e9cnicas de volumen que has aprendido para un resultado espectacular.<\/p>\n<p>\u00bfY si tu cabello es rizado? Explora c\u00f3mo potenciar tus <a href=\"https:\/\/www.journee-mondiale.com\/es\/rizos-cortos-para-la-revolucion-2025-la-tecnica-de-6-minutos-que-define-cada-espiral-incluso-en-dias-de-90-de-humedad\/\" target=\"_blank\">rizos cortos con esta t\u00e9cnica de 6 minutos<\/a> que complementar\u00e1 perfectamente tu nuevo corte con volumen.<\/p>\n<p>\u00bfTe atrever\u00edas a transformar tu imagen este verano? Recuerda que un corte corto con volumen no es solo una manera de simplificar tu rutina, sino una declaraci\u00f3n de confianza que refleja tu personalidad vibrante y actual. Tu cabello es el marco de tu rostro: dale la estructura que merece.<\/p>\n","protected":false},"excerpt":{"rendered":"<p>Lleg\u00f3 el verano de 2025 y con \u00e9l, la oportunidad perfecta para renovar tu imagen con un corte corto lleno de personalidad. \u00bfCansada de luchar contra el calor con melenas largas? El volumen natural en cabello corto se ha convertido en la tendencia m\u00e1s refrescante de la temporada. Descubre c\u00f3mo lograr ese efecto profesional sin &#8230; <a title=\"El corte que a\u00f1ade volumen en 4 minutos: la t\u00e9cnica olvidada que revoluciona el verano (sin productos caros)\" class=\"read-more\" href=\"https:\/\/www.journee-mondiale.com\/es\/el-corte-que-anade-volumen-en-4-minutos-la-tecnica-olvidada-que-revoluciona-el-verano-sin-productos-caros\/\" aria-label=\"Leer m\u00e1s sobre El corte que a\u00f1ade volumen en 4 minutos: la t\u00e9cnica olvidada que revoluciona el verano (sin productos caros)\">Lire plus<\/a><\/p>\n","protected":false},"author":1,"featured_media":13646,"comment_status":"","ping_status":"","sticky":false,"template":"","format":"standard","meta":{"footnotes":""},"categories":[48],"tags":[],"class_list":["post-13647","post","type-post","status-publish","format-standard","has-post-thumbnail","hentry","category-estilo-de-vida"],"acf":[],"_yoast_wpseo_primary_category":null,"_yoast_wpseo_title":null,"_yoast_wpseo_metadesc":null,"_links":{"self":[{"href":"https:\/\/www.journee-mondiale.com\/es\/wp-json\/wp\/v2\/posts\/13647","targetHints":{"allow":["GET"]}}],"collection":[{"href":"https:\/\/www.journee-mondiale.com\/es\/wp-json\/wp\/v2\/posts"}],"about":[{"href":"https:\/\/www.journee-mondiale.com\/es\/wp-json\/wp\/v2\/types\/post"}],"author":[{"embeddable":true,"href":"https:\/\/www.journee-mondiale.com\/es\/wp-json\/wp\/v2\/users\/1"}],"replies":[{"embeddable":true,"href":"https:\/\/www.journee-mondiale.com\/es\/wp-json\/wp\/v2\/comments?post=13647"}],"version-history":[{"count":0,"href":"https:\/\/www.journee-mondiale.com\/es\/wp-json\/wp\/v2\/posts\/13647\/revisions"}],"wp:featuredmedia":[{"embeddable":true,"href":"https:\/\/www.journee-mondiale.com\/es\/wp-json\/wp\/v2\/media\/13646"}],"wp:attachment":[{"href":"https:\/\/www.journee-mondiale.com\/es\/wp-json\/wp\/v2\/media?parent=13647"}],"wp:term":[{"taxonomy":"category","embeddable":true,"href":"https:\/\/www.journee-mondiale.com\/es\/wp-json\/wp\/v2\/categories?post=13647"},{"taxonomy":"post_tag","embeddable":true,"href":"https:\/\/www.journee-mondiale.com\/es\/wp-json\/wp\/v2\/tags?post=13647"}],"curies":[{"name":"wp","href":"https:\/\/api.w.org\/{rel}","templated":true}]}}