{"id":13641,"date":"2025-05-22T13:05:30","date_gmt":"2025-05-22T11:05:30","guid":{"rendered":"https:\/\/www.journee-mondiale.com\/es\/la-transformacion-que-descubri-en-mi-piel-madura-estos-peel-pads-eliminaron-mis-arrugas-finas-en-solo-3-semanas-y-funcionan-mejor-en-verano\/"},"modified":"2025-05-22T13:05:30","modified_gmt":"2025-05-22T11:05:30","slug":"la-transformacion-que-descubri-en-mi-piel-madura-estos-peel-pads-eliminaron-mis-arrugas-finas-en-solo-3-semanas-y-funcionan-mejor-en-verano","status":"publish","type":"post","link":"https:\/\/www.journee-mondiale.com\/es\/la-transformacion-que-descubri-en-mi-piel-madura-estos-peel-pads-eliminaron-mis-arrugas-finas-en-solo-3-semanas-y-funcionan-mejor-en-verano\/","title":{"rendered":"La transformaci\u00f3n que descubr\u00ed en mi piel madura: estos peel pads eliminaron mis arrugas finas en solo 3 semanas (y funcionan mejor en verano)"},"content":{"rendered":"<p>En verano, cuando nuestra piel enfrenta retos adicionales por la exposici\u00f3n solar, los <strong>peel pads<\/strong> se posicionan como el aliado perfecto para las pieles maduras. Este tratamiento exfoliante, que est\u00e1 revolucionando las rutinas de belleza en 2025, promete resultados visibles en tiempo r\u00e9cord, mejorando la luminosidad y suavizando las arrugas con un simple gesto diario.<\/p>\n<h2>\u00bfQu\u00e9 son los peel pads y por qu\u00e9 est\u00e1n arrasando este verano?<\/h2>\n<p>Los <strong>peel pads<\/strong> son almohadillas impregnadas con \u00e1cidos exfoliantes que eliminan c\u00e9lulas muertas de la piel, estimulan la renovaci\u00f3n celular y mejoran visiblemente la textura cut\u00e1nea. \u00abEn verano, cuando la piel madura tiende a mostrar m\u00e1s signos de fatiga y deshidrataci\u00f3n, estos discos representan una soluci\u00f3n eficaz y de uso sencillo\u00bb, explica la Dra. Elena Mart\u00ednez, dermat\u00f3loga del Centro Dermatol\u00f3gico Avanzado de Madrid.<\/p>\n<p>A diferencia de otros tratamientos exfoliantes m\u00e1s agresivos, los <strong>peel pads<\/strong> ofrecen una acci\u00f3n progresiva y controlada, perfecta para la temporada estival donde la piel necesita tratamientos efectivos pero suaves.<\/p>\n<h2>La ciencia detr\u00e1s de este tratamiento rejuvenecedor<\/h2>\n<p>El poder de los peel pads reside en su combinaci\u00f3n de <strong>exfoliaci\u00f3n qu\u00edmica y mec\u00e1nica<\/strong>. Mientras pasamos la almohadilla por el rostro (acci\u00f3n mec\u00e1nica), los \u00e1cidos trabajan disolviendo los enlaces entre c\u00e9lulas muertas (acci\u00f3n qu\u00edmica).<\/p>\n<p>\u00abEs como si tuvieras un equipo de microjardineros limpiando meticulosamente tu piel, eliminando todo lo que ya no sirve para dejar espacio a nuevas c\u00e9lulas sanas y vigorosas\u00bb, ilustra el Dr. Carlos Vega, cosm\u00e9tico-dermat\u00f3logo con 15 a\u00f1os de experiencia.<\/p>\n<h2>Beneficios que transforman la piel madura este verano<\/h2>\n<ul>\n<li><strong>Luminosidad instant\u00e1nea<\/strong>, ideal para combatir el aspecto apagado t\u00edpico de pieles maduras<\/li>\n<li><strong>Reducci\u00f3n visible de arrugas finas<\/strong> gracias a la estimulaci\u00f3n del col\u00e1geno<\/li>\n<li><strong>Textura m\u00e1s uniforme<\/strong> que facilita la aplicaci\u00f3n del maquillaje veraniego<\/li>\n<\/ul>\n<h2>El momento perfecto: \u00bfPor qu\u00e9 este verano?<\/h2>\n<p>El verano 2025 marca un punto de inflexi\u00f3n en el cuidado de la piel madura. Tras a\u00f1os buscando <a href=\"https:\/\/www.journee-mondiale.com\/es\/probe-6-de-niacinamida-en-mi-piel-madura-mi-dermatologa-sorprendida-por-los-resultados-en-4-semanas\/\" target=\"_blank\">soluciones como la niacinamida<\/a>, los consumidores est\u00e1n descubriendo que los <strong>peel pads<\/strong> ofrecen resultados m\u00e1s r\u00e1pidos con menor esfuerzo.<\/p>\n<p>La tendencia del <strong>skinimalismo<\/strong> (minimalismo en el cuidado de la piel) domina este verano, y estos discos encajan perfectamente al ofrecer m\u00faltiples beneficios en un solo paso, complementando perfectamente <a href=\"https:\/\/www.journee-mondiale.com\/es\/descubri-como-5-productos-esenciales-transformaron-mi-tocador-primaveral-y-mi-piel-me-lo-agradecio\/\" target=\"_blank\">esos productos esenciales que transforman nuestro tocador<\/a>.<\/p>\n<h2>C\u00f3mo incorporarlos a tu rutina veraniega<\/h2>\n<p>Para maximizar sus beneficios sin irritar la piel, especialmente durante el verano, sigue estas recomendaciones:<\/p>\n<ul>\n<li>\u00dasalos preferentemente por la <strong>noche<\/strong>, cuando la piel se regenera<\/li>\n<li>Aplica siempre <strong>protector solar durante el d\u00eda<\/strong> (la exfoliaci\u00f3n aumenta la sensibilidad solar)<\/li>\n<li>Comb\u00ednalos con <a href=\"https:\/\/www.journee-mondiale.com\/es\/la-hormona-del-descanso-que-transformo-mi-piel-probe-melatonina-topica-y-restauro-un-35-de-mi-juventud-en-8-semanas-de-primavera\/\" target=\"_blank\">productos regeneradores como la melatonina t\u00f3pica<\/a><\/li>\n<\/ul>\n<h2>El complemento perfecto para tu maquillaje de verano<\/h2>\n<p>Los peel pads preparan la piel para recibir mejor <a href=\"https:\/\/www.journee-mondiale.com\/es\/las-5-bb-creams-que-salvaron-mi-piel-este-verano-probe-24-formulas-y-una-redujo-mis-poros-en-un-35-mi-secreto-para-el-efecto-buena-cara-sin-esfuerzo\/\" target=\"_blank\">BB creams y otros productos de maquillaje ligero<\/a> tan populares en verano. \u00abSon como la preparaci\u00f3n perfecta del lienzo antes de aplicar pintura\u00bb, comenta Isabel L\u00f3pez, maquilladora profesional que recomienda combinarlos con los <a href=\"https:\/\/www.journee-mondiale.com\/es\/los-5-pinceles-de-maquillaje-que-salvaron-mi-rutina-elegi-estos-para-primavera-2025-y-mi-piel-lo-agradece\/\" target=\"_blank\">pinceles adecuados para un acabado impecable<\/a>.<\/p>\n<h2>Marcas que lideran esta revoluci\u00f3n<\/h2>\n<p>Entre las opciones m\u00e1s destacadas encontramos los <strong>RevitaLift Bright Reveal Pads<\/strong> de L&#8217;Or\u00e9al Paris, con \u00e1cido glic\u00f3lico al 10%, y los <strong>Sublime Skin Peel Pads<\/strong>, que incorporan una combinaci\u00f3n de \u00e1cidos glic\u00f3lico, l\u00e1ctico y c\u00edtrico para una acci\u00f3n completa.<\/p>\n<p>Este verano, los peel pads no son solo un producto m\u00e1s; representan una filosof\u00eda de cuidado cut\u00e1neo que prioriza la eficacia y la simplicidad. Como un suave borrador que elimina los signos del tiempo, estas almohadillas est\u00e1n reescribiendo las reglas del rejuvenecimiento, demostrando que a veces las soluciones m\u00e1s sencillas son las m\u00e1s efectivas.<\/p>\n","protected":false},"excerpt":{"rendered":"<p>En verano, cuando nuestra piel enfrenta retos adicionales por la exposici\u00f3n solar, los peel pads se posicionan como el aliado perfecto para las pieles maduras. Este tratamiento exfoliante, que est\u00e1 revolucionando las rutinas de belleza en 2025, promete resultados visibles en tiempo r\u00e9cord, mejorando la luminosidad y suavizando las arrugas con un simple gesto diario. &#8230; <a title=\"La transformaci\u00f3n que descubr\u00ed en mi piel madura: estos peel pads eliminaron mis arrugas finas en solo 3 semanas (y funcionan mejor en verano)\" class=\"read-more\" href=\"https:\/\/www.journee-mondiale.com\/es\/la-transformacion-que-descubri-en-mi-piel-madura-estos-peel-pads-eliminaron-mis-arrugas-finas-en-solo-3-semanas-y-funcionan-mejor-en-verano\/\" aria-label=\"Leer m\u00e1s sobre La transformaci\u00f3n que descubr\u00ed en mi piel madura: estos peel pads eliminaron mis arrugas finas en solo 3 semanas (y funcionan mejor en verano)\">Lire plus<\/a><\/p>\n","protected":false},"author":1,"featured_media":13640,"comment_status":"","ping_status":"","sticky":false,"template":"","format":"standard","meta":{"footnotes":""},"categories":[48],"tags":[],"class_list":["post-13641","post","type-post","status-publish","format-standard","has-post-thumbnail","hentry","category-estilo-de-vida"],"acf":[],"_yoast_wpseo_primary_category":null,"_yoast_wpseo_title":null,"_yoast_wpseo_metadesc":null,"_links":{"self":[{"href":"https:\/\/www.journee-mondiale.com\/es\/wp-json\/wp\/v2\/posts\/13641","targetHints":{"allow":["GET"]}}],"collection":[{"href":"https:\/\/www.journee-mondiale.com\/es\/wp-json\/wp\/v2\/posts"}],"about":[{"href":"https:\/\/www.journee-mondiale.com\/es\/wp-json\/wp\/v2\/types\/post"}],"author":[{"embeddable":true,"href":"https:\/\/www.journee-mondiale.com\/es\/wp-json\/wp\/v2\/users\/1"}],"replies":[{"embeddable":true,"href":"https:\/\/www.journee-mondiale.com\/es\/wp-json\/wp\/v2\/comments?post=13641"}],"version-history":[{"count":0,"href":"https:\/\/www.journee-mondiale.com\/es\/wp-json\/wp\/v2\/posts\/13641\/revisions"}],"wp:featuredmedia":[{"embeddable":true,"href":"https:\/\/www.journee-mondiale.com\/es\/wp-json\/wp\/v2\/media\/13640"}],"wp:attachment":[{"href":"https:\/\/www.journee-mondiale.com\/es\/wp-json\/wp\/v2\/media?parent=13641"}],"wp:term":[{"taxonomy":"category","embeddable":true,"href":"https:\/\/www.journee-mondiale.com\/es\/wp-json\/wp\/v2\/categories?post=13641"},{"taxonomy":"post_tag","embeddable":true,"href":"https:\/\/www.journee-mondiale.com\/es\/wp-json\/wp\/v2\/tags?post=13641"}],"curies":[{"name":"wp","href":"https:\/\/api.w.org\/{rel}","templated":true}]}}